{"id":810,"date":"2011-11-14T02:28:46","date_gmt":"2011-11-14T02:28:46","guid":{"rendered":"http:\/\/obispadodelinares.cl\/ol\/?p=810"},"modified":"2018-01-28T02:34:05","modified_gmt":"2018-01-28T02:34:05","slug":"despidiendo-a-un-gran-sacerdote-y-amigo-padre-rene-gonzalez","status":"publish","type":"post","link":"https:\/\/obispadodelinares.cl\/ol\/?p=810","title":{"rendered":"Despidiendo a un gran sacerdote y amigo, Padre Ren\u00e9 Gonz\u00e1lez"},"content":{"rendered":"<p><span class=\"epigrafe\">Multitudinaria despedida a un gran hombre, que con trabajo, dedicaci\u00f3n y perseverancia supo ganarse el cari\u00f1o y el respeto de tanta gente que quiso darle el \u00faltimo adi\u00f3s al querido Padre Jorge Ren\u00e9<\/span><\/p>\n<hr \/>\n<p><span class=\"\"><a href=\"http:\/\/galerias.iglesia.cl\/Gale_4ec25536df604\/Gale4ec25536e079f_15112011_904am.jpg\"><img fetchpriority=\"high\" decoding=\"async\" class=\"alignleft \" src=\"http:\/\/galerias.iglesia.cl\/Gale_4ec25536df604\/Gale4ec25536e079f_15112011_904am.jpg\" width=\"359\" height=\"269\" \/><\/a>Parral y Retiro se vistieron de luto, pues sus autoridades decretaron duelo comunal en honor a este gran hombre que acompa\u00f1\u00f3 con la Palabra de Dios a tantas generaciones, esto qued\u00f3 demostrado en innumerables muestras de gratitud: adultos mayores, ni\u00f1os y j\u00f3venes, le despidieron.<br \/>\nDesde su deceso el mi\u00e9rcoles 9 de noviembre, se realizaron misas en su memoria, en la Parroquia San Jos\u00e9 de Parral, en las que participaron delegaciones de diversas comunidades y agrupaciones, en todo momento su f\u00e9retro fue muy bien acompa\u00f1ado.<br \/>\n<a href=\"http:\/\/galerias.iglesia.cl\/Gale_4ec25536df604\/Gale4ec25536e0c13_15112011_904am.jpg\"><img decoding=\"async\" class=\"alignright lazyload\" data-src=\"http:\/\/galerias.iglesia.cl\/Gale_4ec25536df604\/Gale4ec25536e0c13_15112011_904am.jpg\" width=\"331\" height=\"248\" src=\"data:image\/svg+xml;base64,PHN2ZyB3aWR0aD0iMSIgaGVpZ2h0PSIxIiB4bWxucz0iaHR0cDovL3d3dy53My5vcmcvMjAwMC9zdmciPjwvc3ZnPg==\" style=\"--smush-placeholder-width: 331px; --smush-placeholder-aspect-ratio: 331\/248;\" \/><\/a><br \/>\nEl jueves, a las 16 horas, en una Eucarist\u00eda presidida por Monse\u00f1or Tomislav Koljatic y concelebrada por Mons. Carlos Camus, el Clero diocesano y sacerdotes de Talca, fue despedido el querido P. Ren\u00e9, luego de la Acci\u00f3n de gracias su cuerpo fue escoltado en procesi\u00f3n, por el Obispo Diocesano, sus hermanos sacerdotes y la multitud de fieles hasta el Cementerio San Jos\u00e9 de Parral.<br \/>\nEn el Campo Sacro, comunidades y agrupaciones hicieron su homenaje de despedida, destacando la figura del P. Ren\u00e9 y la huella que dej\u00f3 en tantos corazones.<\/p>\n<p>La Comunidad Parroquial de Camelias y San Jos\u00e9, Comunidad Sacerdotal de Parroquia San Jos\u00e9, y familia, agradecen condolencias recibidas.<br \/>\n<a href=\"http:\/\/galerias.iglesia.cl\/Gale_4ec25536df604\/Gale4ec25536e1927_15112011_904am.jpg\"><img decoding=\"async\" class=\"alignleft lazyload\" data-src=\"http:\/\/galerias.iglesia.cl\/Gale_4ec25536df604\/Gale4ec25536e1927_15112011_904am.jpg\" width=\"296\" height=\"222\" src=\"data:image\/svg+xml;base64,PHN2ZyB3aWR0aD0iMSIgaGVpZ2h0PSIxIiB4bWxucz0iaHR0cDovL3d3dy53My5vcmcvMjAwMC9zdmciPjwvc3ZnPg==\" style=\"--smush-placeholder-width: 296px; --smush-placeholder-aspect-ratio: 296\/222;\" \/><\/a><br \/>\nDestacamos algunos de los muchos testimonios que pudimos conocer:<br \/>\nAng\u00e9lica Vivanco, joven de Parral, se\u00f1al\u00f3: \u201cSin duda que estamos muy tristes y sorprendidos, hace poquitos d\u00edas lo vimos y andaba re bien, eso dijo. Ahora tener que despedirlo, nos apena pues \u00e9l marc\u00f3 la vida de muchos, en lo personal, siento que nos criamos vi\u00e9ndole a \u00e9l. Siempre con una sonrisa y una tallar para alegrarnos. No me cabe duda que hoy, el querido Tata Ren\u00e9, ya goza junto a su amado Se\u00f1or\u201d.<\/p>\n<p>Jimmy Alex Molina Verdugo, joven de Constituci\u00f3n: \u201cUn gran sacerdote es el que nos deja&#8230;que lamentable noticia, tuve la grata oportunidad de compartir junto a \u00e9l durante las misiones vocacionales en Las Camelias&#8230; espero que su testimonio de vida siembre esperanza en todos los que fuimos testigos de su presencia&#8230;\u201d<\/p>\n<p>Padre Luis Humberto Alarc\u00f3n, p\u00e1rroco de San Francisco en Cauquenes: \u201cHa partido un gran sacerdote y amigo, luego de ejercer por muchos a\u00f1os su sacerdocio al servicio de Dios y de la Iglesia. Le conoc\u00ed muy de cerca, y siempre fue muy atento con sus hermanos curas, una sonrisa siempre atenta. Seguimos rezando para que el Se\u00f1or lo tenga en su santo Reino. Padre Ren\u00e9 descanse en Paz\u201d.<\/p>\n<p>Padre Hern\u00e1n Villalobos, Sacerdote nacido en Copihue, Parral y actualmente vive en M\u00e9rida, M\u00e9xico. Gracias a las redes sociales nos hizo llegar su testimonio, el cual fue le\u00eddo en la Misa de despedida del P. Ren\u00e9.<br \/>\nEso eras\u2026 Un Sacerdote.<\/p>\n<p>Uno que ofrec\u00eda su vida por dar a la gente lo que necesitaba, no lo que la gente quer\u00eda, aunque a veces ced\u00edas a sus caprichos y triqui\u00f1uelas por obtener de ti, lo que no quer\u00edas dar.<\/p>\n<p>En tus mejores tiempos de lucidez intelectual y en tu soledad comunicacional (nadie sab\u00eda lo que Ren\u00e9 iba a decir), me lo presentaron, me impresion\u00f3 su capacidad de llegar a la gente, su alegr\u00eda e intuici\u00f3n para conocerla.<\/p>\n<p>Su imaginaci\u00f3n, sin l\u00edmites, al punto de rayar en las elucubraciones m\u00e1s extremas y a veces ficticias de un mundo futuro, que en algunos casos, en varios casos\u2026 acert\u00f3.<\/p>\n<p>Recuerdo c\u00f3mo viendo televisi\u00f3n, a los j\u00f3venes de \u00e9se tiempo, nos hac\u00eda percibir por medio de capciosas preguntas, detalles que har\u00edan buscar un sentido insospechado a pel\u00edculas desabridas y tediosas de la poca oferta de la televisi\u00f3n de la \u00e9poca.<\/p>\n<p>Ansioso siempre de conocer y leer lo que estaba a la vanguardia, qu\u00e9 l\u00e1stima que llegaste antes y el mundo cibern\u00e9tico te encontr\u00f3 cansado y sin vista.<\/p>\n<p>Parral y Camelias, fueron tus amores\u2026 la cordillera y el \u2018pueulo\u2019 como lo llamabas. Con aire de gran se\u00f1or por la altura de tu porte y la dignidad de tu saludo, los grandes pl\u00e1tanos orientales de la Plaza te vieron atravesar al Liceo para dar tus clases y a tus deberes c\u00edvicos. Antes de decirte lo que quer\u00edamos ya lo intu\u00edan tus ojos siempre grandes y atentos a todo movimiento a tu alrededor.<\/p>\n<p>Nunca supimos por qu\u00e9, a veces tanto silencio\u2026 te incomodaban y te hac\u00edan empeque\u00f1ecer como un ni\u00f1o, un abrazo o un gesto de cari\u00f1o. Lo que si nos qued\u00f3 claro: eras un Sacerdote.<\/p>\n<p>El \u201cSe\u00f1or Gonz\u00e1lez\u201d te pidi\u00f3 ir al seminario?, pregunt\u00f3 mi padre en 1972\u2026 Anda\u2026, \u00e9l es un hombre bueno, yo te autorizo. As\u00ed comenc\u00e9 a conocer el mundo eclesial.<\/p>\n<p>Hoy ya partes al encuentro de tu Se\u00f1or que tanto buscaste y amaste, \u00c9l sabr\u00e1 recompensarte, lo que nosotros ni pudimos suficientemente \u201cEntra en el gozo de tu Se\u00f1or, siervo bueno y fiel, no hiciste nada m\u00e1s que lo que ten\u00edas que hacer\u201d (Cf. Mt.25, 21)<\/span><\/p>\n<p><a href=\"http:\/\/galerias.iglesia.cl\/Gale_4ec25536df604\/Gale4ec25536dfe56_15112011_904am.jpg\"><img decoding=\"async\" class=\"aligncenter size-medium lazyload\" data-src=\"http:\/\/galerias.iglesia.cl\/Gale_4ec25536df604\/Gale4ec25536dfe56_15112011_904am.jpg\" width=\"600\" height=\"450\" src=\"data:image\/svg+xml;base64,PHN2ZyB3aWR0aD0iMSIgaGVpZ2h0PSIxIiB4bWxucz0iaHR0cDovL3d3dy53My5vcmcvMjAwMC9zdmciPjwvc3ZnPg==\" style=\"--smush-placeholder-width: 600px; --smush-placeholder-aspect-ratio: 600\/450;\" \/><\/a><\/p>\n","protected":false},"excerpt":{"rendered":"<p>Multitudinaria despedida a un gran hombre, que con trabajo, dedicaci\u00f3n y perseverancia supo ganarse el cari\u00f1o y el respeto de tanta gente que quiso darle el \u00faltimo adi\u00f3s al querido Padre Jorge Ren\u00e9 Parral y Retiro se vistieron de luto, pues sus autoridades decretaron duelo comunal en honor a este gran hombre que acompa\u00f1\u00f3 con [&hellip;]<\/p>\n","protected":false},"author":1,"featured_media":811,"comment_status":"open","ping_status":"open","sticky":false,"template":"","format":"standard","meta":{"h5ap_radio_sources":[],"footnotes":""},"categories":[49,61],"tags":[63,43],"class_list":["post-810","post","type-post","status-publish","format-standard","has-post-thumbnail","hentry","category-49","category-sacerdotes","tag-parral","tag-parroquias"],"_links":{"self":[{"href":"https:\/\/obispadodelinares.cl\/ol\/index.php?rest_route=\/wp\/v2\/posts\/810","targetHints":{"allow":["GET"]}}],"collection":[{"href":"https:\/\/obispadodelinares.cl\/ol\/index.php?rest_route=\/wp\/v2\/posts"}],"about":[{"href":"https:\/\/obispadodelinares.cl\/ol\/index.php?rest_route=\/wp\/v2\/types\/post"}],"author":[{"embeddable":true,"href":"https:\/\/obispadodelinares.cl\/ol\/index.php?rest_route=\/wp\/v2\/users\/1"}],"replies":[{"embeddable":true,"href":"https:\/\/obispadodelinares.cl\/ol\/index.php?rest_route=%2Fwp%2Fv2%2Fcomments&post=810"}],"version-history":[{"count":0,"href":"https:\/\/obispadodelinares.cl\/ol\/index.php?rest_route=\/wp\/v2\/posts\/810\/revisions"}],"wp:featuredmedia":[{"embeddable":true,"href":"https:\/\/obispadodelinares.cl\/ol\/index.php?rest_route=\/wp\/v2\/media\/811"}],"wp:attachment":[{"href":"https:\/\/obispadodelinares.cl\/ol\/index.php?rest_route=%2Fwp%2Fv2%2Fmedia&parent=810"}],"wp:term":[{"taxonomy":"category","embeddable":true,"href":"https:\/\/obispadodelinares.cl\/ol\/index.php?rest_route=%2Fwp%2Fv2%2Fcategories&post=810"},{"taxonomy":"post_tag","embeddable":true,"href":"https:\/\/obispadodelinares.cl\/ol\/index.php?rest_route=%2Fwp%2Fv2%2Ftags&post=810"}],"curies":[{"name":"wp","href":"https:\/\/api.w.org\/{rel}","templated":true}]}}