{"id":806,"date":"2011-11-09T02:24:53","date_gmt":"2011-11-09T02:24:53","guid":{"rendered":"http:\/\/obispadodelinares.cl\/ol\/?p=806"},"modified":"2018-01-28T02:28:32","modified_gmt":"2018-01-28T02:28:32","slug":"fallecio-padre-rene-gonzalez-villalobos","status":"publish","type":"post","link":"https:\/\/obispadodelinares.cl\/ol\/?p=806","title":{"rendered":"Falleci\u00f3 Padre Ren\u00e9 Gonz\u00e1lez Villalobos"},"content":{"rendered":"<p><span class=\"epigrafe\">A los 80 a\u00f1os de edad y 53 de vida religiosa, falleci\u00f3 el Padre Jorge Ren\u00e9 Gonz\u00e1lez Villalobos, P\u00e1rroco de San Sebasti\u00e1n de Los Cuarteles, en Parral. Su deceso se produjo este mi\u00e9rcoles 9<\/span><\/p>\n<hr \/>\n<p><span class=\"\">En el marco de la XXVIII Asamblea Sinodal, del a\u00f1o 2008, la Di\u00f3cesis celebr\u00f3 los 50 a\u00f1os de vida consagrada del P. Ren\u00e9, momento en que sus hermanos sacerdote y los agentes pastorales que participaban en el S\u00ednodo, expresaron su cari\u00f1o, gratitud y admiraci\u00f3n por un hombre que entreg\u00f3 su vida al servicio del Pueblo de Dios.<\/span><\/p>\n<p>En el archivo del Peri\u00f3dico Buena Nueva encontramos la entrevista que en esa ocasi\u00f3n nos dio y donde se refleja muy bien lo que fue su vida, hoy compartimos esa entrevista:<\/p>\n<p>Durante estos 50 a\u00f1os, numerosas han sido las labores desempe\u00f1adas por el P. Ren\u00e9, destacados homenajes recibi\u00f3 en los Colegios San Jos\u00e9 de Parral y san Javier, donde su huella a\u00fan es visible en las nuevas generaciones. Su misi\u00f3n sacerdotal ha sido ense\u00f1ar, conducir y santificar el Pueblo de Dios.<\/p>\n<p>Al ser consultado por lo vivido en estos a\u00f1os, muy sonriente respondi\u00f3: \u201cHa sido un largo camino, con muchas variantes. Momentos muy gratos e intensos, pero tambi\u00e9n ha habido tiempos dif\u00edciles que sobrellevar, especialmente en este \u00faltimo tiempo por motivos de salud\u201d.<\/p>\n<p>Cual fue la motivaci\u00f3n de sus primeros a\u00f1os: \u201cUuuy, el ideal de todo joven que cree que puede hacer grandes cosas. Pero en realidad, se va aprendiendo con la misma gente que a uno le toca conocer, siempre tratando de hacerlo lo mejor posible. Imag\u00ednate cu\u00e1ntos cambios ha sufrido la misma Iglesia en 50 a\u00f1os, grandes cambios, pero con la ayuda de Dios que nos llam\u00f3 esos cambios tambi\u00e9n se asumen y seguimos avanzando\u201d<\/p>\n<p>Por parte de su familia, \u00bffue bien recibida esta noticia de ir al Seminario y ser sacerdote? \u201cEn realidad la principio, a mi madre no le gust\u00f3 mucho la idea, pero mi abuela rezaba tanto por m\u00ed y mi vocaci\u00f3n que todo se dio muy bien y sin problemas, la familia en general me apoy\u00f3\u201d.<\/p>\n<p>\u00bfCu\u00e1les ser\u00edan sus grandes alegr\u00edas?<\/p>\n<p>\u201cMirar al pasado y sentir que hice lo que pude y con alegr\u00eda, y si tuviera que volver a elegir, volver\u00eda a lo mismo, a recorrer lo andado y por supuesto tratando de hacerlo mejor a\u00fan. Pero es tanto lo que el Se\u00f1or me ha dado, que no dudar\u00eda en volver a decir S\u00cd, aqu\u00ed estoy Se\u00f1or, cuenta conmigo\u201d.<\/p>\n<p>Muchas son las comunidades, parroquias y capillas donde ha estado, \u00bfC\u00f3mo le gustar\u00eda ser recordado? \u201cSiempre me ha caracterizado la sonrisa\u2026 me gustar\u00eda que dijeran \u2013ahh, el padres Ren\u00e9, el de la sonrisa \u2013 significar\u00eda que pude transmitir mi misi\u00f3n con alegr\u00eda, guiado por el se\u00f1or que da la vida\u201d.<\/p>\n<p>En todas las comunidades se reza por las vocaciones, \u00bfQu\u00e9 les dir\u00eda a tantos j\u00f3venes que sienten el llamado del Se\u00f1or? \u201cLos j\u00f3venes de hoy est\u00e1n viviendo una \u00e9poca mucho m\u00e1s medi\u00e1tica, con tanta tecnolog\u00eda a su disposici\u00f3n. Les dir\u00eda, sin miedo, es el Se\u00f1or quien llama a sus servidores, \u00e9l es el que da la fuerza, la creatividad y la energ\u00eda para acompa\u00f1ar a nuestras comunidades. Respondan sin miedo, sin temores con un s\u00ed rotundo\u201d.<\/p>\n<p><a href=\"http:\/\/galerias.iglesia.cl\/Gale_4ebaae3e53d8e\/Gale4ebaae3e55329_09112011_145pm.jpg\"><img fetchpriority=\"high\" decoding=\"async\" class=\"alignleft \" src=\"http:\/\/galerias.iglesia.cl\/Gale_4ebaae3e53d8e\/Gale4ebaae3e55329_09112011_145pm.jpg\" width=\"340\" height=\"255\" \/><\/a>En sus 50 a\u00f1os de sacerdocio, vimos al P. Ren\u00e9 con la madurez de la vida, con una mirada profunda, serena y siempre con alegr\u00eda a flor de labios.<\/p>\n<p>Hay muchos senderos que llevan a los pueblos, parroquias y capillas, hay colegios, hay familias, hay miles de hermanos y hermanas hambrientos de la Palabra de Vida\u2026 \u00bfQui\u00e9n dir\u00e1 \u201cse\u00f1or, cuenta conmigo, como lo hizo el P. Ren\u00e9?&#8230; Hay un camino que emprender, quiz\u00e1 el testimonio de este querido sacerdote y amigo nos ayude. P. Jorge Ren\u00e9 Gonz\u00e1lez Villalobos, su misi\u00f3n est\u00e1 cumplida y con creces. Es el Se\u00f1or quien lo volvi\u00f3 a llamar, ahora junto a \u00c9l. Descanse en paz.<\/p>\n<p>Breve biograf\u00eda:<\/p>\n<p>El P. Jorge Ren\u00e9, naci\u00f3 en san Javier, el 20 de septiembre de 1931, sus padres fueron Jos\u00e9 An\u00edbal y Delia Rosa. Sus estudios primarios los realiz\u00f3 en la Escuela de San Javier, desde 1\u00b0 a 6\u00b0 preparatoria.<\/p>\n<p>Sus estudios secundarios: En el Instituto Linares: 1\u00b0, 2\u00b0 y 3\u00b0 Humanidades. En el Seminario Menor-Talca, 1947 a 1948, curs\u00f3 4\u00b0, 5\u00b0 y 6\u00b0 Hdes. En el Seminario Menor de Santiago de 1949 a 1951.<\/p>\n<p>Curriculum filos\u00f3fico &#8211; teol\u00f3gico: Santiago 1952 a 1953. Facultad de Teolog\u00eda Universidad Cat\u00f3lica de Santiago. 1954 &#8211; 1957. A\u00f1o Pastoral 1958, Santiago, Seminario Pontificio.<br \/>\nFue ordenado sacerdote el 20 de septiembre de 1958 y cant\u00f3 su primera misa en San Javier el 21 de septiembre de 1958.<\/p>\n<p>Durante estos 53 a\u00f1os de consagraci\u00f3n sacerdotal desempe\u00f1\u00f3 diversos cargos en la Di\u00f3cesis de Linares, entre los que destacamos:<\/p>\n<p>Vicario Cooperador de San Javier, Cauquenes y Parral. Vicerrector y Fundador del Convictorio diocesano (1960). Capell\u00e1n del Hospital de San Javier y Parral. Capell\u00e1n en la C\u00e1rcel de Linares. Encargado de Migraci\u00f3n en la Di\u00f3cesis. Asesor Diocesano de J.O.C. Profesor de Religi\u00f3n en las Escuelas de San Javier, Parral y en los Liceos de Linares, Cauquenes y Parral.<br \/>\nDesarroll\u00f3 su misi\u00f3n pastoral, como P\u00e1rroco, Vicario Cooperador y Asesor en las parroquias de San Francisco Javier y La Merced en San Javier; San Pedro de Cauquenes; San Jos\u00e9 de Parral y su \u00faltima parroquia San Sebasti\u00e1n de Los Cuarteles de Parral.<\/p>\n<p>Misas por el deceso del P. Ren\u00e9 Gonz\u00e1lez Villalobos&#8230;<\/p>\n<p>Hoy, mi\u00e9rcoles 9 de Nov., se celebrar\u00e1 una misa por su descanso, a las 20:00 horas en la parroquia San Jose. Jueves 10 de Nov., Misas a las 7:30 y 11:00 Hrs. MISA F\u00daNEBRE, a las 16:00 Hrs. luego sus restos ser\u00e1n llevados al Cementerio Parroquial, San Jos\u00e9 de Parral. La Iglesia diocesana agradece las condolencias recibidas y las innumerables muestras de cari\u00f1o y gratitud que han llegado desde diversos rincones.<\/p>\n","protected":false},"excerpt":{"rendered":"<p>A los 80 a\u00f1os de edad y 53 de vida religiosa, falleci\u00f3 el Padre Jorge Ren\u00e9 Gonz\u00e1lez Villalobos, P\u00e1rroco de San Sebasti\u00e1n de Los Cuarteles, en Parral. Su deceso se produjo este mi\u00e9rcoles 9 En el marco de la XXVIII Asamblea Sinodal, del a\u00f1o 2008, la Di\u00f3cesis celebr\u00f3 los 50 a\u00f1os de vida consagrada del [&hellip;]<\/p>\n","protected":false},"author":1,"featured_media":807,"comment_status":"open","ping_status":"open","sticky":false,"template":"","format":"standard","meta":{"h5ap_radio_sources":[],"footnotes":""},"categories":[49,61],"tags":[],"class_list":["post-806","post","type-post","status-publish","format-standard","has-post-thumbnail","hentry","category-49","category-sacerdotes"],"_links":{"self":[{"href":"https:\/\/obispadodelinares.cl\/ol\/index.php?rest_route=\/wp\/v2\/posts\/806","targetHints":{"allow":["GET"]}}],"collection":[{"href":"https:\/\/obispadodelinares.cl\/ol\/index.php?rest_route=\/wp\/v2\/posts"}],"about":[{"href":"https:\/\/obispadodelinares.cl\/ol\/index.php?rest_route=\/wp\/v2\/types\/post"}],"author":[{"embeddable":true,"href":"https:\/\/obispadodelinares.cl\/ol\/index.php?rest_route=\/wp\/v2\/users\/1"}],"replies":[{"embeddable":true,"href":"https:\/\/obispadodelinares.cl\/ol\/index.php?rest_route=%2Fwp%2Fv2%2Fcomments&post=806"}],"version-history":[{"count":0,"href":"https:\/\/obispadodelinares.cl\/ol\/index.php?rest_route=\/wp\/v2\/posts\/806\/revisions"}],"wp:featuredmedia":[{"embeddable":true,"href":"https:\/\/obispadodelinares.cl\/ol\/index.php?rest_route=\/wp\/v2\/media\/807"}],"wp:attachment":[{"href":"https:\/\/obispadodelinares.cl\/ol\/index.php?rest_route=%2Fwp%2Fv2%2Fmedia&parent=806"}],"wp:term":[{"taxonomy":"category","embeddable":true,"href":"https:\/\/obispadodelinares.cl\/ol\/index.php?rest_route=%2Fwp%2Fv2%2Fcategories&post=806"},{"taxonomy":"post_tag","embeddable":true,"href":"https:\/\/obispadodelinares.cl\/ol\/index.php?rest_route=%2Fwp%2Fv2%2Ftags&post=806"}],"curies":[{"name":"wp","href":"https:\/\/api.w.org\/{rel}","templated":true}]}}