{"id":804,"date":"2011-11-08T02:21:13","date_gmt":"2011-11-08T02:21:13","guid":{"rendered":"http:\/\/obispadodelinares.cl\/ol\/?p=804"},"modified":"2018-01-28T02:24:32","modified_gmt":"2018-01-28T02:24:32","slug":"inicio-mes-de-maria-juvenil-2011","status":"publish","type":"post","link":"https:\/\/obispadodelinares.cl\/ol\/?p=804","title":{"rendered":"Inicio Mes de Mar\u00eda Juvenil 2011"},"content":{"rendered":"<p>En la Iglesia Catedral, j\u00f3venes de diversos Colegios de la Provincia de Linares, se dieron cita para iniciar juntos el Mes de Mar\u00eda Juvenil. Acompa\u00f1ado por la Banda del Liceo Juan de Dios Puga de Yerbas Buenas.<\/p>\n<hr \/>\n<p>El martes 8 de noviembre, a las 10:00 Hrs. en la Iglesia Catedral, se dio inicio al Mes de Mar\u00eda Juvenil 2011. En esta hermosa Eucarist\u00eda, participaron delegaciones de todos los Colegios Cat\u00f3licos de Linares.<br \/>\nAntes de comenzar la Eucarist\u00eda, ene l frontis del Templo, la Banda Juvenil del Colegio, Juan de Dios Puga de Yerbas Buenas, rindi\u00f3 un hermoso homenaje a la Sant\u00edsima Virgen, entonando diversos acordes que cautivaron a los transe\u00fantes que a esa pasaban por la Plaza de Armas y a los alumnos.<br \/>\nLa Eucarist\u00eda fue presidida por Monse\u00f1or Tomislav Koljatic y concelebrada por el P. Juan Pinto y el P. Jes\u00fas Rojas.<br \/>\nEl Pastor destac\u00f3 la masiva asistencia e inter\u00e9s de los j\u00f3venes por comenzar juntos la celebraci\u00f3n del Mes de Mar\u00eda.<br \/>\nAl momento del Ofertorio, cada Colegio llev\u00f3 hasta el altar, unos rosarios misioneros, representando en sus colores a los cinco contentes. Al Concluir la Eucarist\u00eda, cada Colegio recibi\u00f3 este rosario, como signo de env\u00edo y los llev\u00f3 hasta sus Establecimientos, para celebrar all\u00ed durante el resto del Mes a la Sant\u00edsima Virgen Mar\u00eda, modelo de verdaderos Disc\u00edpulos Misioneros.<br \/>\nFelicitamos en esta ocasi\u00f3n al hermoso coro, que integraron alumnas y docentes de los Colegios Providencia y Colegio san Miguel de Linares, as\u00ed como tambi\u00e9n se agradeci\u00f3 a la Banda del Liceo Juan de Dios Puga.<\/p>\n","protected":false},"excerpt":{"rendered":"<p>En la Iglesia Catedral, j\u00f3venes de diversos Colegios de la Provincia de Linares, se dieron cita para iniciar juntos el Mes de Mar\u00eda Juvenil. Acompa\u00f1ado por la Banda del Liceo Juan de Dios Puga de Yerbas Buenas. El martes 8 de noviembre, a las 10:00 Hrs. en la Iglesia Catedral, se dio inicio al Mes [&hellip;]<\/p>\n","protected":false},"author":1,"featured_media":0,"comment_status":"open","ping_status":"open","sticky":false,"template":"","format":"standard","meta":{"h5ap_radio_sources":[],"footnotes":""},"categories":[49,48],"tags":[52,23,40],"class_list":["post-804","post","type-post","status-publish","format-standard","hentry","category-49","category-educacion","tag-eucaristia","tag-pastoral-escolar","tag-virgen"],"_links":{"self":[{"href":"https:\/\/obispadodelinares.cl\/ol\/index.php?rest_route=\/wp\/v2\/posts\/804","targetHints":{"allow":["GET"]}}],"collection":[{"href":"https:\/\/obispadodelinares.cl\/ol\/index.php?rest_route=\/wp\/v2\/posts"}],"about":[{"href":"https:\/\/obispadodelinares.cl\/ol\/index.php?rest_route=\/wp\/v2\/types\/post"}],"author":[{"embeddable":true,"href":"https:\/\/obispadodelinares.cl\/ol\/index.php?rest_route=\/wp\/v2\/users\/1"}],"replies":[{"embeddable":true,"href":"https:\/\/obispadodelinares.cl\/ol\/index.php?rest_route=%2Fwp%2Fv2%2Fcomments&post=804"}],"version-history":[{"count":0,"href":"https:\/\/obispadodelinares.cl\/ol\/index.php?rest_route=\/wp\/v2\/posts\/804\/revisions"}],"wp:attachment":[{"href":"https:\/\/obispadodelinares.cl\/ol\/index.php?rest_route=%2Fwp%2Fv2%2Fmedia&parent=804"}],"wp:term":[{"taxonomy":"category","embeddable":true,"href":"https:\/\/obispadodelinares.cl\/ol\/index.php?rest_route=%2Fwp%2Fv2%2Fcategories&post=804"},{"taxonomy":"post_tag","embeddable":true,"href":"https:\/\/obispadodelinares.cl\/ol\/index.php?rest_route=%2Fwp%2Fv2%2Ftags&post=804"}],"curies":[{"name":"wp","href":"https:\/\/api.w.org\/{rel}","templated":true}]}}