{"id":802,"date":"2011-11-08T02:13:51","date_gmt":"2011-11-08T02:13:51","guid":{"rendered":"http:\/\/obispadodelinares.cl\/ol\/?p=802"},"modified":"2018-01-28T02:20:47","modified_gmt":"2018-01-28T02:20:47","slug":"paseo-auxiliares-de-colegios-catolicos-a-chillan","status":"publish","type":"post","link":"https:\/\/obispadodelinares.cl\/ol\/?p=802","title":{"rendered":"Paseo Auxiliares de Colegios Cat\u00f3licos a Chill\u00e1n"},"content":{"rendered":"<p>Como ya es una tradici\u00f3n, reconocer el trabajo y esfuerzo de los Auxiliares de los Colegios Cat\u00f3licos en la Di\u00f3cesis de Linares. El Departamento de Educaci\u00f3n DEC, ha organizado este a\u00f1o, para el s\u00e1bado 5 de Noviembre, un hermoso viaje al Centro vacacional Parador, Jam\u00f3n, Pan y Vino, Valle Las Trancas\u201d, ubicado a 8 Kil\u00f3metros de las Termas de Chill\u00e1n.<br \/>\nEste a\u00f1o participaron 45 personas, representando a los Colegios: Inmaculada Concepci\u00f3n, de Constituci\u00f3n; Instituto Linares; Liceo Mar\u00eda Auxiliadora; Liceo Nuestra Sra. del Rosario; San Jos\u00e9 de Parral; Liceo Agr\u00edcola SS.CC. de Villa Alegre; Liceo Sagrados Corazones, San Javier y Colegio San Jos\u00e9 de san Javier.<br \/>\nEntre un maravilloso paisaje y grata compa\u00f1\u00eda, compartieron un tema de formaci\u00f3n a cargo de la Hna. Mar\u00eda Ang\u00e9lica Henr\u00edquez, quien acerc\u00f3 el relato de los Peregrinos de Emaus, al quehacer de una familia, con penas y alegr\u00edas, logros y proyectos y de c\u00f3mo el Se\u00f1or camina junto a ellos, aunque no le reconozcan, el Se\u00f1or siempre est\u00e1.<\/p>\n","protected":false},"excerpt":{"rendered":"<p>Como ya es una tradici\u00f3n, reconocer el trabajo y esfuerzo de los Auxiliares de los Colegios Cat\u00f3licos en la Di\u00f3cesis de Linares. El Departamento de Educaci\u00f3n DEC, ha organizado este a\u00f1o, para el s\u00e1bado 5 de Noviembre, un hermoso viaje al Centro vacacional Parador, Jam\u00f3n, Pan y Vino, Valle Las Trancas\u201d, ubicado a 8 Kil\u00f3metros [&hellip;]<\/p>\n","protected":false},"author":1,"featured_media":0,"comment_status":"open","ping_status":"open","sticky":false,"template":"","format":"standard","meta":{"h5ap_radio_sources":[],"footnotes":""},"categories":[49,48],"tags":[],"class_list":["post-802","post","type-post","status-publish","format-standard","hentry","category-49","category-educacion"],"_links":{"self":[{"href":"https:\/\/obispadodelinares.cl\/ol\/index.php?rest_route=\/wp\/v2\/posts\/802","targetHints":{"allow":["GET"]}}],"collection":[{"href":"https:\/\/obispadodelinares.cl\/ol\/index.php?rest_route=\/wp\/v2\/posts"}],"about":[{"href":"https:\/\/obispadodelinares.cl\/ol\/index.php?rest_route=\/wp\/v2\/types\/post"}],"author":[{"embeddable":true,"href":"https:\/\/obispadodelinares.cl\/ol\/index.php?rest_route=\/wp\/v2\/users\/1"}],"replies":[{"embeddable":true,"href":"https:\/\/obispadodelinares.cl\/ol\/index.php?rest_route=%2Fwp%2Fv2%2Fcomments&post=802"}],"version-history":[{"count":0,"href":"https:\/\/obispadodelinares.cl\/ol\/index.php?rest_route=\/wp\/v2\/posts\/802\/revisions"}],"wp:attachment":[{"href":"https:\/\/obispadodelinares.cl\/ol\/index.php?rest_route=%2Fwp%2Fv2%2Fmedia&parent=802"}],"wp:term":[{"taxonomy":"category","embeddable":true,"href":"https:\/\/obispadodelinares.cl\/ol\/index.php?rest_route=%2Fwp%2Fv2%2Fcategories&post=802"},{"taxonomy":"post_tag","embeddable":true,"href":"https:\/\/obispadodelinares.cl\/ol\/index.php?rest_route=%2Fwp%2Fv2%2Ftags&post=802"}],"curies":[{"name":"wp","href":"https:\/\/api.w.org\/{rel}","templated":true}]}}