{"id":799,"date":"2011-10-22T02:07:09","date_gmt":"2011-10-22T02:07:09","guid":{"rendered":"http:\/\/obispadodelinares.cl\/ol\/?p=799"},"modified":"2018-01-28T02:11:31","modified_gmt":"2018-01-28T02:11:31","slug":"pastoral-adulto-mayor-de-linares-en-v-fiesta-del-encuentro-en-punta-arenas","status":"publish","type":"post","link":"https:\/\/obispadodelinares.cl\/ol\/?p=799","title":{"rendered":"Pastoral Adulto Mayor de Linares en V Fiesta del Encuentro en Punta Arenas"},"content":{"rendered":"<p><span class=\"\">En Punta Arenas, m\u00e1s de 700 Adultos Mayores se han dado cita para celebrar la 5\u00ba Fiesta del Encuentro, este a\u00f1o con el lema: \u201cDesde Magallanes Disc\u00edpulos y Misioneros compartiendo una mesa para todos\u201d. Desde Linares viaj\u00f3 el mi\u00e9rcoles 18, una delegaci\u00f3n de 32 abuelitos, quienes con mucha alegr\u00eda fueron despedidos por familiares y amigos.<br \/>\n<a href=\"http:\/\/galerias.iglesia.cl\/Gale_4ea3033ee841a\/Gale4ea3033ee8e05_22102011_254pm.jpg\"><img decoding=\"async\" class=\"alignleft lazyload\" data-src=\"http:\/\/galerias.iglesia.cl\/Gale_4ea3033ee841a\/Gale4ea3033ee8e05_22102011_254pm.jpg\" width=\"241\" height=\"181\" src=\"data:image\/svg+xml;base64,PHN2ZyB3aWR0aD0iMSIgaGVpZ2h0PSIxIiB4bWxucz0iaHR0cDovL3d3dy53My5vcmcvMjAwMC9zdmciPjwvc3ZnPg==\" style=\"--smush-placeholder-width: 241px; --smush-placeholder-aspect-ratio: 241\/181;\" \/><\/a><br \/>\nJohane Jauregui, Coordinadora de Pastoral de Adultos Mayores de Linares, desde Punta Arenas nos informa: \u201cEl viaje fue muy tranquilo para todo el grupo, el Encuentro comenz\u00f3 el viernes, desde las 8 de la ma\u00f1ana con la bienvenida y acreditaci\u00f3n a las diferentes delegaciones, luego nos esperaba un rico desayuno, para compartir posteriormente la Eucarist\u00eda, presidida por Monse\u00f1or Bernardo Bastres, Obispo de Punta Arenas, en el Santuario de Mar\u00eda Auxiliadora, esta primera parte del d\u00eda termin\u00f3 con un pasacalle de las delegaciones por el centro de la ciudad, concluyendo con un acto ciudadano, junto a las autoridades locales, encabezadas por el<br \/>\nIntendente y el Alcalde. Por la tarde se realizaron encuentros con algunos Clubes de Adultos Mayores, para continuar con el programa del d\u00eda s\u00e1bado\u201d.<br \/>\n<a href=\"http:\/\/galerias.iglesia.cl\/Gale_4ea3033ee841a\/Gale4ea3033ee86ed_22102011_254pm.jpg\"><img fetchpriority=\"high\" decoding=\"async\" class=\"alignleft\" src=\"http:\/\/galerias.iglesia.cl\/Gale_4ea3033ee841a\/Gale4ea3033ee86ed_22102011_254pm.jpg\" width=\"333\" height=\"250\" \/><\/a><br \/>\nLa delegaci\u00f3n linarense es encabezada por Johane Jauregu\u00ed, coordinadora de Pastoral de Adultos Mayores, Hna. Ana Mar\u00eda Arias, Asesora e Ibar Huerta Di\u00e1cono Permanente, quienes reiteran que nuestros representantes se encuentran muy bien y animados compartiendo con sus pares en las sure\u00f1as tierras de Punta Arenas. <\/span><\/p>\n<p>&nbsp;<\/p>\n<p><a href=\"http:\/\/galerias.iglesia.cl\/Gale_4ea3033ee841a\/Gale4ea3033ee9475_22102011_254pm.jpg\"><img decoding=\"async\" class=\"size-medium aligncenter lazyload\" data-src=\"http:\/\/galerias.iglesia.cl\/Gale_4ea3033ee841a\/Gale4ea3033ee9475_22102011_254pm.jpg\" width=\"600\" height=\"450\" src=\"data:image\/svg+xml;base64,PHN2ZyB3aWR0aD0iMSIgaGVpZ2h0PSIxIiB4bWxucz0iaHR0cDovL3d3dy53My5vcmcvMjAwMC9zdmciPjwvc3ZnPg==\" style=\"--smush-placeholder-width: 600px; --smush-placeholder-aspect-ratio: 600\/450;\" \/><\/a><\/p>\n","protected":false},"excerpt":{"rendered":"<p>En Punta Arenas, m\u00e1s de 700 Adultos Mayores se han dado cita para celebrar la 5\u00ba Fiesta del Encuentro, este a\u00f1o con el lema: \u201cDesde Magallanes Disc\u00edpulos y Misioneros compartiendo una mesa para todos\u201d. Desde Linares viaj\u00f3 el mi\u00e9rcoles 18, una delegaci\u00f3n de 32 abuelitos, quienes con mucha alegr\u00eda fueron despedidos por familiares y amigos. [&hellip;]<\/p>\n","protected":false},"author":1,"featured_media":800,"comment_status":"open","ping_status":"open","sticky":false,"template":"","format":"standard","meta":{"h5ap_radio_sources":[],"footnotes":""},"categories":[49,57],"tags":[73],"class_list":["post-799","post","type-post","status-publish","format-standard","has-post-thumbnail","hentry","category-49","category-pastoral-social","tag-pastoral-del-adulto-mayor"],"_links":{"self":[{"href":"https:\/\/obispadodelinares.cl\/ol\/index.php?rest_route=\/wp\/v2\/posts\/799","targetHints":{"allow":["GET"]}}],"collection":[{"href":"https:\/\/obispadodelinares.cl\/ol\/index.php?rest_route=\/wp\/v2\/posts"}],"about":[{"href":"https:\/\/obispadodelinares.cl\/ol\/index.php?rest_route=\/wp\/v2\/types\/post"}],"author":[{"embeddable":true,"href":"https:\/\/obispadodelinares.cl\/ol\/index.php?rest_route=\/wp\/v2\/users\/1"}],"replies":[{"embeddable":true,"href":"https:\/\/obispadodelinares.cl\/ol\/index.php?rest_route=%2Fwp%2Fv2%2Fcomments&post=799"}],"version-history":[{"count":0,"href":"https:\/\/obispadodelinares.cl\/ol\/index.php?rest_route=\/wp\/v2\/posts\/799\/revisions"}],"wp:featuredmedia":[{"embeddable":true,"href":"https:\/\/obispadodelinares.cl\/ol\/index.php?rest_route=\/wp\/v2\/media\/800"}],"wp:attachment":[{"href":"https:\/\/obispadodelinares.cl\/ol\/index.php?rest_route=%2Fwp%2Fv2%2Fmedia&parent=799"}],"wp:term":[{"taxonomy":"category","embeddable":true,"href":"https:\/\/obispadodelinares.cl\/ol\/index.php?rest_route=%2Fwp%2Fv2%2Fcategories&post=799"},{"taxonomy":"post_tag","embeddable":true,"href":"https:\/\/obispadodelinares.cl\/ol\/index.php?rest_route=%2Fwp%2Fv2%2Ftags&post=799"}],"curies":[{"name":"wp","href":"https:\/\/api.w.org\/{rel}","templated":true}]}}