{"id":796,"date":"2011-10-20T02:00:42","date_gmt":"2011-10-20T02:00:42","guid":{"rendered":"http:\/\/obispadodelinares.cl\/ol\/?p=796"},"modified":"2018-01-28T02:06:46","modified_gmt":"2018-01-28T02:06:46","slug":"xxxi-asamblea-sinodal-en-linares","status":"publish","type":"post","link":"https:\/\/obispadodelinares.cl\/ol\/?p=796","title":{"rendered":"XXXI Asamblea Sinodal en Linares"},"content":{"rendered":"<p>En comuni\u00f3n con la Iglesia Nacional, Linares tambi\u00e9n vivi\u00f3 y celebr\u00f3 la alegr\u00eda de ser Cat\u00f3licos, en el desarrollo de la XXXI Asamblea Sinodal, que convoc\u00f3 a m\u00e1s de 300 Agentes de Pastoral, durante los d\u00edas, 14, 15 y 16 de octubre, en el Instituto Linares<\/p>\n<hr \/>\n<p><span class=\"\">La Iglesia de Linares tiene S\u00ednodo permanente, es ya una tradici\u00f3n diocesana:<\/p>\n<p>En Linares, desde el a\u00f1o 1979, se dan cita los Agentes Pastorales representando a toda la Di\u00f3cesis. Hasta el Instituto Linares, llegan sacerdotes, di\u00e1conos, religiosas, religiosos y laicos para reflexionar y orar juntos por la di\u00f3cesis y por la iglesia en general. Este a\u00f1o se espera una participaci\u00f3n superior a los 500 delegados pastorales, convocados con el lema \u201cdenles ustedes de comer\u201d.<br \/>\n<a href=\"http:\/\/galerias.iglesia.cl\/Gale_4ea0209957770\/Gale4ea020995a505_20102011_1022am.jpg\"><img fetchpriority=\"high\" decoding=\"async\" class=\"aligncenter\" src=\"http:\/\/galerias.iglesia.cl\/Gale_4ea0209957770\/Gale4ea020995a505_20102011_1022am.jpg\" width=\"588\" height=\"441\" \/><\/a><br \/>\nDesarrollo del encuentro:<\/p>\n<p>Luego de las inscripciones y entrega de materiales, a las 17:00Hrs., Monse\u00f1or Koljatic, dar\u00e1 la bienvenida y bendici\u00f3n inicial para continuar con presentaci\u00f3n Pastoral Juvenil como \u201cAcci\u00f3n organizada de la Iglesia\u201d, ocasi\u00f3n en la que se expondr\u00e1 la encuesta aplicada en parroquias, capillas y colegios cat\u00f3licos, a cargo del P. Rodrigo Osorio, en el Gimnasio del Instituto Linares. A las 19:00Hrs. Todos a la Iglesia Catedral, para dar comienzo a la Liturgia Penitencial y Eucarist\u00eda.<\/p>\n<p>El programa de esta hermosa actividad diocesana, continu\u00f3 el s\u00e1bado, muy temprano con la Oraci\u00f3n de Laudes y la Adoraci\u00f3n al Sant\u00edsimo, en la Catedral, luego todos los sinodales al Instituto Linares, para comenzar el trabajo por comisiones, el cual fue guiados y animado por los j\u00f3venes de Pastoral Juvenil de los distintos decanatos.<\/p>\n<p><a href=\"http:\/\/galerias.iglesia.cl\/Gale_4ea0209957770\/Gale4ea0209958f5f_20102011_1022am.jpg\"><img decoding=\"async\" class=\"alignleft lazyload\" data-src=\"http:\/\/galerias.iglesia.cl\/Gale_4ea0209957770\/Gale4ea0209958f5f_20102011_1022am.jpg\" width=\"316\" height=\"237\" src=\"data:image\/svg+xml;base64,PHN2ZyB3aWR0aD0iMSIgaGVpZ2h0PSIxIiB4bWxucz0iaHR0cDovL3d3dy53My5vcmcvMjAwMC9zdmciPjwvc3ZnPg==\" style=\"--smush-placeholder-width: 316px; --smush-placeholder-aspect-ratio: 316\/237;\" \/><\/a>Despu\u00e9s de una extensa y provechosa jornada, se cerr\u00f3 el d\u00eda con la Eucarist\u00eda en el gimnasio del Colegio, ocasi\u00f3n en la cual el Sr. Obispo reiter\u00f3 su gratitud y bendiciones a todos los asistentes, destacando el inmenso valor de esta Asamblea Diocesana, que nos ayuda y anima a seguir caminando juntos, fortaleciendo la fe y amistad con el Se\u00f1or. En el marco de esta Misa, se realiz\u00f3 un reconocimiento especial al P. Juan Garbarino y al P. Rolando Castro, ambos salesianos que cumplieron, este mes, 50 a\u00f1os de consagraci\u00f3n sacerdotal. Los cl\u00e9rigos en breves palabras compartieron su testimonio, de esta amistad y fidelidad con el Se\u00f1or. El P. Juan, se\u00f1al\u00f3: Yo ingres\u00e9 a los a\u00f1os a la congregaci\u00f3n salesiana y puedo decir que mi vocaci\u00f3n es un fruto del Esp\u00edritu Santo. Con emoci\u00f3n reflejada en su voz, agreg\u00f3: \u201csiento una alegr\u00eda muy grande de haber transmitido la Palabra de Dios, me siento regaloneado por el Se\u00f1or, que me ha permitido servirle la vida entera, pues ingres\u00e9 a la Comunidad Salesiana, cuando ten\u00eda 12 a\u00f1os. Quisiera agradecerle a todos los que en estos 50 a\u00f1os me han acompa\u00f1ado en este caminar\u201d.<\/p>\n<p><a href=\"http:\/\/galerias.iglesia.cl\/Gale_4ea0209957770\/Gale4ea02099595c4_20102011_1022am.jpg\"><img decoding=\"async\" class=\"alignleft lazyload\" data-src=\"http:\/\/galerias.iglesia.cl\/Gale_4ea0209957770\/Gale4ea02099595c4_20102011_1022am.jpg\" width=\"346\" height=\"260\" src=\"data:image\/svg+xml;base64,PHN2ZyB3aWR0aD0iMSIgaGVpZ2h0PSIxIiB4bWxucz0iaHR0cDovL3d3dy53My5vcmcvMjAwMC9zdmciPjwvc3ZnPg==\" style=\"--smush-placeholder-width: 346px; --smush-placeholder-aspect-ratio: 346\/260;\" \/><\/a>El P. Rolando Castro, tambi\u00e9n comparti\u00f3 su experiencia, destacando a quienes ha conocido durante su apostolado, en aquellos sitios dif\u00edciles, como en lugares muy tranquilos, pero, siempre llevando el mensaje esperanzador del amor y la caridad, apoyado en el Evangelio y sostenido por la fe en el Se\u00f1or que lo llam\u00f3 tambi\u00e9n muy jovencito a servir en su vi\u00f1a, muy sonriente agreg\u00f3, \u201call\u00ed donde el Se\u00f1or me env\u00eda, all\u00ed he ido siempre con alegr\u00eda\u201d.<\/p>\n<p><a href=\"http:\/\/galerias.iglesia.cl\/Gale_4ea0209957770\/Gale4ea020995929a_20102011_1022am.jpg\"><img decoding=\"async\" class=\"alignleft lazyload\" data-src=\"http:\/\/galerias.iglesia.cl\/Gale_4ea0209957770\/Gale4ea020995929a_20102011_1022am.jpg\" width=\"360\" height=\"270\" src=\"data:image\/svg+xml;base64,PHN2ZyB3aWR0aD0iMSIgaGVpZ2h0PSIxIiB4bWxucz0iaHR0cDovL3d3dy53My5vcmcvMjAwMC9zdmciPjwvc3ZnPg==\" style=\"--smush-placeholder-width: 360px; --smush-placeholder-aspect-ratio: 360\/270;\" \/><\/a>Tambi\u00e9n, se rindi\u00f3 homenaje al matrimonio de Don Jos\u00e9 Morales y Do\u00f1a Mar\u00eda Clementina Pereira, quienes se casaron un 24 de abril de 1951. Uni\u00f3n bendecida con 10 hijos, amor que les alcanz\u00f3 para criar a 4 ni\u00f1os m\u00e1s, tienen 24 nietos y los bisnietos est\u00e1n comenzando a llegar. \u00c9l un esforzado carpintero y ella modista, as\u00ed con trabajo y amor criaron a sus numerosa familia. Siempre han estado ligados a la Iglesia, especialmente en el Movimiento de Carism\u00e1ticos, en su casa han recibido a misioneros, sacerdotes, religiosas y hermanos en general, todos llaman a este hogar, \u201cla peque\u00f1a casita de Nazaret\u201d, pues siempre la acogida es con alegr\u00eda y cari\u00f1o inmenso.<\/p>\n<p>Don Jos\u00e9 y la Sra. Mar\u00eda, tambi\u00e9n compartieron su testimonio con los participantes del s\u00ednodo, siendo aplaudidos en reiteradas ocasiones por su hermosa historia.<\/p>\n<p>Don Jos\u00e9, se\u00f1al\u00f3: Agradecido de Dios, por todo lo que ha hecho en cada uno de nosotros, por su gran obra, nuestros hijos y nietos. Sin duda ha sido una vida con momentos dif\u00edciles tambi\u00e9n, pero el Se\u00f1or ha esta siempre con nosotros, en el centro de nuestra familia, por \u00e9l trabajamos y en el siempre confiamos\u201d.<\/p>\n<p>En tanto la Sra. Mar\u00eda, reconoci\u00f3 su emoci\u00f3n por este reconocimiento. Indic\u00f3: \u201chemos sido siempre humildes trabajadores, pero muy de iglesia. Cuando ni\u00f1a, quise ser religiosa, pero el Se\u00f1or me ten\u00eda destinada esta otra tarea, la de formar una familia con mi esposo, en nuestro hogar siempre hubo espacio para acoger y amar a los nuestros y a los que no ten\u00edan donde ir. Agreg\u00f3: me gustar\u00eda agradecer a todos los sacerdotes que nos han ayudado en estos a\u00f1os y guiado en este caminar. a la Renovaci\u00f3n carism\u00e1tica, a la Iglesia en general y a Dios por tenernos juntos todav\u00eda y con fuerzas para seguir aportando nuestro granito de arena nuestra familia y a la iglesia que tanto amamos\u201d.<\/p>\n<p>El d\u00eda domingo la Asamblea continu\u00f3 muy temprano, compartiendo Laudes, y el trabajo esta vez se realiz\u00f3 por decanatos, desde donde saldr\u00eda las tareas respecto al tema central y las evaluaciones de cada grupo.<\/p>\n<p>La XXXI Asamblea sinodal, culmin\u00f3 con la Eucarist\u00eda y env\u00edo en la iglesia Catedral de Linares.<\/span><\/p>\n<p><a href=\"http:\/\/galerias.iglesia.cl\/Gale_4ea0209957770\/Gale4ea02099582dd_20102011_1022am.jpg\"><img decoding=\"async\" class=\"size-medium aligncenter lazyload\" data-src=\"http:\/\/galerias.iglesia.cl\/Gale_4ea0209957770\/Gale4ea02099582dd_20102011_1022am.jpg\" width=\"600\" height=\"450\" src=\"data:image\/svg+xml;base64,PHN2ZyB3aWR0aD0iMSIgaGVpZ2h0PSIxIiB4bWxucz0iaHR0cDovL3d3dy53My5vcmcvMjAwMC9zdmciPjwvc3ZnPg==\" style=\"--smush-placeholder-width: 600px; --smush-placeholder-aspect-ratio: 600\/450;\" \/><\/a><\/p>\n","protected":false},"excerpt":{"rendered":"<p>En comuni\u00f3n con la Iglesia Nacional, Linares tambi\u00e9n vivi\u00f3 y celebr\u00f3 la alegr\u00eda de ser Cat\u00f3licos, en el desarrollo de la XXXI Asamblea Sinodal, que convoc\u00f3 a m\u00e1s de 300 Agentes de Pastoral, durante los d\u00edas, 14, 15 y 16 de octubre, en el Instituto Linares La Iglesia de Linares tiene S\u00ednodo permanente, es ya [&hellip;]<\/p>\n","protected":false},"author":1,"featured_media":797,"comment_status":"open","ping_status":"open","sticky":false,"template":"","format":"standard","meta":{"h5ap_radio_sources":[],"footnotes":""},"categories":[49,101],"tags":[],"class_list":["post-796","post","type-post","status-publish","format-standard","has-post-thumbnail","hentry","category-49","category-sinodo-diocesano"],"_links":{"self":[{"href":"https:\/\/obispadodelinares.cl\/ol\/index.php?rest_route=\/wp\/v2\/posts\/796","targetHints":{"allow":["GET"]}}],"collection":[{"href":"https:\/\/obispadodelinares.cl\/ol\/index.php?rest_route=\/wp\/v2\/posts"}],"about":[{"href":"https:\/\/obispadodelinares.cl\/ol\/index.php?rest_route=\/wp\/v2\/types\/post"}],"author":[{"embeddable":true,"href":"https:\/\/obispadodelinares.cl\/ol\/index.php?rest_route=\/wp\/v2\/users\/1"}],"replies":[{"embeddable":true,"href":"https:\/\/obispadodelinares.cl\/ol\/index.php?rest_route=%2Fwp%2Fv2%2Fcomments&post=796"}],"version-history":[{"count":0,"href":"https:\/\/obispadodelinares.cl\/ol\/index.php?rest_route=\/wp\/v2\/posts\/796\/revisions"}],"wp:featuredmedia":[{"embeddable":true,"href":"https:\/\/obispadodelinares.cl\/ol\/index.php?rest_route=\/wp\/v2\/media\/797"}],"wp:attachment":[{"href":"https:\/\/obispadodelinares.cl\/ol\/index.php?rest_route=%2Fwp%2Fv2%2Fmedia&parent=796"}],"wp:term":[{"taxonomy":"category","embeddable":true,"href":"https:\/\/obispadodelinares.cl\/ol\/index.php?rest_route=%2Fwp%2Fv2%2Fcategories&post=796"},{"taxonomy":"post_tag","embeddable":true,"href":"https:\/\/obispadodelinares.cl\/ol\/index.php?rest_route=%2Fwp%2Fv2%2Ftags&post=796"}],"curies":[{"name":"wp","href":"https:\/\/api.w.org\/{rel}","templated":true}]}}