{"id":793,"date":"2011-10-11T01:55:58","date_gmt":"2011-10-11T01:55:58","guid":{"rendered":"http:\/\/obispadodelinares.cl\/ol\/?p=793"},"modified":"2018-01-28T01:59:45","modified_gmt":"2018-01-28T01:59:45","slug":"hospital-de-san-javier-celebro-125-anos-e-inauguro-oratorio-ecumenico","status":"publish","type":"post","link":"https:\/\/obispadodelinares.cl\/ol\/?p=793","title":{"rendered":"Hospital de San Javier celebr\u00f3 125 a\u00f1os e inaugur\u00f3 Oratorio Ecum\u00e9nico"},"content":{"rendered":"<p><a href=\"http:\/\/galerias.iglesia.cl\/Gale_4e9477d05945b\/Gale4e9477d05a2fa_11102011_207pm.jpg\"><img fetchpriority=\"high\" decoding=\"async\" class=\"aligncenter\" src=\"http:\/\/galerias.iglesia.cl\/Gale_4e9477d05945b\/Gale4e9477d05a2fa_11102011_207pm.jpg\" width=\"399\" height=\"299\" \/><\/a><br \/>\nCon una sencilla, pero significativa ceremonia, en el frontis del edificio central del Hospital \u201cDr. Abel Fuentealba Lagos\u201d de la ciudad de San Javier, se iniciaron los festejos por los 125 a\u00f1os de vida del principal centro de salud de la Comuna de San Javier. Ocasi\u00f3n en la que se bendijo el Oratorio Ecum\u00e9nico.<br \/>\nEn esta importante ocasi\u00f3n la Directora del Centro de Salud, Doctora Tatiana Y\u00e1\u00f1ez Ferrada, dio la bienvenida a las autoridades invitadas, comenzando por el Obispo de Linares, Mons. Tomislav Koljatic, P. Gonzalo Aravena, la Comisario Jefe de la Polic\u00eda de Investigaciones Soraya de la Fuente; el Presidente del Consejo de Desarrollo del Hospital, Roberto Rojas; representantes del Consejo de Pastores de las Iglesias Evang\u00e9licas de la Comuna; el Director del Centro Cultural Mario Oltra; el Director Comunal de Salud Alejandro Pino, Jefe del \u00e1rea administrativa y personal del Hospital, junto a ex funcionarios e invitados especiales.<br \/>\nAl comenzar el acto se ley\u00f3 una breve rese\u00f1a del Hospital, laque se remonta al a\u00f1o 1886, tiempo en el cual han pasado much\u00edsimas generaciones y hechos relevantes en la historia de la comuna. Se destac\u00f3 que en el a\u00f1o 2002, se renov\u00f3 su infraestructura, dando as\u00ed los primeros pasos hacia el futuro del actual recinto que atiende a casi tres comunas en la regi\u00f3n del Maule, pues adem\u00e1s cuenta con servicio de urgencia y SAMU, las 24 horas del d\u00eda.<br \/>\nSiguiendo con el orden establecido en el programa, Monse\u00f1or Tomislav Koljatic y el Pastor Evang\u00e9lico presente, bendijeron las instalaciones del establecimiento y oraron por los trabajadores, pacientes y beneficiarios.<br \/>\nEn su intervenci\u00f3n la Directora del Hospital, distingui\u00f3 al equipo m\u00e9dico \u201cAlivio del dolor y cuidados paliativos\u201d por su abnegada labor con los pacientes. Este equipo lo encabeza el Doctor Leoncio Rocco y le acompa\u00f1an la Enfermera Cristina Hern\u00e1ndez, la T\u00e9cnico Param\u00e9dico Sandra P\u00e9rez y el T\u00e9cnico Salvador Labr\u00edn, quienes recibieron un galvano recordando la ocasi\u00f3n. As\u00ed mismo recibieron reconocimientos otros destacados funcionarios y ex funcionarios, pues gracias a todos ellos y a quienes actualmente all\u00ed laboran, la historia de este Hospital se ha ido forjando.<br \/>\nLuego del acto art\u00edstico, se realiz\u00f3 un recorrido por todas las dependencias y antes de concluir el recorrido, el C\u00edrculo del Funcionarias en retiro hizo entrega de un maravilloso obsequio a la Directora del Hospital, invitando a los presentes a ser parte de la Bendici\u00f3n e inauguraci\u00f3n del Oratorio Ecum\u00e9nico, ubicado en el ala norte del edificio, un lugar de recogimiento y oraci\u00f3n que recibir\u00e1 a todos los que necesiten este espacio, sin distinciones de credo, todos ser\u00e1n bienvenidos y acogidos.<\/p>\n<p><a href=\"http:\/\/galerias.iglesia.cl\/Gale_4e9477d05945b\/Gale4e9477d059fd8_11102011_207pm.jpg\"><img decoding=\"async\" class=\"alignnone size-medium lazyload\" data-src=\"http:\/\/galerias.iglesia.cl\/Gale_4e9477d05945b\/Gale4e9477d059fd8_11102011_207pm.jpg\" width=\"600\" height=\"450\" src=\"data:image\/svg+xml;base64,PHN2ZyB3aWR0aD0iMSIgaGVpZ2h0PSIxIiB4bWxucz0iaHR0cDovL3d3dy53My5vcmcvMjAwMC9zdmciPjwvc3ZnPg==\" style=\"--smush-placeholder-width: 600px; --smush-placeholder-aspect-ratio: 600\/450;\" \/><\/a><\/p>\n","protected":false},"excerpt":{"rendered":"<p>Con una sencilla, pero significativa ceremonia, en el frontis del edificio central del Hospital \u201cDr. Abel Fuentealba Lagos\u201d de la ciudad de San Javier, se iniciaron los festejos por los 125 a\u00f1os de vida del principal centro de salud de la Comuna de San Javier. Ocasi\u00f3n en la que se bendijo el Oratorio Ecum\u00e9nico. En [&hellip;]<\/p>\n","protected":false},"author":1,"featured_media":794,"comment_status":"open","ping_status":"open","sticky":false,"template":"","format":"standard","meta":{"h5ap_radio_sources":[],"footnotes":""},"categories":[49,98],"tags":[99,100],"class_list":["post-793","post","type-post","status-publish","format-standard","has-post-thumbnail","hentry","category-49","category-ecumenismo","tag-ecumenismo","tag-san-javier"],"_links":{"self":[{"href":"https:\/\/obispadodelinares.cl\/ol\/index.php?rest_route=\/wp\/v2\/posts\/793","targetHints":{"allow":["GET"]}}],"collection":[{"href":"https:\/\/obispadodelinares.cl\/ol\/index.php?rest_route=\/wp\/v2\/posts"}],"about":[{"href":"https:\/\/obispadodelinares.cl\/ol\/index.php?rest_route=\/wp\/v2\/types\/post"}],"author":[{"embeddable":true,"href":"https:\/\/obispadodelinares.cl\/ol\/index.php?rest_route=\/wp\/v2\/users\/1"}],"replies":[{"embeddable":true,"href":"https:\/\/obispadodelinares.cl\/ol\/index.php?rest_route=%2Fwp%2Fv2%2Fcomments&post=793"}],"version-history":[{"count":0,"href":"https:\/\/obispadodelinares.cl\/ol\/index.php?rest_route=\/wp\/v2\/posts\/793\/revisions"}],"wp:featuredmedia":[{"embeddable":true,"href":"https:\/\/obispadodelinares.cl\/ol\/index.php?rest_route=\/wp\/v2\/media\/794"}],"wp:attachment":[{"href":"https:\/\/obispadodelinares.cl\/ol\/index.php?rest_route=%2Fwp%2Fv2%2Fmedia&parent=793"}],"wp:term":[{"taxonomy":"category","embeddable":true,"href":"https:\/\/obispadodelinares.cl\/ol\/index.php?rest_route=%2Fwp%2Fv2%2Fcategories&post=793"},{"taxonomy":"post_tag","embeddable":true,"href":"https:\/\/obispadodelinares.cl\/ol\/index.php?rest_route=%2Fwp%2Fv2%2Ftags&post=793"}],"curies":[{"name":"wp","href":"https:\/\/api.w.org\/{rel}","templated":true}]}}