{"id":784,"date":"2011-10-04T01:40:19","date_gmt":"2011-10-04T01:40:19","guid":{"rendered":"http:\/\/obispadodelinares.cl\/ol\/?p=784"},"modified":"2018-01-28T01:43:47","modified_gmt":"2018-01-28T01:43:47","slug":"comienza-semana-de-la-familia","status":"publish","type":"post","link":"https:\/\/obispadodelinares.cl\/ol\/?p=784","title":{"rendered":"Comienza Semana de la Familia"},"content":{"rendered":"<p><span class=\"\">Con una Charla dirigida a Profesores, Padres y Apoderados de Colegios Cat\u00f3licos, el s\u00e1bado 01 de Octubre, en el auditorio del Instituto Linares, se dio inicio a la Semana de la Familia, a desarrollarse entre el 02 y 09 de Octubre.<\/p>\n<p>Este encuentro fue una actividad programada en conjunto con el departamento de educaci\u00f3n del Obispado, Linares. Participaron profesores, padres y apoderados de los Colegios Cat\u00f3licos.<\/p>\n<p>El tema abordado: \u201cSer Pap\u00e1 y Mam\u00e1 Hoy\u201d, estuvo a cargo de la Hna. Claudia Pedreros Silva, profesora de la Universidad Cat\u00f3lica de la Sant\u00edsima Concepci\u00f3n, Mag\u00edster en Ciencias de la Familia y Directora del Instituto Sagrada Familia de dicha instituci\u00f3n de educaci\u00f3n superior. Quien en su presentaci\u00f3n enfatiz\u00f3: \u201cEl ser padres implica reconocer el don de Dios que son los hijos en la vida matrimonial, ante lo cual no se puede dar un elenco de recetas a realizar sino que ir descubriendo la belleza y originalidad de cada hijo a desarrollar y potenciar\u201d.<br \/>\n<a href=\"http:\/\/galerias.iglesia.cl\/Gale_4e8bc16bf18d4\/Gale4e8bc16bf23a1_04102011_1031pm.jpg\"><img fetchpriority=\"high\" decoding=\"async\" class=\"alignnone \" src=\"http:\/\/galerias.iglesia.cl\/Gale_4e8bc16bf18d4\/Gale4e8bc16bf23a1_04102011_1031pm.jpg\" width=\"403\" height=\"302\" \/><\/a><br \/>\nP. Alex Troncoso, Director de Pastoral Familiar diocesana, coment\u00f3: \u201cCon esta actividad nos unimos a la Iglesia chilena en esta celebraci\u00f3n, con el fin de fortalecer los v\u00ednculos y relaciones propias de cada familia de nuestra di\u00f3cesis\u201d. \u201cFamilia, s\u00e9 lo que eres: comunidad de vida y amor, es el lema que nos mueve a nivel de pastoral familiar diocesana, por lo que tambi\u00e9n se dar\u00e1 inicio a la formaci\u00f3n de monitores de novios en los distintos decanatos y parroquias pr\u00f3ximamente. Invitamos a las distintas comunidades cristianas y parroquias a unirse en la celebraci\u00f3n de esta semana dedicada especialmente a la familia\u201d. Agreg\u00f3 P. Alex Troncoso.<\/p>\n<p>Para el desarrollo de esta Semana dedicada a la Familia, hay diferentes actividades a realizarse en cada parroquia, comunidad cristiana y colegios, entre las que destacamos charlas y talleres dirigidos a los diversos componentes de la familia as\u00ed como la invitaci\u00f3n a cada familia a dejar el tiempo necesario para dialogar y compartir. <\/span><\/p>\n<p><a href=\"http:\/\/galerias.iglesia.cl\/Gale_4e8bc16bf18d4\/Gale4e8bc16bf2e3a_04102011_1031pm.jpg\"><img decoding=\"async\" class=\"alignnone lazyload\" data-src=\"http:\/\/galerias.iglesia.cl\/Gale_4e8bc16bf18d4\/Gale4e8bc16bf2e3a_04102011_1031pm.jpg\" width=\"351\" height=\"263\" src=\"data:image\/svg+xml;base64,PHN2ZyB3aWR0aD0iMSIgaGVpZ2h0PSIxIiB4bWxucz0iaHR0cDovL3d3dy53My5vcmcvMjAwMC9zdmciPjwvc3ZnPg==\" style=\"--smush-placeholder-width: 351px; --smush-placeholder-aspect-ratio: 351\/263;\" \/><\/a><\/p>\n","protected":false},"excerpt":{"rendered":"<p>Con una Charla dirigida a Profesores, Padres y Apoderados de Colegios Cat\u00f3licos, el s\u00e1bado 01 de Octubre, en el auditorio del Instituto Linares, se dio inicio a la Semana de la Familia, a desarrollarse entre el 02 y 09 de Octubre. Este encuentro fue una actividad programada en conjunto con el departamento de educaci\u00f3n del [&hellip;]<\/p>\n","protected":false},"author":1,"featured_media":785,"comment_status":"open","ping_status":"open","sticky":false,"template":"","format":"standard","meta":{"h5ap_radio_sources":[],"footnotes":""},"categories":[49,48,92],"tags":[83],"class_list":["post-784","post","type-post","status-publish","format-standard","has-post-thumbnail","hentry","category-49","category-educacion","category-pastoral-familiar","tag-familia"],"_links":{"self":[{"href":"https:\/\/obispadodelinares.cl\/ol\/index.php?rest_route=\/wp\/v2\/posts\/784","targetHints":{"allow":["GET"]}}],"collection":[{"href":"https:\/\/obispadodelinares.cl\/ol\/index.php?rest_route=\/wp\/v2\/posts"}],"about":[{"href":"https:\/\/obispadodelinares.cl\/ol\/index.php?rest_route=\/wp\/v2\/types\/post"}],"author":[{"embeddable":true,"href":"https:\/\/obispadodelinares.cl\/ol\/index.php?rest_route=\/wp\/v2\/users\/1"}],"replies":[{"embeddable":true,"href":"https:\/\/obispadodelinares.cl\/ol\/index.php?rest_route=%2Fwp%2Fv2%2Fcomments&post=784"}],"version-history":[{"count":0,"href":"https:\/\/obispadodelinares.cl\/ol\/index.php?rest_route=\/wp\/v2\/posts\/784\/revisions"}],"wp:featuredmedia":[{"embeddable":true,"href":"https:\/\/obispadodelinares.cl\/ol\/index.php?rest_route=\/wp\/v2\/media\/785"}],"wp:attachment":[{"href":"https:\/\/obispadodelinares.cl\/ol\/index.php?rest_route=%2Fwp%2Fv2%2Fmedia&parent=784"}],"wp:term":[{"taxonomy":"category","embeddable":true,"href":"https:\/\/obispadodelinares.cl\/ol\/index.php?rest_route=%2Fwp%2Fv2%2Fcategories&post=784"},{"taxonomy":"post_tag","embeddable":true,"href":"https:\/\/obispadodelinares.cl\/ol\/index.php?rest_route=%2Fwp%2Fv2%2Ftags&post=784"}],"curies":[{"name":"wp","href":"https:\/\/api.w.org\/{rel}","templated":true}]}}