{"id":750,"date":"2011-09-08T00:16:20","date_gmt":"2011-09-08T00:16:20","guid":{"rendered":"http:\/\/obispadodelinares.cl\/ol\/?p=750"},"modified":"2018-01-28T00:22:42","modified_gmt":"2018-01-28T00:22:42","slug":"celebremos-unidos-la-semana-de-la-familia","status":"publish","type":"post","link":"https:\/\/obispadodelinares.cl\/ol\/?p=750","title":{"rendered":"Celebremos unidos la Semana de la Familia"},"content":{"rendered":"<p>\u201cFamilia, escuela de comuni\u00f3n\u201d es el lema que motivar\u00e1 la reflexi\u00f3n en los hogares de nuestra Di\u00f3cesis y de todo Chile, desde el 01 al 09 de Octubre.<br \/>\nLa idea es poder compartir cada uno de los temas presentados en el cuadernillo de trabajo.<\/p>\n<hr \/>\n<p>Celebremos unidos la Semana de la Familia 2011<br \/>\n\u201cFamilia, escuela de comuni\u00f3n\u201d es el lema que motivar\u00e1 la reflexi\u00f3n en los hogares de nuestra Di\u00f3cesis y de todo Chile, desde el 01 al 09 de Octubre.<br \/>\nLa idea es poder compartir cada uno de los temas presentados en el cuadernillo de trabajo, consagrar el altar y pegar en una puerta o ventana el detente, que se elabor\u00f3 como un signo de que la familia est\u00e1 viviendo este tiempo.<br \/>\nEl set ya est\u00e1 disponible en la oficina de Pastoral Familiar, en el Obispado de Linares y tiene un valor de $ 350, reserven sus ejemplares con tiempo.<br \/>\nEn el cuadernillo se proponen diversas actividades, oraciones y lecturas b\u00edblicas para la reflexi\u00f3n y el di\u00e1logo familiar. Y dentro de los temas se encuentran la familia como cuna de la vocaci\u00f3n misionera, la apertura a la acogida con los m\u00e1s pobres, la Eucarist\u00eda y el discipulado familiar, entre otros.<br \/>\nPara mayor informaci\u00f3n, llamar al 73 &#8211; 627235 \u00f3 bien 73 &#8211; 627235 y en familia@obispadodelinares.cl<\/p>\n","protected":false},"excerpt":{"rendered":"<p>\u201cFamilia, escuela de comuni\u00f3n\u201d es el lema que motivar\u00e1 la reflexi\u00f3n en los hogares de nuestra Di\u00f3cesis y de todo Chile, desde el 01 al 09 de Octubre. La idea es poder compartir cada uno de los temas presentados en el cuadernillo de trabajo. Celebremos unidos la Semana de la Familia 2011 \u201cFamilia, escuela de [&hellip;]<\/p>\n","protected":false},"author":1,"featured_media":0,"comment_status":"open","ping_status":"open","sticky":false,"template":"","format":"standard","meta":{"h5ap_radio_sources":[],"footnotes":""},"categories":[49],"tags":[83],"class_list":["post-750","post","type-post","status-publish","format-standard","hentry","category-49","tag-familia"],"_links":{"self":[{"href":"https:\/\/obispadodelinares.cl\/ol\/index.php?rest_route=\/wp\/v2\/posts\/750","targetHints":{"allow":["GET"]}}],"collection":[{"href":"https:\/\/obispadodelinares.cl\/ol\/index.php?rest_route=\/wp\/v2\/posts"}],"about":[{"href":"https:\/\/obispadodelinares.cl\/ol\/index.php?rest_route=\/wp\/v2\/types\/post"}],"author":[{"embeddable":true,"href":"https:\/\/obispadodelinares.cl\/ol\/index.php?rest_route=\/wp\/v2\/users\/1"}],"replies":[{"embeddable":true,"href":"https:\/\/obispadodelinares.cl\/ol\/index.php?rest_route=%2Fwp%2Fv2%2Fcomments&post=750"}],"version-history":[{"count":0,"href":"https:\/\/obispadodelinares.cl\/ol\/index.php?rest_route=\/wp\/v2\/posts\/750\/revisions"}],"wp:attachment":[{"href":"https:\/\/obispadodelinares.cl\/ol\/index.php?rest_route=%2Fwp%2Fv2%2Fmedia&parent=750"}],"wp:term":[{"taxonomy":"category","embeddable":true,"href":"https:\/\/obispadodelinares.cl\/ol\/index.php?rest_route=%2Fwp%2Fv2%2Fcategories&post=750"},{"taxonomy":"post_tag","embeddable":true,"href":"https:\/\/obispadodelinares.cl\/ol\/index.php?rest_route=%2Fwp%2Fv2%2Ftags&post=750"}],"curies":[{"name":"wp","href":"https:\/\/api.w.org\/{rel}","templated":true}]}}