{"id":5639,"date":"2020-08-04T02:40:29","date_gmt":"2020-08-04T02:40:29","guid":{"rendered":"http:\/\/obispadodelinares.cl\/ol\/?p=5639"},"modified":"2020-08-04T02:40:33","modified_gmt":"2020-08-04T02:40:33","slug":"el-4-de-agosto-es-la-fiesta-de-san-juan-maria-vianney-el-santo-cura-de-ars-y-se-celebra-el-dia-de-los-parrocos-en-honor-a-su-patrono","status":"publish","type":"post","link":"https:\/\/obispadodelinares.cl\/ol\/?p=5639","title":{"rendered":"El 4 de agosto es la fiesta  de San Juan Mar\u00eda Vianney, El Santo Cura de Ars,  y se celebra el d\u00eda de los p\u00e1rrocos en honor a su patrono"},"content":{"rendered":"\n<p class=\"has-text-color has-drop-cap has-very-dark-gray-color\">En la fiesta de San Juan Mar\u00eda Vianney, que se conmemora hoy en la Iglesia, tambi\u00e9n se celebra el D\u00eda del P\u00e1rroco, en memoria de este presb\u00edtero que se dedic\u00f3, con empe\u00f1o, a la conversi\u00f3n de su parroquia. Tambi\u00e9n conocido como el cura de Ars, fue p\u00e1rroco de la peque\u00f1a poblaci\u00f3n francesa donde gan\u00f3 popularidad, especialmente, como confesor, no solo dentro de su comunidad, sino tambi\u00e9n en toda Francia. Su ejemplo de vida como pastor pas\u00f3 las fronteras, tanto as\u00ed que el mismo Pio X lo propuso como modelo para los sacerdotes p\u00e1rrocos.<\/p>\n\n\n\n<p>\u00abNo me elegisteis vosotros a m\u00ed, sino que yo os eleg\u00ed a vosotros, y os he puesto para que vay\u00e1is y llev\u00e9is fruto, y vuestro fruto permanezca; para que todo lo que pidiereis al Padre en mi nombre, \u00e9l os lo d\u00e9.\u00bb Jn 15:16<\/p>\n\n\n\n<p>Damos gracias a Dios por la vida y testimonio de cada p\u00e1rroco y nos unimos en oraci\u00f3n por su vocaci\u00f3n y fidelidad en el servicio a la Iglesia, especialmente en nuestras parroquias<br>Que Dios y la Virgen los acompa\u00f1e, por este camino al que fueron llamados y que siempre vayan juntos a sus comunidades dando testimonio del amor de Dios.<\/p>\n\n\n\n<div class=\"wp-block-image\"><figure class=\"aligncenter size-large\"><img fetchpriority=\"high\" decoding=\"async\" width=\"225\" height=\"225\" src=\"https:\/\/obispadodelinares.cl\/ol\/wp-content\/uploads\/2020\/08\/b7dd1b50e1d792620fa3309c25eded6d.jpg\" alt=\"\" class=\"wp-image-5641\" srcset=\"https:\/\/obispadodelinares.cl\/ol\/wp-content\/uploads\/2020\/08\/b7dd1b50e1d792620fa3309c25eded6d.jpg 225w, https:\/\/obispadodelinares.cl\/ol\/wp-content\/uploads\/2020\/08\/b7dd1b50e1d792620fa3309c25eded6d-150x150.jpg 150w\" sizes=\"(max-width: 225px) 100vw, 225px\" \/><\/figure><\/div>\n","protected":false},"excerpt":{"rendered":"<p>En la fiesta de San Juan Mar\u00eda Vianney, que se conmemora hoy en la Iglesia, tambi\u00e9n se celebra el D\u00eda del P\u00e1rroco, en memoria de este presb\u00edtero que se dedic\u00f3, con empe\u00f1o, a la conversi\u00f3n de su parroquia. Tambi\u00e9n conocido como el cura de Ars, fue p\u00e1rroco de la peque\u00f1a poblaci\u00f3n francesa donde gan\u00f3 popularidad, [&hellip;]<\/p>\n","protected":false},"author":1,"featured_media":5640,"comment_status":"closed","ping_status":"closed","sticky":false,"template":"","format":"standard","meta":{"h5ap_radio_sources":[],"footnotes":""},"categories":[274,69,74,61,154],"tags":[],"class_list":["post-5639","post","type-post","status-publish","format-standard","has-post-thumbnail","hentry","category-274","category-aniversario","category-fiesta-religiosa","category-sacerdotes","category-vocacion"],"_links":{"self":[{"href":"https:\/\/obispadodelinares.cl\/ol\/index.php?rest_route=\/wp\/v2\/posts\/5639","targetHints":{"allow":["GET"]}}],"collection":[{"href":"https:\/\/obispadodelinares.cl\/ol\/index.php?rest_route=\/wp\/v2\/posts"}],"about":[{"href":"https:\/\/obispadodelinares.cl\/ol\/index.php?rest_route=\/wp\/v2\/types\/post"}],"author":[{"embeddable":true,"href":"https:\/\/obispadodelinares.cl\/ol\/index.php?rest_route=\/wp\/v2\/users\/1"}],"replies":[{"embeddable":true,"href":"https:\/\/obispadodelinares.cl\/ol\/index.php?rest_route=%2Fwp%2Fv2%2Fcomments&post=5639"}],"version-history":[{"count":0,"href":"https:\/\/obispadodelinares.cl\/ol\/index.php?rest_route=\/wp\/v2\/posts\/5639\/revisions"}],"wp:featuredmedia":[{"embeddable":true,"href":"https:\/\/obispadodelinares.cl\/ol\/index.php?rest_route=\/wp\/v2\/media\/5640"}],"wp:attachment":[{"href":"https:\/\/obispadodelinares.cl\/ol\/index.php?rest_route=%2Fwp%2Fv2%2Fmedia&parent=5639"}],"wp:term":[{"taxonomy":"category","embeddable":true,"href":"https:\/\/obispadodelinares.cl\/ol\/index.php?rest_route=%2Fwp%2Fv2%2Fcategories&post=5639"},{"taxonomy":"post_tag","embeddable":true,"href":"https:\/\/obispadodelinares.cl\/ol\/index.php?rest_route=%2Fwp%2Fv2%2Ftags&post=5639"}],"curies":[{"name":"wp","href":"https:\/\/api.w.org\/{rel}","templated":true}]}}