{"id":5509,"date":"2020-05-06T06:35:33","date_gmt":"2020-05-06T06:35:33","guid":{"rendered":"http:\/\/obispadodelinares.cl\/ol\/?p=5509"},"modified":"2020-05-21T01:39:23","modified_gmt":"2020-05-21T01:39:23","slug":"que-el-tiempo-en-casa-no-nos-desgaste-nos-renueve-mantener-la-fe-en-tiempos-de-pandemia","status":"publish","type":"post","link":"https:\/\/obispadodelinares.cl\/ol\/?p=5509","title":{"rendered":"Que el tiempo en casa no nos desgaste, nos renueve&#8230; Mantener la fe en tiempos de pandemia"},"content":{"rendered":"\n<p class=\"has-background has-drop-cap has-pale-cyan-blue-background-color\">Como casi todas las personas, yo tambi\u00e9n estoy en cuarentena por esta pandemia que nos ha visitado sin aviso, sin invitaci\u00f3n y que ha tocado a todo el mundo.<\/p>\n\n\n\n<p>Es bueno no dejar pasar esta ocasi\u00f3n que espero sea una oportunidad para volver sobre nosotros mismos, revisar nuestras relaciones familiares, con los amigos, los compa\u00f1eros de trabajo, con los miembros de nuestras comunidades y grupos, el medio ambiente, en la sociedad.<\/p>\n\n\n\n<p>Como muchos, o casi todos, tambi\u00e9n he tenido que re-hacerme, ocupar este tiempo de una manera distinta haciendo cosas que no hac\u00eda porque \u201cno ten\u00eda tiempo\u201d, compartir m\u00e1s con mis hermanas de comunidad, acrecentar los momentos de oraci\u00f3n, vivir con m\u00e1s serenidad, leer, reflexionar, tejer, aprender cosas nuevas, acercarme a las personas por los medios de comunicaci\u00f3n actuales, y todo con tiempo porque est\u00e1 aqu\u00ed a la mano.<\/p>\n\n\n\n<p>Le pido al Se\u00f1or que&nbsp;su Esp\u00edritu nos mueva al bien, al servicio, a amar y valorar m\u00e1s la vida, nuestra actitud frente a ella, y que este \u201ctiempo en casa\u201d no nos desgaste sicol\u00f3gicamente, sino que podamos vivir con paz, con esperanza, dialogando, que la alegr\u00eda y el buen humor aliente nuestra vida y la de los dem\u00e1s.<\/p>\n\n\n\n<p>Esta realidad que estamos viviendo nos ayude a crecer como personas, como sociedad, como Iglesia, tenemos un nuevo escenario, que cada uno estemos atentos para dar lo mejor y podamos responder con generosidad a las necesidades que ir\u00e1n surgiendo, dar el paso con la confianza puesta en el Autor de la vida.<\/p>\n\n\n\n<p>Somos disc\u00edpulos de Jesucristo, es un tiempo-regalo para escuchar al Maestro, somos misioneros, \u00c9l nos regala la creatividad para anunciarlo a nuestros hermanos en este hoy que vivimos, usando a favor todas las tecnolog\u00edas que aprendamos a usar.&nbsp;<\/p>\n\n\n\n<p>Rezo por todos. Un gran abrazo, a la distancia. &nbsp;&nbsp;&nbsp; &nbsp; &nbsp; &nbsp; &nbsp;<strong>Hna. Pilar Tapia Agurto. Religiosa<\/strong><\/p>\n\n\n\n<p><strong>Ntra. Sra, de la Consolaci\u00f3n, Parral<\/strong><\/p>\n","protected":false},"excerpt":{"rendered":"<p>Como casi todas las personas, yo tambi\u00e9n estoy en cuarentena por esta pandemia que nos ha visitado sin aviso, sin invitaci\u00f3n y que ha tocado a todo el mundo. Es bueno no dejar pasar esta ocasi\u00f3n que espero sea una oportunidad para volver sobre nosotros mismos, revisar nuestras relaciones familiares, con los amigos, los compa\u00f1eros [&hellip;]<\/p>\n","protected":false},"author":1,"featured_media":5510,"comment_status":"closed","ping_status":"closed","sticky":false,"template":"","format":"standard","meta":{"h5ap_radio_sources":[],"footnotes":""},"categories":[274,193,133,102,68,154],"tags":[151,285],"class_list":["post-5509","post","type-post","status-publish","format-standard","has-post-thumbnail","hentry","category-274","category-historia-diocesana","category-infancia-misionera","category-misiones","category-religiosas","category-vocacion","tag-emergencias","tag-testimonios"],"_links":{"self":[{"href":"https:\/\/obispadodelinares.cl\/ol\/index.php?rest_route=\/wp\/v2\/posts\/5509","targetHints":{"allow":["GET"]}}],"collection":[{"href":"https:\/\/obispadodelinares.cl\/ol\/index.php?rest_route=\/wp\/v2\/posts"}],"about":[{"href":"https:\/\/obispadodelinares.cl\/ol\/index.php?rest_route=\/wp\/v2\/types\/post"}],"author":[{"embeddable":true,"href":"https:\/\/obispadodelinares.cl\/ol\/index.php?rest_route=\/wp\/v2\/users\/1"}],"replies":[{"embeddable":true,"href":"https:\/\/obispadodelinares.cl\/ol\/index.php?rest_route=%2Fwp%2Fv2%2Fcomments&post=5509"}],"version-history":[{"count":0,"href":"https:\/\/obispadodelinares.cl\/ol\/index.php?rest_route=\/wp\/v2\/posts\/5509\/revisions"}],"wp:featuredmedia":[{"embeddable":true,"href":"https:\/\/obispadodelinares.cl\/ol\/index.php?rest_route=\/wp\/v2\/media\/5510"}],"wp:attachment":[{"href":"https:\/\/obispadodelinares.cl\/ol\/index.php?rest_route=%2Fwp%2Fv2%2Fmedia&parent=5509"}],"wp:term":[{"taxonomy":"category","embeddable":true,"href":"https:\/\/obispadodelinares.cl\/ol\/index.php?rest_route=%2Fwp%2Fv2%2Fcategories&post=5509"},{"taxonomy":"post_tag","embeddable":true,"href":"https:\/\/obispadodelinares.cl\/ol\/index.php?rest_route=%2Fwp%2Fv2%2Ftags&post=5509"}],"curies":[{"name":"wp","href":"https:\/\/api.w.org\/{rel}","templated":true}]}}