{"id":5506,"date":"2020-05-05T06:32:51","date_gmt":"2020-05-05T06:32:51","guid":{"rendered":"http:\/\/obispadodelinares.cl\/ol\/?p=5506"},"modified":"2020-05-21T01:35:07","modified_gmt":"2020-05-21T01:35:07","slug":"mantener-la-fe-en-tiempos-de-pandemia","status":"publish","type":"post","link":"https:\/\/obispadodelinares.cl\/ol\/?p=5506","title":{"rendered":"Mantener la fe en tiempos de pandemia"},"content":{"rendered":"\n<p class=\"has-background has-drop-cap has-luminous-vivid-amber-background-color\">La experiencia que hemos vivido como comunidad redentorista, con presencia en el decanato de Cauquenes, en esta pandemia tiene muchas aristas, de los cuales quisi\u00e9ramos compartir algunos.<\/p>\n\n\n\n<p>Un primer aspecto es el sentir preocupaci\u00f3n por los dem\u00e1s. Somos una comunidad de cuatro personas, entre los cuales, dos son hermanos mayores, es decir en grupo de riesgo. Ser conscientes que cuid\u00e1ndome cuido tambi\u00e9n al otro, es volver a lo esencial de la vida en com\u00fan. El tiempo de cuarentena preventiva nos ha ayudado a cuidarnos entre todos, no solo del virus mismo, sino tambi\u00e9n de nuestros estados de \u00e1nimo, que tambi\u00e9n se ven afectados.<\/p>\n\n\n\n<p>Otro aspecto que hemos vivido es el sentimiento de no poder estar tan cerca de la gente como estamos acostumbrados. De poder celebrar con ellos la vida en todos sus matices, de ver ese ir y venir de personas por los templos o dependencias de las comunidades. Se nota esa necesidad, pero tambi\u00e9n ha sido interesante revalorar otros medios, como la radio san Alfonso, el Facebook parroquial y el Fanpage del Peri\u00f3dico Buena Nueva, donde podemos comunicarnos con las personas Cauquenes y de aquellos que viven m\u00e1s all\u00e1 de la comuna.<\/p>\n\n\n\n<p>Pero tambi\u00e9n ha sido un tiempo para poner la confianza en el Se\u00f1or, de unirnos m\u00e1s en la oraci\u00f3n y de reconocer que es \u00c9l el Se\u00f1or de la historia. Como hombres de esperanza, este tiempo nos ha servido para ponernos siempre en las manos de Dios y tambi\u00e9n para animar a toda nuestra comunidad parroquial a no perder la alegr\u00eda entre tantas preocupaciones que esta pandemia ha hecho surgir.<\/p>\n\n\n\n<p><strong>Ronald Flores Soto, p\u00e1rroco y superior de la comunidad redentorista. Cauquenes.<\/strong><\/p>\n","protected":false},"excerpt":{"rendered":"<p>La experiencia que hemos vivido como comunidad redentorista, con presencia en el decanato de Cauquenes, en esta pandemia tiene muchas aristas, de los cuales quisi\u00e9ramos compartir algunos. Un primer aspecto es el sentir preocupaci\u00f3n por los dem\u00e1s. Somos una comunidad de cuatro personas, entre los cuales, dos son hermanos mayores, es decir en grupo de [&hellip;]<\/p>\n","protected":false},"author":1,"featured_media":5507,"comment_status":"closed","ping_status":"closed","sticky":false,"template":"","format":"standard","meta":{"h5ap_radio_sources":[],"footnotes":""},"categories":[274,61,154],"tags":[151,285],"class_list":["post-5506","post","type-post","status-publish","format-standard","has-post-thumbnail","hentry","category-274","category-sacerdotes","category-vocacion","tag-emergencias","tag-testimonios"],"_links":{"self":[{"href":"https:\/\/obispadodelinares.cl\/ol\/index.php?rest_route=\/wp\/v2\/posts\/5506","targetHints":{"allow":["GET"]}}],"collection":[{"href":"https:\/\/obispadodelinares.cl\/ol\/index.php?rest_route=\/wp\/v2\/posts"}],"about":[{"href":"https:\/\/obispadodelinares.cl\/ol\/index.php?rest_route=\/wp\/v2\/types\/post"}],"author":[{"embeddable":true,"href":"https:\/\/obispadodelinares.cl\/ol\/index.php?rest_route=\/wp\/v2\/users\/1"}],"replies":[{"embeddable":true,"href":"https:\/\/obispadodelinares.cl\/ol\/index.php?rest_route=%2Fwp%2Fv2%2Fcomments&post=5506"}],"version-history":[{"count":0,"href":"https:\/\/obispadodelinares.cl\/ol\/index.php?rest_route=\/wp\/v2\/posts\/5506\/revisions"}],"wp:featuredmedia":[{"embeddable":true,"href":"https:\/\/obispadodelinares.cl\/ol\/index.php?rest_route=\/wp\/v2\/media\/5507"}],"wp:attachment":[{"href":"https:\/\/obispadodelinares.cl\/ol\/index.php?rest_route=%2Fwp%2Fv2%2Fmedia&parent=5506"}],"wp:term":[{"taxonomy":"category","embeddable":true,"href":"https:\/\/obispadodelinares.cl\/ol\/index.php?rest_route=%2Fwp%2Fv2%2Fcategories&post=5506"},{"taxonomy":"post_tag","embeddable":true,"href":"https:\/\/obispadodelinares.cl\/ol\/index.php?rest_route=%2Fwp%2Fv2%2Ftags&post=5506"}],"curies":[{"name":"wp","href":"https:\/\/api.w.org\/{rel}","templated":true}]}}