{"id":5463,"date":"2020-05-08T12:53:26","date_gmt":"2020-05-08T12:53:26","guid":{"rendered":"http:\/\/obispadodelinares.cl\/ol\/?p=5463"},"modified":"2020-05-08T12:53:30","modified_gmt":"2020-05-08T12:53:30","slug":"en-tiempo-de-pandemia-original-campana-de-sanitizacion-solidaria","status":"publish","type":"post","link":"https:\/\/obispadodelinares.cl\/ol\/?p=5463","title":{"rendered":"En tiempo de pandemia, original Campa\u00f1a de \u201cSanitizaci\u00f3n Solidaria\u201d"},"content":{"rendered":"\n<p><strong><em>Buscando llevar apoyo a quienes lo necesiten, y ser parte de la soluci\u00f3n, un feligr\u00e9s de la parroquia San Alfonso de Cauquenes, ha ofrecido su servicio de Sanitaci\u00f3n de veh\u00edculos, a cambio de alimentos no perecibles.<\/em><\/strong><br><\/p>\n\n\n\n<p>Muy preocupado por sus vecinos y amigos, que han perdido su fuente laboral y la contingencia frente a la situaci\u00f3n actual por coronavirus, Don Cristian Henr\u00edquez de Fumigaplag, luego de sanitizar las dependencias parroquiales, conversando con el p\u00e1rroco P. Ronald Flores, a quien manifest\u00f3 su preocupaci\u00f3n y ofreci\u00f3 realizar este servicio a cambio de alimentos no perecibles o implementos de higiene, los que quedar\u00e1n a disposici\u00f3n de la parroquia para completar las canastas familiares que luego ser\u00e1n distribuidas entre las diversas comunidades y familias que m\u00e1s necesitan.<\/p>\n\n\n\n<p>Este servicio de SANITIZACI\u00d3N GRATIS es para veh\u00edculos y se realizar\u00e1 en el patio interior y exterior de la parroquia San Alfonso, el viernes 8 de mayo, de 10 a 17:30 hrs.&nbsp; Cabe destacar que el producto a utilizar, es un sanitizante de origen natural y est\u00e1 bajo la norma ISP. Se recomienda ir una persona por veh\u00edculo y llevarlo limpio, para lograr mayor eficacia del sanitizante.&nbsp;<\/p>\n\n\n\n<p>Por su parte el P. Ronald, p\u00e1rroco de San Alfonso, destaca la inquietud y generosidad de vecinos como Don Cristian, pues gracias a estos gestos se puede ayudar y hacer un poco m\u00e1s llevadera la incertidumbre que enfrentar\u00e1n varias familias ante esta pandemia del covid 19. En las parroquias se han suspendido las eucarist\u00edas presenciales y otras actividades, con las cuales reun\u00edamos alimentos y ayuda para entregar canastas a las familias que lo necesiten, pero gracias a Dios, hay feligreses preocupados por sus vecinos y esta actividad es una muestra de esa solidaridad activa que agradecemos y nos enorgullece.<\/p>\n\n\n\n<div class=\"wp-block-group\"><div class=\"wp-block-group__inner-container is-layout-flow wp-block-group-is-layout-flow\">\n<figure class=\"wp-block-gallery columns-2 is-cropped wp-block-gallery-1 is-layout-flex wp-block-gallery-is-layout-flex\"><ul class=\"blocks-gallery-grid\"><li class=\"blocks-gallery-item\"><figure><img fetchpriority=\"high\" decoding=\"async\" width=\"401\" height=\"412\" src=\"https:\/\/obispadodelinares.cl\/ol\/wp-content\/uploads\/2020\/05\/Fumiga.jpg\" alt=\"\" data-id=\"5466\" data-full-url=\"https:\/\/obispadodelinares.cl\/ol\/wp-content\/uploads\/2020\/05\/Fumiga.jpg\" data-link=\"https:\/\/obispadodelinares.cl\/ol\/?attachment_id=5466\" class=\"wp-image-5466\" srcset=\"https:\/\/obispadodelinares.cl\/ol\/wp-content\/uploads\/2020\/05\/Fumiga.jpg 401w, https:\/\/obispadodelinares.cl\/ol\/wp-content\/uploads\/2020\/05\/Fumiga-292x300.jpg 292w\" sizes=\"(max-width: 401px) 100vw, 401px\" \/><\/figure><\/li><li class=\"blocks-gallery-item\"><figure><img decoding=\"async\" width=\"720\" height=\"960\" data-src=\"https:\/\/obispadodelinares.cl\/ol\/wp-content\/uploads\/2020\/05\/91108660_2396586990634455_8761526773222473728_n.jpg\" alt=\"\" data-id=\"5464\" data-full-url=\"https:\/\/obispadodelinares.cl\/ol\/wp-content\/uploads\/2020\/05\/91108660_2396586990634455_8761526773222473728_n.jpg\" data-link=\"https:\/\/obispadodelinares.cl\/ol\/?attachment_id=5464\" class=\"wp-image-5464 lazyload\" data-srcset=\"https:\/\/obispadodelinares.cl\/ol\/wp-content\/uploads\/2020\/05\/91108660_2396586990634455_8761526773222473728_n.jpg 720w, https:\/\/obispadodelinares.cl\/ol\/wp-content\/uploads\/2020\/05\/91108660_2396586990634455_8761526773222473728_n-225x300.jpg 225w\" data-sizes=\"(max-width: 720px) 100vw, 720px\" src=\"data:image\/svg+xml;base64,PHN2ZyB3aWR0aD0iMSIgaGVpZ2h0PSIxIiB4bWxucz0iaHR0cDovL3d3dy53My5vcmcvMjAwMC9zdmciPjwvc3ZnPg==\" style=\"--smush-placeholder-width: 720px; --smush-placeholder-aspect-ratio: 720\/960;\" \/><\/figure><\/li><\/ul><\/figure>\n\n\n\n<p><br><\/p>\n<\/div><\/div>\n","protected":false},"excerpt":{"rendered":"<p>Buscando llevar apoyo a quienes lo necesiten, y ser parte de la soluci\u00f3n, un feligr\u00e9s de la parroquia San Alfonso de Cauquenes, ha ofrecido su servicio de Sanitaci\u00f3n de veh\u00edculos, a cambio de alimentos no perecibles. Muy preocupado por sus vecinos y amigos, que han perdido su fuente laboral y la contingencia frente a la [&hellip;]<\/p>\n","protected":false},"author":1,"featured_media":5465,"comment_status":"closed","ping_status":"closed","sticky":false,"template":"","format":"standard","meta":{"h5ap_radio_sources":[],"footnotes":""},"categories":[274],"tags":[151],"class_list":["post-5463","post","type-post","status-publish","format-standard","has-post-thumbnail","hentry","category-274","tag-emergencias"],"_links":{"self":[{"href":"https:\/\/obispadodelinares.cl\/ol\/index.php?rest_route=\/wp\/v2\/posts\/5463","targetHints":{"allow":["GET"]}}],"collection":[{"href":"https:\/\/obispadodelinares.cl\/ol\/index.php?rest_route=\/wp\/v2\/posts"}],"about":[{"href":"https:\/\/obispadodelinares.cl\/ol\/index.php?rest_route=\/wp\/v2\/types\/post"}],"author":[{"embeddable":true,"href":"https:\/\/obispadodelinares.cl\/ol\/index.php?rest_route=\/wp\/v2\/users\/1"}],"replies":[{"embeddable":true,"href":"https:\/\/obispadodelinares.cl\/ol\/index.php?rest_route=%2Fwp%2Fv2%2Fcomments&post=5463"}],"version-history":[{"count":0,"href":"https:\/\/obispadodelinares.cl\/ol\/index.php?rest_route=\/wp\/v2\/posts\/5463\/revisions"}],"wp:featuredmedia":[{"embeddable":true,"href":"https:\/\/obispadodelinares.cl\/ol\/index.php?rest_route=\/wp\/v2\/media\/5465"}],"wp:attachment":[{"href":"https:\/\/obispadodelinares.cl\/ol\/index.php?rest_route=%2Fwp%2Fv2%2Fmedia&parent=5463"}],"wp:term":[{"taxonomy":"category","embeddable":true,"href":"https:\/\/obispadodelinares.cl\/ol\/index.php?rest_route=%2Fwp%2Fv2%2Fcategories&post=5463"},{"taxonomy":"post_tag","embeddable":true,"href":"https:\/\/obispadodelinares.cl\/ol\/index.php?rest_route=%2Fwp%2Fv2%2Ftags&post=5463"}],"curies":[{"name":"wp","href":"https:\/\/api.w.org\/{rel}","templated":true}]}}