{"id":5359,"date":"2020-04-05T03:09:02","date_gmt":"2020-04-05T03:09:02","guid":{"rendered":"http:\/\/obispadodelinares.cl\/ol\/?p=5359"},"modified":"2020-04-05T03:09:09","modified_gmt":"2020-04-05T03:09:09","slug":"semana-santa-distinta-vivida-desde-el-nucleo-familiar","status":"publish","type":"post","link":"https:\/\/obispadodelinares.cl\/ol\/?p=5359","title":{"rendered":"Semana Santa distinta, Vivida desde el n\u00facleo familiar"},"content":{"rendered":"\n<p class=\"has-drop-cap\">Destacando el sentido lit\u00fargico que tienen para el mundo cristiano las celebraciones de Semana Santa, Monse\u00f1or Koljatic, y ante la contingencia sanitaria de envergadura mundial, hace un llamado a vivir estos momentos con recogimiento, oraci\u00f3n personal y familia, acatando las indicaciones que la autoridad sanitaria sugiere.<\/p>\n\n\n\n<p>Las celebraciones de algunas parroquias ser\u00e1n transmitidas on line desde sus muros de Facebook, Instagram, Radio o canales de tv local.<\/p>\n\n\n\n<p>Desde FanPage de peri\u00f3dico Buena Nueva @BuenaNueva.Peri\u00f3dicoDiocesano y Radio Buena Nueva\u00a0 97.9 FM se compartir\u00e1n las celebraciones presididas por el Obispo, Mons. Koljaic.<br><\/p>\n\n\n\n<p><strong>Detalles a considerar:<\/strong><\/p>\n\n\n\n<p>Espec\u00edficamente relacionado a las celebraciones de Semana Santa, en reuni\u00f3n de Consejo de Gobierno, ha acordado lo siguiente:<\/p>\n\n\n\n<p><strong>1.-<\/strong> Respetar las indicaciones que las autoridades sanitarias han impuesto durante esta emergencia de salud p\u00fablica, particularmente las que dicen relaci\u00f3n a suspender todos los actos p\u00fablicos con participaci\u00f3n de fieles.<\/p>\n\n\n\n<p><strong>2.-<\/strong> Aprovechar los medios de comunicaci\u00f3n social que nos permiten estar m\u00e1s cerca de nuestros fieles y en general animar a que los feligreses que los usen.<\/p>\n\n\n\n<p><strong>3.-<\/strong>&nbsp; En consonancia con estos criterios se acord\u00f3:<\/p>\n\n\n\n<p><strong>a.-<\/strong>&nbsp; El domingo de Ramos celebrarla en los templos parroquiales con el m\u00ednimo de fieles y las puertas cerradas. La idea es transmitirla por: Radio, Facebook y otras plataformas disponibles.<\/p>\n\n\n\n<p><strong>b.-<\/strong> \tNos unimos a la iniciativa de pegar el Ramo de Olivos u otros en la puerta o ventana de la casa. Sirve la del a\u00f1o pasado si se tiene.&nbsp;<\/p>\n\n\n\n<p><strong>c.- <\/strong>\tSi alg\u00fan p\u00e1rroco puede salir en un veh\u00edculo con altavoces con alg\u00fan saludo u oraciones apropiadas se deja a su decisi\u00f3n.&nbsp;<\/p>\n\n\n\n<p>Esto vale para todas las celebraciones de Semana Santa.&nbsp;<\/p>\n\n\n\n<p><strong>4.-<\/strong>&nbsp; La Misa Crismal se suspende. Se ver\u00e1 m\u00e1s adelante una fecha oportuna. El Crisma y la Unci\u00f3n que tienen en sus parroquias sigue siendo v\u00e1lido para administrar los Sacramentos.&nbsp;<\/p>\n\n\n\n<p><strong>5.-<\/strong> La reuni\u00f3n del clero de ese d\u00eda se suspende, tambi\u00e9n sujetas a nuevo programa<\/p>\n\n\n\n<p><strong>6.-<\/strong> La Misa de la Instituci\u00f3n de la Eucarist\u00eda se celebra en las mismas condiciones que la del Domingo de Ramos. Sin fieles, a puertas cerradas y se transmite si es posible.<\/p>\n\n\n\n<p><strong>7.-<\/strong> Las celebraciones del Viernes Santo se suspenden. Se invita a los fieles a participar del V\u00eda Crucis desde Roma con el Papa Francisco.<\/p>\n\n\n\n<p>&nbsp;&nbsp;&nbsp;&nbsp;&nbsp;Se deja a la libre iniciativa de los p\u00e1rrocos el dar alg\u00fan retiro espiritual por radio u otros medios disponibles.<\/p>\n\n\n\n<p><strong>8.-<\/strong> La Misa de Pascua se celebra en las mismas condiciones ya antes mencionadas, sin fieles, a puertas cerradas y solo transmitida por los medios.<br><\/p>\n\n\n\n<p><strong>+Tomislav Koljatic M.<\/strong><br><\/p>\n\n\n\n<p>Linares 31 de marzo 2020<br><\/p>\n","protected":false},"excerpt":{"rendered":"<p>Destacando el sentido lit\u00fargico que tienen para el mundo cristiano las celebraciones de Semana Santa, Monse\u00f1or Koljatic, y ante la contingencia sanitaria de envergadura mundial, hace un llamado a vivir estos momentos con recogimiento, oraci\u00f3n personal y familia, acatando las indicaciones que la autoridad sanitaria sugiere. Las celebraciones de algunas parroquias ser\u00e1n transmitidas on line [&hellip;]<\/p>\n","protected":false},"author":1,"featured_media":5360,"comment_status":"closed","ping_status":"closed","sticky":false,"template":"","format":"standard","meta":{"h5ap_radio_sources":[],"footnotes":""},"categories":[274],"tags":[139],"class_list":["post-5359","post","type-post","status-publish","format-standard","has-post-thumbnail","hentry","category-274","tag-semana-santa"],"_links":{"self":[{"href":"https:\/\/obispadodelinares.cl\/ol\/index.php?rest_route=\/wp\/v2\/posts\/5359","targetHints":{"allow":["GET"]}}],"collection":[{"href":"https:\/\/obispadodelinares.cl\/ol\/index.php?rest_route=\/wp\/v2\/posts"}],"about":[{"href":"https:\/\/obispadodelinares.cl\/ol\/index.php?rest_route=\/wp\/v2\/types\/post"}],"author":[{"embeddable":true,"href":"https:\/\/obispadodelinares.cl\/ol\/index.php?rest_route=\/wp\/v2\/users\/1"}],"replies":[{"embeddable":true,"href":"https:\/\/obispadodelinares.cl\/ol\/index.php?rest_route=%2Fwp%2Fv2%2Fcomments&post=5359"}],"version-history":[{"count":0,"href":"https:\/\/obispadodelinares.cl\/ol\/index.php?rest_route=\/wp\/v2\/posts\/5359\/revisions"}],"wp:featuredmedia":[{"embeddable":true,"href":"https:\/\/obispadodelinares.cl\/ol\/index.php?rest_route=\/wp\/v2\/media\/5360"}],"wp:attachment":[{"href":"https:\/\/obispadodelinares.cl\/ol\/index.php?rest_route=%2Fwp%2Fv2%2Fmedia&parent=5359"}],"wp:term":[{"taxonomy":"category","embeddable":true,"href":"https:\/\/obispadodelinares.cl\/ol\/index.php?rest_route=%2Fwp%2Fv2%2Fcategories&post=5359"},{"taxonomy":"post_tag","embeddable":true,"href":"https:\/\/obispadodelinares.cl\/ol\/index.php?rest_route=%2Fwp%2Fv2%2Ftags&post=5359"}],"curies":[{"name":"wp","href":"https:\/\/api.w.org\/{rel}","templated":true}]}}