{"id":5333,"date":"2020-03-31T00:35:50","date_gmt":"2020-03-31T00:35:50","guid":{"rendered":"http:\/\/obispadodelinares.cl\/ol\/?p=5333"},"modified":"2020-03-31T00:35:55","modified_gmt":"2020-03-31T00:35:55","slug":"congregaciones-religiosas-de-chile-colocan-a-disposicion-de-las-autoridades-sus-casas-de-retiro-ante-pandemia-de-covid-19","status":"publish","type":"post","link":"https:\/\/obispadodelinares.cl\/ol\/?p=5333","title":{"rendered":"Congregaciones Religiosas de Chile colocan a disposici\u00f3n de las autoridades sus casas de retiro ante pandemia de Covid-19"},"content":{"rendered":"\n<p class=\"has-background has-drop-cap has-luminous-vivid-amber-background-color\"> <em>Respondiendo al llamado que hiciera la Junta Directiva de CONFERRE, el pasado 25 de marzo, diversas congregaciones han dado a conocer la n\u00f3mina de establecimientos que ponen a disposici\u00f3n de las autoridades del pa\u00eds.<\/em> <\/p>\n\n\n\n<p>\n\nLa&nbsp;<strong><a href=\"https:\/\/www.conferre.cl\/urgente-llamado-a-la-vida-religiosa\/\" target=\"_blank\" rel=\"noreferrer noopener\">solicitud realizada por la Conferencia de Religiosas y Religiosos de Chile<\/a><\/strong>&nbsp;a los superiores y superioras de las diversas congregaciones presentes en Chile, se\u00f1alaba que \u00abChile y el mundo experimentan una seria realidad sanitaria. La propagaci\u00f3n del COVID-19 a nivel global, ha cobrado un n\u00famero lamentable de v\u00edctimas y ha dejado en evidencia las necesidades y carencias de los diversos sistemas de salud\u00bb.<\/p>\n\n\n\n<p>\u00abEste es un tema que nos involucra a todos y cada uno puede aportar a que este virus, que aqueja a tantos hermanos y hermanas, no se siga expandiendo. Hoy estamos involucrados y vulnerados. Este escenario nos llama a la acci\u00f3n y es por ello que les escribimos para solicitarles su ayuda directa, poni\u00e9ndonos a disposici\u00f3n del Gobierno y las autoridades de la misma manera que lo expres\u00f3 la Conferencia Episcopal en la carta publicada el d\u00eda 19 de marzo del a\u00f1o en curso\u00bb, agregaba el mensaje que invitaba a las Congregaciones femeninas y masculinas que tuvieran casas de retiros, el colocarlas a disposici\u00f3n del Estado.<\/p>\n\n\n\n<p>En un&nbsp;<strong><a href=\"https:\/\/www.conferre.cl\/ofrecimientos-de-casas-por-covid-19-y-salvoconducto\/\" target=\"_blank\" rel=\"noreferrer noopener\">nuevo mensaje dado a conocer este 30 de marzo<\/a><\/strong>, la directiva de CONFERRE ha explicado que a partir del martes 31 de marzo, la informaci\u00f3n de disponibilidad de nuevos lugares debe ser comunicada al Hno. Obispo de la Di\u00f3cesis correspondiente, agradeciendo enviar con copia a&nbsp;<strong><a href=\"mailto:sejecutiva@conferre.cl\">sejecutiva@conferre.cl<\/a><\/strong>. Esto tras conversaciones de la Conferencia Episcopal de Chile con el Gobierno de manera de facilitar un solo interlocutor que dialogue con los intendentes y directores provinciales de Salud a partir del perfil del recinto sanitario solicitado.<\/p>\n\n\n\n<p>La informaci\u00f3n de las Congregaciones que ya enviaron la informaci\u00f3n de sus casas disponibles al 30 de marzo, ya fueron entregadas (informaci\u00f3n que puede ser revisada en&nbsp;<strong><a href=\"https:\/\/www.conferre.cl\/congregaciones-religiosas-disponen-casas-de-retiros-por-covid-19\/\" target=\"_blank\" rel=\"noreferrer noopener\">este enlace).<\/a><\/strong><\/p>\n\n\n\n<p><strong>Fuente:\u00a0<strong><a rel=\"noreferrer noopener\" href=\"http:\/\/www.conferre.cl\/\" target=\"_blank\">www.conferre.cl<\/a><\/strong><\/strong> \/ www.iglesia.cl<br><em>Santiago, 30-03-2020<\/em><br><\/p>\n","protected":false},"excerpt":{"rendered":"<p>Respondiendo al llamado que hiciera la Junta Directiva de CONFERRE, el pasado 25 de marzo, diversas congregaciones han dado a conocer la n\u00f3mina de establecimientos que ponen a disposici\u00f3n de las autoridades del pa\u00eds. La&nbsp;solicitud realizada por la Conferencia de Religiosas y Religiosos de Chile&nbsp;a los superiores y superioras de las diversas congregaciones presentes en [&hellip;]<\/p>\n","protected":false},"author":1,"featured_media":5334,"comment_status":"closed","ping_status":"closed","sticky":false,"template":"","format":"standard","meta":{"h5ap_radio_sources":[],"footnotes":""},"categories":[274,68],"tags":[151],"class_list":["post-5333","post","type-post","status-publish","format-standard","has-post-thumbnail","hentry","category-274","category-religiosas","tag-emergencias"],"_links":{"self":[{"href":"https:\/\/obispadodelinares.cl\/ol\/index.php?rest_route=\/wp\/v2\/posts\/5333","targetHints":{"allow":["GET"]}}],"collection":[{"href":"https:\/\/obispadodelinares.cl\/ol\/index.php?rest_route=\/wp\/v2\/posts"}],"about":[{"href":"https:\/\/obispadodelinares.cl\/ol\/index.php?rest_route=\/wp\/v2\/types\/post"}],"author":[{"embeddable":true,"href":"https:\/\/obispadodelinares.cl\/ol\/index.php?rest_route=\/wp\/v2\/users\/1"}],"replies":[{"embeddable":true,"href":"https:\/\/obispadodelinares.cl\/ol\/index.php?rest_route=%2Fwp%2Fv2%2Fcomments&post=5333"}],"version-history":[{"count":0,"href":"https:\/\/obispadodelinares.cl\/ol\/index.php?rest_route=\/wp\/v2\/posts\/5333\/revisions"}],"wp:featuredmedia":[{"embeddable":true,"href":"https:\/\/obispadodelinares.cl\/ol\/index.php?rest_route=\/wp\/v2\/media\/5334"}],"wp:attachment":[{"href":"https:\/\/obispadodelinares.cl\/ol\/index.php?rest_route=%2Fwp%2Fv2%2Fmedia&parent=5333"}],"wp:term":[{"taxonomy":"category","embeddable":true,"href":"https:\/\/obispadodelinares.cl\/ol\/index.php?rest_route=%2Fwp%2Fv2%2Fcategories&post=5333"},{"taxonomy":"post_tag","embeddable":true,"href":"https:\/\/obispadodelinares.cl\/ol\/index.php?rest_route=%2Fwp%2Fv2%2Ftags&post=5333"}],"curies":[{"name":"wp","href":"https:\/\/api.w.org\/{rel}","templated":true}]}}