{"id":5327,"date":"2020-03-29T17:33:36","date_gmt":"2020-03-29T17:33:36","guid":{"rendered":"http:\/\/obispadodelinares.cl\/ol\/?p=5327"},"modified":"2020-03-29T17:35:49","modified_gmt":"2020-03-29T17:35:49","slug":"el-coronavirus-una-oportunidad-or-automatico","status":"publish","type":"post","link":"https:\/\/obispadodelinares.cl\/ol\/?p=5327","title":{"rendered":"El coronavirus, una oportunidad"},"content":{"rendered":"\n<p class=\"has-background has-drop-cap has-light-green-cyan-background-color\"><em>En estos d\u00edas de preparaci\u00f3n a la Semana Santa oremos m\u00e1s, amemos m\u00e1s y mejor, revisemos si caminamos con Jes\u00fas ayud\u00e1ndole a cargar su cruz como Sim\u00f3n de Cirene.&nbsp;Los bendigo y&nbsp;animo&nbsp;en estos d\u00edas de prueba, pero tambi\u00e9n de esperanza, a que realicemos un proceso de conversi\u00f3n a partir de la cruz de Cristo, estando seguros de que su resurrecci\u00f3n nos dar\u00e1 la fuerza para construir un mundo mejor entre todos nosotros.<\/em><\/p>\n\n\n\n<p>Queridos hermanos y hermanas:<\/p>\n\n\n\n<p><br>Les escribo en estos d\u00edas en que vivimos una de esas crisis que dejan huella, crisis en que sabemos c\u00f3mo y d\u00f3nde comienzan, pero no sabemos c\u00f3mo y d\u00f3nde terminan.<\/p>\n\n\n\n<p>Hoy en d\u00eda ya son m\u00e1s de 50 mil los fallecidos por el coronavirus en el mundo. No sabemos cu\u00e1ntas personas m\u00e1s sufrir\u00e1n sus efectos, a pesar de los esfuerzos de la ciencia, de la impotencia de las autoridades y el dolor de sus seres queridos.<\/p>\n\n\n\n<p>Si bien el mundo conoci\u00f3 de pestes terribles en el pasado, como la peste negra o la gripe espa\u00f1ola, que cobraron la vida de millones de seres humanos inocentes, las grandes distancias y dificultades en las comunicaciones imped\u00edan que estas epidemias fueran planetarias. Hoy, con el progreso de los medios de transporte, en particular de la aviaci\u00f3n, han permitido que el virus \u201cviaje\u201d por el mundo entero en cuesti\u00f3n de horas.&nbsp;<br><\/p>\n\n\n\n<p><strong>La situaci\u00f3n<\/strong><br><\/p>\n\n\n\n<p>La pandemia del covid 19 ha trastocado la vida del mundo entero,&nbsp; trastornando  hasta  los cimientos nuestras certezas, nuestros modos de vida, nuestras libertades y afectando todas las dimensiones de nuestra existencia. Ha atacado la <strong>poblaci\u00f3n humana<\/strong> sin distinciones de raza, residencia o situaci\u00f3n socioecon\u00f3mica, afectando especialmente la vida de los m\u00e1s vulnerables, la de los ancianos, provocando en pocas semanas miles de muertes en todos los rincones del planeta, con la angustiante incertidumbre de no saber qui\u00e9nes son los pr\u00f3ximos ni cu\u00e1ntos m\u00e1s ser\u00e1n sus v\u00edctimas.&nbsp;<\/p>\n\n\n\n<p>Las medidas tomadas por las autoridades sanitarias mundiales y nacionales para evitar los contagios est\u00e1n provocando una baja en la actividad econ\u00f3mica que se vaticina producir\u00e1 <strong>una crisis econ\u00f3mica<\/strong> que superar\u00e1 en sus consecuencias a las grandes crisis del siglo XX, las que trajeron hambre, cesant\u00eda y pobreza a millones de seres humanos en el mundo entero. En Chile lo vivimos con la Gran Depresi\u00f3n de los a\u00f1os 30 y la crisis de 1982 las cuales han dejado un recuerdo de dolor imborrable en nuestra historia. Los gobiernos del mundo entero, incluido el nuestro, han debido salir al rescate de la econom\u00eda con paquetes de medidas nunca antes usados para enfrentar alguna crisis. Lamentablemente, es posible que miles de empresas caigan en la quiebra y con ello arrastren a millones de personas al desempleo, entre otros efectos.&nbsp;<\/p>\n\n\n\n<p>Junto a lo anterior, la pandemia ha significado que un porcentaje significativo de la poblaci\u00f3n mundial se vea enfrentada a <strong>restricciones a la libertad<\/strong> de movimiento en sus ciudades y pa\u00edses. Somos cientos de millones los que debemos permanecer en nuestros hogares para evitar el contagio propio y el contagiar a otros.&nbsp; Las cuarentenas y el cierre de fronteras han sido la t\u00f3nica de estas \u00faltimas semanas, y no sabemos a\u00fan cu\u00e1nto tiempo m\u00e1s van a continuar.<\/p>\n\n\n\n<p>En el \u00e1mbito de <strong>la educaci\u00f3n,<\/strong> a estas alturas no es seguro que se podr\u00e1 terminar el a\u00f1o escolar con un m\u00ednimo de rendimiento asegurado. Es posible que sea un a\u00f1o perdido para la educaci\u00f3n, al menos escolar. En el nivel universitario, est\u00e1 por verse el impacto de esta pandemia, con el riesgo de que se vean postergados los proyectos y sue\u00f1os de miles de j\u00f3venes.&nbsp;<\/p>\n\n\n\n<p>Y en <strong>lo personal<\/strong>, somos miles de millones de seres humanos los que estamos experimentando desconcierto, temor, angustias y quejas ante lo que estamos viviendo.<\/p>\n\n\n\n<p>Es una situaci\u00f3n nueva, inesperada, inimaginable, una aut\u00e9ntica crisis global que hasta un mes atr\u00e1s ni el m\u00e1s osado pudo predecir.&nbsp;<\/p>\n\n\n\n<p>Pero como tal, <strong>es tambi\u00e9n una oportunidad<\/strong> para detenernos un momento para meditar sobre nuestra vida, y m\u00e1s todav\u00eda como creyentes en Dios. Les comparto algunas reflexiones para animarlos a continuarlas en el seno de sus familias.&nbsp;<\/p>\n\n\n\n<p><strong>Un discernimiento.<\/strong><strong> <\/strong><strong><em>\u00bfQu\u00e9 podemos decir desde la mirada del Se\u00f1or?<\/em><\/strong><\/p>\n\n\n\n<p>Esta nueva situaci\u00f3n que nos toca vivir tambi\u00e9n nos hace preguntarnos \u00bfQu\u00e9 quiere Dios de todo esto? \u00bfQu\u00e9 ense\u00f1anzas valiosas podemos sacar? \u00bfQu\u00e9 nos quiere decir Dios en este signo de los tiempos?<\/p>\n\n\n\n<p>Les quiero proponer una reflexi\u00f3n iluminada por la Cruz del Se\u00f1or.&nbsp;<\/p>\n\n\n\n<ol class=\"wp-block-list\"><li>La cruz mira hacia lo alto. Me parece que lo primero que podemos percibir de esta pandemia es <strong>lo fr\u00e1giles que somos,<\/strong> en lo personal y en lo comunitario. Basta un virus, \u00a1que no podemos ver!, para que la vida y el mundo est\u00e9n en jaque. La crisis nos recuerda que no somos omnipotentes, que la vida y la muerte son misterios que siempre seguir\u00e1n presentes en este mundo, que no podemos construir la Torre de Babel sin auxilio divino. Somos barro que vuelve al barro. Solo Dios es Dios y nosotros somos simples creaturas que dependemos de \u00c9l, siempre. Por eso, estos son d\u00edas para levantar la mirada hacia lo alto para orar como nos dijo el Papa Francisco.&nbsp;<\/li><\/ol>\n\n\n\n<p>Es un tiempo para reavivar nuestra fe en este Dios que entr\u00f3 en nuestra Historia \u201cnaciendo de mujer\u201d haci\u00e9ndose uno de nosotros para vencer al pecado y a la muerte. <strong>Solo en \u00c9l hay vida eterna y el que crea en \u00c9l, aunque muera vivir\u00e1.&nbsp;<\/strong><\/p>\n\n\n\n<ol class=\"wp-block-list\"><li>La cruz est\u00e1 fundada en la tierra. La crisis nos lleva a <strong>mirar la creaci\u00f3n<\/strong> con nuevos ojos. No somos due\u00f1os de lo creado. Somos administradores y se nos pedir\u00e1 cuenta de c\u00f3mo la hemos tratado o maltratado. El papa Francisco en su enc\u00edclica <em>Laudato Si <\/em>nos hace un llamado a proteger nuestra casa com\u00fan de la crisis ecol\u00f3gica terrible en la que estamos y que es a\u00fan m\u00e1s profunda y peligrosa que el covid 19. Est\u00e1 crisis pasar\u00e1, pero la destrucci\u00f3n del planeta depende de nosotros. El Papa nos alienta, ya que el \u201cCreador no nos abandona, nunca hizo marcha atr\u00e1s en su proyecto de amor, no se arrepiente de habernos creado. LS13\u201d Esta certeza nos llena de confianza y alegr\u00eda de que si cada uno cuida del planeta, el planeta tambi\u00e9n nos cuidar\u00e1. Todo est\u00e1 conectado.&nbsp;<\/li><\/ol>\n\n\n\n<p>Estos son d\u00edas para revisar entonces nuestra relaci\u00f3n con la <em>hermana tierra.<\/em><\/p>\n\n\n\n<ol class=\"wp-block-list\"><li>La cruz se abre hacia el horizonte, hacia el otro. Es el momento de revisar si abrazo al que est\u00e1 junto a m\u00ed, a la derecha y a la izquierda. O, tal vez, lo juzgo, lo desprecio, o incluso lo maltrato con violencia f\u00edsica o verbal.<\/li><\/ol>\n\n\n\n<p>El aislamiento forzado, que nos impide tocarnos, nos da la oportunidad de revalorizar la familia, el vecino, el barrio, mi parroquia, mi patria. <strong>\u00bfQu\u00e9 son ellos para m\u00ed? \u00bfQu\u00e9 hago yo por ellos? <\/strong>En este punto nos viene bien recordar las palabras del Papa: Toco la carne de Cristo en la carne sufriente del hermano.<\/p>\n\n\n\n<ol class=\"wp-block-list\"><li>Finalmente, la cruz se une en el cruce de ambos maderos, podr\u00edamos decir en <strong>su coraz\u00f3n.<\/strong><\/li><\/ol>\n\n\n\n<p>La cuarentena nos ha obligado a revisar nuestro coraz\u00f3n, nuestro interior, el modo de vivir, nuestras prioridades, afanes, luchas y valores.&nbsp;<\/p>\n\n\n\n<p>\u00bfPara que vivimos? \u00bfPara qu\u00e9 morimos? \u00bfSolo para tener m\u00e1s? \u00bfO para ser m\u00e1s y mejores seres humanos, m\u00e1s solidarios, m\u00e1s conscientes de nuestra misi\u00f3n en el mundo como padres, hijos y hermanos?<\/p>\n\n\n\n<p>En estos d\u00edas de preparaci\u00f3n a la Semana Santa oremos m\u00e1s, amemos m\u00e1s y mejor, revisemos si caminamos con Jes\u00fas ayud\u00e1ndole a cargar su cruz como Sim\u00f3n de Cirene.&nbsp;<\/p>\n\n\n\n<p>Los bendigo y animo en estos d\u00edas de prueba, pero tambi\u00e9n de esperanza, a que realicemos un proceso de conversi\u00f3n a partir de la cruz de Cristo, estando seguros de que su resurrecci\u00f3n nos dar\u00e1 la fuerza para construir un mundo mejor entre todos nosotros.<br><\/p>\n\n\n\n<p><strong>Tomislav Koljatic M.<\/strong><\/p>\n\n\n\n<p><strong>Obispo de Linares<\/strong><\/p>\n\n\n\n<p><\/p>\n\n\n\n<p><\/p>\n\n\n\n<p><strong>Linares, marzo 29 de 2020<\/strong><br><\/p>\n","protected":false},"excerpt":{"rendered":"<p>En estos d\u00edas de preparaci\u00f3n a la Semana Santa oremos m\u00e1s, amemos m\u00e1s y mejor, revisemos si caminamos con Jes\u00fas ayud\u00e1ndole a cargar su cruz como Sim\u00f3n de Cirene.&nbsp;Los bendigo y&nbsp;animo&nbsp;en estos d\u00edas de prueba, pero tambi\u00e9n de esperanza, a que realicemos un proceso de conversi\u00f3n a partir de la cruz de Cristo, estando seguros [&hellip;]<\/p>\n","protected":false},"author":1,"featured_media":5329,"comment_status":"closed","ping_status":"closed","sticky":false,"template":"","format":"standard","meta":{"h5ap_radio_sources":[],"footnotes":""},"categories":[274,65],"tags":[151,280,66],"class_list":["post-5327","post","type-post","status-publish","format-standard","has-post-thumbnail","hentry","category-274","category-mensaje","tag-emergencias","tag-mensaje","tag-obispo"],"_links":{"self":[{"href":"https:\/\/obispadodelinares.cl\/ol\/index.php?rest_route=\/wp\/v2\/posts\/5327","targetHints":{"allow":["GET"]}}],"collection":[{"href":"https:\/\/obispadodelinares.cl\/ol\/index.php?rest_route=\/wp\/v2\/posts"}],"about":[{"href":"https:\/\/obispadodelinares.cl\/ol\/index.php?rest_route=\/wp\/v2\/types\/post"}],"author":[{"embeddable":true,"href":"https:\/\/obispadodelinares.cl\/ol\/index.php?rest_route=\/wp\/v2\/users\/1"}],"replies":[{"embeddable":true,"href":"https:\/\/obispadodelinares.cl\/ol\/index.php?rest_route=%2Fwp%2Fv2%2Fcomments&post=5327"}],"version-history":[{"count":0,"href":"https:\/\/obispadodelinares.cl\/ol\/index.php?rest_route=\/wp\/v2\/posts\/5327\/revisions"}],"wp:featuredmedia":[{"embeddable":true,"href":"https:\/\/obispadodelinares.cl\/ol\/index.php?rest_route=\/wp\/v2\/media\/5329"}],"wp:attachment":[{"href":"https:\/\/obispadodelinares.cl\/ol\/index.php?rest_route=%2Fwp%2Fv2%2Fmedia&parent=5327"}],"wp:term":[{"taxonomy":"category","embeddable":true,"href":"https:\/\/obispadodelinares.cl\/ol\/index.php?rest_route=%2Fwp%2Fv2%2Fcategories&post=5327"},{"taxonomy":"post_tag","embeddable":true,"href":"https:\/\/obispadodelinares.cl\/ol\/index.php?rest_route=%2Fwp%2Fv2%2Ftags&post=5327"}],"curies":[{"name":"wp","href":"https:\/\/api.w.org\/{rel}","templated":true}]}}