{"id":5242,"date":"2020-03-04T15:28:55","date_gmt":"2020-03-04T15:28:55","guid":{"rendered":"http:\/\/obispadodelinares.cl\/ol\/?p=5242"},"modified":"2020-03-05T13:02:36","modified_gmt":"2020-03-05T13:02:36","slug":"retiro-del-clero-tiempo-de-encuentro-con-dios-papa","status":"publish","type":"post","link":"https:\/\/obispadodelinares.cl\/ol\/?p=5242","title":{"rendered":"Retiro del Clero: \u201cTiempo de encuentro con Dios Pap\u00e1\u201d"},"content":{"rendered":"\n<p class=\"has-background has-drop-cap has-light-green-cyan-background-color wp-block-paragraph\">Desde el lunes 2 hasta el viernes 6 de marzo, en la Casa de Ejercicios de Rabones, el Clero de Linares vive su Retiro Espiritual, es predicado por la Hna. Katie Van Cauwelaert, laica consagrada pertenece al Instituto Femenino del Prado, quien ha definido este encuentro como <em>\u201cun tiempo exclusivo de encuentro con Dios pap\u00e1\u201d.&nbsp;&nbsp;<\/em><br><\/p>\n\n\n\n<p class=\"wp-block-paragraph\">El retiro es un tiempo de gracia para que, el Obispo junto al Clero, puedan hacer un alto en sus actividades y encontrarse, compartiendo en los momentos de Oraci\u00f3n comunitaria y personal, en el silencio, en la meditaci\u00f3n y en la celebraci\u00f3n de la Eucarist\u00eda. Es la oportunidad para nutrirse y volver al encuentro vital con Dios, y luego poder transmitir esta experiencia a todos sus fieles.&nbsp;<br><\/p>\n\n\n\n<p class=\"wp-block-paragraph\">En tanto las comunidades acompa\u00f1an con su oraci\u00f3n cari\u00f1osa a sus pastores, para que esta experiencia sea renovadora y juntos poder continuar en este camino de fe y esperanza en el que todos aportamos.<\/p>\n\n\n\n<figure class=\"wp-block-gallery columns-3 is-cropped wp-block-gallery-1 is-layout-flex wp-block-gallery-is-layout-flex\"><ul class=\"blocks-gallery-grid\"><li class=\"blocks-gallery-item\"><figure><img fetchpriority=\"high\" decoding=\"async\" width=\"174\" height=\"309\" src=\"https:\/\/obispadodelinares.cl\/ol\/wp-content\/uploads\/2020\/03\/retiro_clero_rabones_1.jpg\" alt=\"\" data-id=\"5247\" data-full-url=\"https:\/\/i2.wp.com\/obispadodelinares.cl\/ol\/wp-content\/uploads\/2020\/03\/retiro_clero_rabones_1.jpg?fit=174%2C309\" data-link=\"https:\/\/obispadodelinares.cl\/ol\/2020\/03\/04\/retiro-del-clero-tiempo-de-encuentro-con-dios-papa\/retiro_clero_rabones_1\/\" class=\"wp-image-5247\" srcset=\"https:\/\/obispadodelinares.cl\/ol\/wp-content\/uploads\/2020\/03\/retiro_clero_rabones_1.jpg 174w, https:\/\/obispadodelinares.cl\/ol\/wp-content\/uploads\/2020\/03\/retiro_clero_rabones_1-169x300.jpg 169w\" sizes=\"(max-width: 174px) 100vw, 174px\" \/><\/figure><\/li><li class=\"blocks-gallery-item\"><figure><img decoding=\"async\" width=\"427\" height=\"759\" data-src=\"https:\/\/obispadodelinares.cl\/ol\/wp-content\/uploads\/2020\/03\/retiro_clero_rabones_3-1.jpg\" alt=\"\" data-id=\"5249\" data-full-url=\"https:\/\/i2.wp.com\/obispadodelinares.cl\/ol\/wp-content\/uploads\/2020\/03\/retiro_clero_rabones_3-1.jpg?fit=427%2C759\" data-link=\"https:\/\/obispadodelinares.cl\/ol\/2020\/03\/04\/retiro-del-clero-tiempo-de-encuentro-con-dios-papa\/retiro_clero_rabones_3-1\/\" class=\"wp-image-5249 lazyload\" data-srcset=\"https:\/\/obispadodelinares.cl\/ol\/wp-content\/uploads\/2020\/03\/retiro_clero_rabones_3-1.jpg 427w, https:\/\/obispadodelinares.cl\/ol\/wp-content\/uploads\/2020\/03\/retiro_clero_rabones_3-1-169x300.jpg 169w\" data-sizes=\"(max-width: 427px) 100vw, 427px\" src=\"data:image\/svg+xml;base64,PHN2ZyB3aWR0aD0iMSIgaGVpZ2h0PSIxIiB4bWxucz0iaHR0cDovL3d3dy53My5vcmcvMjAwMC9zdmciPjwvc3ZnPg==\" style=\"--smush-placeholder-width: 427px; --smush-placeholder-aspect-ratio: 427\/759;\" \/><\/figure><\/li><li class=\"blocks-gallery-item\"><figure><img decoding=\"async\" width=\"1608\" height=\"904\" data-src=\"https:\/\/i1.wp.com\/obispadodelinares.cl\/ol\/wp-content\/uploads\/2020\/03\/retiro_clero_rabones-1.jpg?fit=1024%2C576\" alt=\"\" data-id=\"5246\" data-full-url=\"https:\/\/i1.wp.com\/obispadodelinares.cl\/ol\/wp-content\/uploads\/2020\/03\/retiro_clero_rabones-1.jpg?fit=1608%2C904\" data-link=\"https:\/\/obispadodelinares.cl\/ol\/2020\/03\/04\/retiro-del-clero-tiempo-de-encuentro-con-dios-papa\/retiro_clero_rabones-1\/\" class=\"wp-image-5246 lazyload\" data-srcset=\"https:\/\/obispadodelinares.cl\/ol\/wp-content\/uploads\/2020\/03\/retiro_clero_rabones-1.jpg 1608w, https:\/\/obispadodelinares.cl\/ol\/wp-content\/uploads\/2020\/03\/retiro_clero_rabones-1-300x169.jpg 300w, https:\/\/obispadodelinares.cl\/ol\/wp-content\/uploads\/2020\/03\/retiro_clero_rabones-1-1024x576.jpg 1024w, https:\/\/obispadodelinares.cl\/ol\/wp-content\/uploads\/2020\/03\/retiro_clero_rabones-1-768x432.jpg 768w, https:\/\/obispadodelinares.cl\/ol\/wp-content\/uploads\/2020\/03\/retiro_clero_rabones-1-1536x864.jpg 1536w, https:\/\/obispadodelinares.cl\/ol\/wp-content\/uploads\/2020\/03\/retiro_clero_rabones-1-800x450.jpg 800w\" data-sizes=\"(max-width: 1608px) 100vw, 1608px\" src=\"data:image\/svg+xml;base64,PHN2ZyB3aWR0aD0iMSIgaGVpZ2h0PSIxIiB4bWxucz0iaHR0cDovL3d3dy53My5vcmcvMjAwMC9zdmciPjwvc3ZnPg==\" style=\"--smush-placeholder-width: 1608px; --smush-placeholder-aspect-ratio: 1608\/904;\" \/><\/figure><\/li><li class=\"blocks-gallery-item\"><figure><img decoding=\"async\" width=\"1350\" height=\"759\" data-src=\"https:\/\/i0.wp.com\/obispadodelinares.cl\/ol\/wp-content\/uploads\/2020\/03\/retiro_clero_rabones_2.jpg?fit=1024%2C576\" alt=\"\" data-id=\"5248\" data-full-url=\"https:\/\/i0.wp.com\/obispadodelinares.cl\/ol\/wp-content\/uploads\/2020\/03\/retiro_clero_rabones_2.jpg?fit=1350%2C759\" data-link=\"https:\/\/obispadodelinares.cl\/ol\/2020\/03\/04\/retiro-del-clero-tiempo-de-encuentro-con-dios-papa\/retiro_clero_rabones_2\/\" class=\"wp-image-5248 lazyload\" data-srcset=\"https:\/\/obispadodelinares.cl\/ol\/wp-content\/uploads\/2020\/03\/retiro_clero_rabones_2.jpg 1350w, https:\/\/obispadodelinares.cl\/ol\/wp-content\/uploads\/2020\/03\/retiro_clero_rabones_2-300x169.jpg 300w, https:\/\/obispadodelinares.cl\/ol\/wp-content\/uploads\/2020\/03\/retiro_clero_rabones_2-1024x576.jpg 1024w, https:\/\/obispadodelinares.cl\/ol\/wp-content\/uploads\/2020\/03\/retiro_clero_rabones_2-768x432.jpg 768w, https:\/\/obispadodelinares.cl\/ol\/wp-content\/uploads\/2020\/03\/retiro_clero_rabones_2-800x450.jpg 800w\" data-sizes=\"(max-width: 1350px) 100vw, 1350px\" src=\"data:image\/svg+xml;base64,PHN2ZyB3aWR0aD0iMSIgaGVpZ2h0PSIxIiB4bWxucz0iaHR0cDovL3d3dy53My5vcmcvMjAwMC9zdmciPjwvc3ZnPg==\" style=\"--smush-placeholder-width: 1350px; --smush-placeholder-aspect-ratio: 1350\/759;\" \/><\/figure><\/li><\/ul><\/figure>\n","protected":false},"excerpt":{"rendered":"<p>Desde el lunes 2 hasta el viernes 6 de marzo, en la Casa de Ejercicios de Rabones, el Clero de Linares vive su Retiro Espiritual, es predicado por la Hna. Katie Van Cauwelaert, laica consagrada pertenece al Instituto Femenino del Prado, quien ha definido este encuentro como \u201cun tiempo exclusivo de encuentro con Dios pap\u00e1\u201d.&nbsp;&nbsp; [&hellip;]<\/p>\n","protected":false},"author":1,"featured_media":5251,"comment_status":"closed","ping_status":"closed","sticky":false,"template":"","format":"standard","meta":{"h5ap_radio_sources":[],"footnotes":""},"categories":[274,64,61,154],"tags":[117],"class_list":["post-5242","post","type-post","status-publish","format-standard","has-post-thumbnail","hentry","category-274","category-retiro","category-sacerdotes","category-vocacion","tag-centro-ecologico-y-espiritual-rabones"],"_links":{"self":[{"href":"https:\/\/obispadodelinares.cl\/ol\/index.php?rest_route=\/wp\/v2\/posts\/5242","targetHints":{"allow":["GET"]}}],"collection":[{"href":"https:\/\/obispadodelinares.cl\/ol\/index.php?rest_route=\/wp\/v2\/posts"}],"about":[{"href":"https:\/\/obispadodelinares.cl\/ol\/index.php?rest_route=\/wp\/v2\/types\/post"}],"author":[{"embeddable":true,"href":"https:\/\/obispadodelinares.cl\/ol\/index.php?rest_route=\/wp\/v2\/users\/1"}],"replies":[{"embeddable":true,"href":"https:\/\/obispadodelinares.cl\/ol\/index.php?rest_route=%2Fwp%2Fv2%2Fcomments&post=5242"}],"version-history":[{"count":0,"href":"https:\/\/obispadodelinares.cl\/ol\/index.php?rest_route=\/wp\/v2\/posts\/5242\/revisions"}],"wp:featuredmedia":[{"embeddable":true,"href":"https:\/\/obispadodelinares.cl\/ol\/index.php?rest_route=\/wp\/v2\/media\/5251"}],"wp:attachment":[{"href":"https:\/\/obispadodelinares.cl\/ol\/index.php?rest_route=%2Fwp%2Fv2%2Fmedia&parent=5242"}],"wp:term":[{"taxonomy":"category","embeddable":true,"href":"https:\/\/obispadodelinares.cl\/ol\/index.php?rest_route=%2Fwp%2Fv2%2Fcategories&post=5242"},{"taxonomy":"post_tag","embeddable":true,"href":"https:\/\/obispadodelinares.cl\/ol\/index.php?rest_route=%2Fwp%2Fv2%2Ftags&post=5242"}],"curies":[{"name":"wp","href":"https:\/\/api.w.org\/{rel}","templated":true}]}}