{"id":5181,"date":"2020-01-24T14:18:07","date_gmt":"2020-01-24T14:18:07","guid":{"rendered":"http:\/\/obispadodelinares.cl\/ol\/?p=5181"},"modified":"2020-01-27T14:51:03","modified_gmt":"2020-01-27T14:51:03","slug":"inauguracion-y-reapertura-del-templo-san-ambrosio-en-chanco","status":"publish","type":"post","link":"https:\/\/obispadodelinares.cl\/ol\/?p=5181","title":{"rendered":"Inauguraci\u00f3n y reapertura del Templo San Ambrosio en Chanco"},"content":{"rendered":"\n<p class=\"has-drop-cap wp-block-paragraph\">Una jornada hist\u00f3rica vivieron, el viernes 24 de enero, los vecinos de la comuna de Chanco, con la inauguraci\u00f3n y reapertura del Templo Parroquial San Ambrosio. Obra, que es parte de la identidad cultural de los chanquinos y chanquinas y que se levanta como fuerte referente en el patrimonio arquitect\u00f3nico del Pueblo. El proyecto fue ejecutado por la Direcci\u00f3n de Arquitectura del Ministerio de Obras P\u00fabicas. Una maravillosa obra con una inversi\u00f3n de dos mil setecientos millones de pesos.<\/p>\n\n\n\n<p class=\"wp-block-paragraph\">El ver hecha realidad esta imponente estructura, sin duda le devuelve el alma a Chanco, pues no solo refuerza la difusi\u00f3n de la fe entre las personas, sino que tambi\u00e9n es parte de un circuito tur\u00edstico muy importante para la Provincia de Cauquenes y su borde costero.<br><\/p>\n\n\n\n<p class=\"wp-block-paragraph\"><strong>Ceremonia inaugural civil:<\/strong><\/p>\n\n\n\n<p class=\"wp-block-paragraph\">Con gran alegr\u00eda y emoci\u00f3n, la comunidad acompa\u00f1\u00f3 la ceremonia inaugural, destacando la intervenci\u00f3n del Intendente Pablo Milad, la Alcaldesa Sra. Viviana D\u00edaz, y el homenaje a la Virgen de La Candelaria, as\u00ed como tambi\u00e9n la bendici\u00f3n del Obispo de Linares, Mons. Tomislav&nbsp;Koljatic.&nbsp;<\/p>\n\n\n\n<p class=\"wp-block-paragraph\">El Intendente de la Regi\u00f3n del Maule, Pablo Milad recalc\u00f3 la importancia de la obra. <em>\u201cEsta Iglesia simboliza la fe que tiene la gente de Chanco. Se transformar\u00e1 en un centro social y cultural para muchas personas. Adem\u00e1s de aumentar el patrimonio arquitect\u00f3nico, de esta hermosa comuna\u201d<\/em><\/p>\n\n\n\n<p class=\"wp-block-paragraph\">Por su parte la Sra. Viviana D\u00edaz Meza, Alcaldesa de Chanco, destac\u00f3: <em>\u201cEste es un trabajo mancomunado entre habitantes, autoridades e integrantes de la Iglesia. Gracias a Dios hemos parte del alma de nuestra hermosa comuna, a todos nos identifica este hermoso templo, es un referente muy importante en la historia de Chanco y sus comunidades, por eso el dos de febrero celebraremos a nuestra Virgen de la Candelaria y nos emociona mucho que vuelva a su hogar\u201d, <\/em>agregando,<em> \u201c<\/em><em>La Parroquia San Ambrosio, representa los valores religiosos tradicionales y permite un enriquecimiento urbano de un templo, que est\u00e1 protegido como Monumento Nacional en la categor\u00eda de zona t\u00edpica\u201d.<\/em><br><\/p>\n\n\n\n<p class=\"wp-block-paragraph\">Esta majestuosa obra, tomo cerca de dos a\u00f1os, para su total restauraci\u00f3n. La estructura destaca por su t\u00e9cnica constructiva en adobe, manteniendo el estilo que le mantiene en calidad de zona t\u00edpica y por contar con diversos espacios como: salones multiusos, velatorios, oratorios, comedor y cocina. Adem\u00e1s de un patio central y trabajos en conservaci\u00f3n de muebles hist\u00f3ricos, pinturas, piezas de madera e ingenier\u00eda religiosa.<br><\/p>\n\n\n\n<h2 class=\"wp-block-heading\"><strong>Ceremonia religiosa:<\/strong><\/h2>\n\n\n\n<p class=\"has-background has-drop-cap has-pale-cyan-blue-background-color wp-block-paragraph\">El 31 de enero, a las 11:00 hrs. se realizar\u00e1 la ceremonia de Dedicaci\u00f3n del Templo a San Ambrosio y a la Virgen de La Candelaria, bendici\u00f3n de su altar y cada una de sus dependencias. Contando con la participaci\u00f3n de Monse\u00f1or Koljatic y el Clero diocesano, pues este momento hist\u00f3rico lo amerita. Junto a la comunidad se vivir\u00e1 un hermoso rito con el que los cat\u00f3licos de Chanco reciben su templo reci\u00e9n reconstruido, despu\u00e9s de casi 10 a\u00f1os de espera.<\/p>\n\n\n\n<p class=\"has-background has-drop-cap has-luminous-vivid-amber-background-color wp-block-paragraph\"> <a href=\"https:\/\/photos.app.goo.gl\/2X5WxaiufVy7na649\">Ver Todas las Fotograf\u00edas<\/a> <br><\/p>\n\n\n\n<figure class=\"wp-block-gallery columns-3 is-cropped wp-block-gallery-1 is-layout-flex wp-block-gallery-is-layout-flex\"><ul class=\"blocks-gallery-grid\"><li class=\"blocks-gallery-item\"><figure><img fetchpriority=\"high\" decoding=\"async\" width=\"1024\" height=\"768\" src=\"https:\/\/obispadodelinares.cl\/ol\/wp-content\/uploads\/2020\/01\/entrega-de-llaves_11-1024x768.jpeg\" alt=\"\" data-id=\"5195\" data-full-url=\"https:\/\/obispadodelinares.cl\/ol\/wp-content\/uploads\/2020\/01\/entrega-de-llaves_11.jpeg\" data-link=\"https:\/\/obispadodelinares.cl\/ol\/2020\/01\/24\/inauguracion-y-reapertura-del-templo-san-ambrosio-en-chanco\/entrega-de-llaves_11\/\" class=\"wp-image-5195\" srcset=\"https:\/\/obispadodelinares.cl\/ol\/wp-content\/uploads\/2020\/01\/entrega-de-llaves_11-1024x768.jpeg 1024w, https:\/\/obispadodelinares.cl\/ol\/wp-content\/uploads\/2020\/01\/entrega-de-llaves_11-300x225.jpeg 300w, https:\/\/obispadodelinares.cl\/ol\/wp-content\/uploads\/2020\/01\/entrega-de-llaves_11-768x576.jpeg 768w, https:\/\/obispadodelinares.cl\/ol\/wp-content\/uploads\/2020\/01\/entrega-de-llaves_11-800x600.jpeg 800w, https:\/\/obispadodelinares.cl\/ol\/wp-content\/uploads\/2020\/01\/entrega-de-llaves_11-400x300.jpeg 400w, https:\/\/obispadodelinares.cl\/ol\/wp-content\/uploads\/2020\/01\/entrega-de-llaves_11.jpeg 1280w\" sizes=\"(max-width: 1024px) 100vw, 1024px\" \/><\/figure><\/li><li class=\"blocks-gallery-item\"><figure><img decoding=\"async\" width=\"1024\" height=\"768\" data-src=\"https:\/\/obispadodelinares.cl\/ol\/wp-content\/uploads\/2020\/01\/entrega-de-llaves_10-1024x768.jpeg\" alt=\"\" data-id=\"5194\" data-full-url=\"https:\/\/obispadodelinares.cl\/ol\/wp-content\/uploads\/2020\/01\/entrega-de-llaves_10.jpeg\" data-link=\"https:\/\/obispadodelinares.cl\/ol\/2020\/01\/24\/inauguracion-y-reapertura-del-templo-san-ambrosio-en-chanco\/entrega-de-llaves_10\/\" class=\"wp-image-5194 lazyload\" data-srcset=\"https:\/\/obispadodelinares.cl\/ol\/wp-content\/uploads\/2020\/01\/entrega-de-llaves_10-1024x768.jpeg 1024w, https:\/\/obispadodelinares.cl\/ol\/wp-content\/uploads\/2020\/01\/entrega-de-llaves_10-300x225.jpeg 300w, https:\/\/obispadodelinares.cl\/ol\/wp-content\/uploads\/2020\/01\/entrega-de-llaves_10-768x576.jpeg 768w, https:\/\/obispadodelinares.cl\/ol\/wp-content\/uploads\/2020\/01\/entrega-de-llaves_10-800x600.jpeg 800w, https:\/\/obispadodelinares.cl\/ol\/wp-content\/uploads\/2020\/01\/entrega-de-llaves_10-400x300.jpeg 400w, https:\/\/obispadodelinares.cl\/ol\/wp-content\/uploads\/2020\/01\/entrega-de-llaves_10.jpeg 1280w\" data-sizes=\"(max-width: 1024px) 100vw, 1024px\" src=\"data:image\/svg+xml;base64,PHN2ZyB3aWR0aD0iMSIgaGVpZ2h0PSIxIiB4bWxucz0iaHR0cDovL3d3dy53My5vcmcvMjAwMC9zdmciPjwvc3ZnPg==\" style=\"--smush-placeholder-width: 1024px; --smush-placeholder-aspect-ratio: 1024\/768;\" \/><\/figure><\/li><li class=\"blocks-gallery-item\"><figure><img decoding=\"async\" width=\"1024\" height=\"768\" data-src=\"https:\/\/obispadodelinares.cl\/ol\/wp-content\/uploads\/2020\/01\/entrega-de-llaves_9-1024x768.jpeg\" alt=\"\" data-id=\"5193\" data-full-url=\"https:\/\/obispadodelinares.cl\/ol\/wp-content\/uploads\/2020\/01\/entrega-de-llaves_9.jpeg\" data-link=\"https:\/\/obispadodelinares.cl\/ol\/2020\/01\/24\/inauguracion-y-reapertura-del-templo-san-ambrosio-en-chanco\/entrega-de-llaves_9\/\" class=\"wp-image-5193 lazyload\" data-srcset=\"https:\/\/obispadodelinares.cl\/ol\/wp-content\/uploads\/2020\/01\/entrega-de-llaves_9-1024x768.jpeg 1024w, https:\/\/obispadodelinares.cl\/ol\/wp-content\/uploads\/2020\/01\/entrega-de-llaves_9-300x225.jpeg 300w, https:\/\/obispadodelinares.cl\/ol\/wp-content\/uploads\/2020\/01\/entrega-de-llaves_9-768x576.jpeg 768w, https:\/\/obispadodelinares.cl\/ol\/wp-content\/uploads\/2020\/01\/entrega-de-llaves_9-800x600.jpeg 800w, https:\/\/obispadodelinares.cl\/ol\/wp-content\/uploads\/2020\/01\/entrega-de-llaves_9-400x300.jpeg 400w, https:\/\/obispadodelinares.cl\/ol\/wp-content\/uploads\/2020\/01\/entrega-de-llaves_9.jpeg 1280w\" data-sizes=\"(max-width: 1024px) 100vw, 1024px\" src=\"data:image\/svg+xml;base64,PHN2ZyB3aWR0aD0iMSIgaGVpZ2h0PSIxIiB4bWxucz0iaHR0cDovL3d3dy53My5vcmcvMjAwMC9zdmciPjwvc3ZnPg==\" style=\"--smush-placeholder-width: 1024px; --smush-placeholder-aspect-ratio: 1024\/768;\" \/><\/figure><\/li><li class=\"blocks-gallery-item\"><figure><img decoding=\"async\" width=\"1024\" height=\"683\" data-src=\"https:\/\/obispadodelinares.cl\/ol\/wp-content\/uploads\/2020\/01\/entrega-de-llaves-1024x683.jpeg\" alt=\"\" data-id=\"5192\" data-full-url=\"https:\/\/obispadodelinares.cl\/ol\/wp-content\/uploads\/2020\/01\/entrega-de-llaves.jpeg\" data-link=\"https:\/\/obispadodelinares.cl\/ol\/2020\/01\/24\/inauguracion-y-reapertura-del-templo-san-ambrosio-en-chanco\/entrega-de-llaves\/\" class=\"wp-image-5192 lazyload\" data-srcset=\"https:\/\/obispadodelinares.cl\/ol\/wp-content\/uploads\/2020\/01\/entrega-de-llaves-1024x683.jpeg 1024w, https:\/\/obispadodelinares.cl\/ol\/wp-content\/uploads\/2020\/01\/entrega-de-llaves-300x200.jpeg 300w, https:\/\/obispadodelinares.cl\/ol\/wp-content\/uploads\/2020\/01\/entrega-de-llaves-768x512.jpeg 768w, https:\/\/obispadodelinares.cl\/ol\/wp-content\/uploads\/2020\/01\/entrega-de-llaves-800x533.jpeg 800w, https:\/\/obispadodelinares.cl\/ol\/wp-content\/uploads\/2020\/01\/entrega-de-llaves.jpeg 1080w\" data-sizes=\"(max-width: 1024px) 100vw, 1024px\" src=\"data:image\/svg+xml;base64,PHN2ZyB3aWR0aD0iMSIgaGVpZ2h0PSIxIiB4bWxucz0iaHR0cDovL3d3dy53My5vcmcvMjAwMC9zdmciPjwvc3ZnPg==\" style=\"--smush-placeholder-width: 1024px; --smush-placeholder-aspect-ratio: 1024\/683;\" \/><\/figure><\/li><li class=\"blocks-gallery-item\"><figure><img decoding=\"async\" width=\"1024\" height=\"768\" data-src=\"https:\/\/obispadodelinares.cl\/ol\/wp-content\/uploads\/2020\/01\/entrega-de-llaves-8-1024x768.jpeg\" alt=\"\" data-id=\"5191\" data-full-url=\"https:\/\/obispadodelinares.cl\/ol\/wp-content\/uploads\/2020\/01\/entrega-de-llaves-8.jpeg\" data-link=\"https:\/\/obispadodelinares.cl\/ol\/2020\/01\/24\/inauguracion-y-reapertura-del-templo-san-ambrosio-en-chanco\/entrega-de-llaves-8\/\" class=\"wp-image-5191 lazyload\" data-srcset=\"https:\/\/obispadodelinares.cl\/ol\/wp-content\/uploads\/2020\/01\/entrega-de-llaves-8-1024x768.jpeg 1024w, https:\/\/obispadodelinares.cl\/ol\/wp-content\/uploads\/2020\/01\/entrega-de-llaves-8-300x225.jpeg 300w, https:\/\/obispadodelinares.cl\/ol\/wp-content\/uploads\/2020\/01\/entrega-de-llaves-8-768x576.jpeg 768w, https:\/\/obispadodelinares.cl\/ol\/wp-content\/uploads\/2020\/01\/entrega-de-llaves-8-800x600.jpeg 800w, https:\/\/obispadodelinares.cl\/ol\/wp-content\/uploads\/2020\/01\/entrega-de-llaves-8-400x300.jpeg 400w, https:\/\/obispadodelinares.cl\/ol\/wp-content\/uploads\/2020\/01\/entrega-de-llaves-8.jpeg 1280w\" data-sizes=\"(max-width: 1024px) 100vw, 1024px\" src=\"data:image\/svg+xml;base64,PHN2ZyB3aWR0aD0iMSIgaGVpZ2h0PSIxIiB4bWxucz0iaHR0cDovL3d3dy53My5vcmcvMjAwMC9zdmciPjwvc3ZnPg==\" style=\"--smush-placeholder-width: 1024px; --smush-placeholder-aspect-ratio: 1024\/768;\" \/><\/figure><\/li><li class=\"blocks-gallery-item\"><figure><img decoding=\"async\" width=\"1024\" height=\"683\" data-src=\"https:\/\/obispadodelinares.cl\/ol\/wp-content\/uploads\/2020\/01\/entrega-de-llaves-3-1024x683.jpeg\" alt=\"\" data-id=\"5186\" data-full-url=\"https:\/\/obispadodelinares.cl\/ol\/wp-content\/uploads\/2020\/01\/entrega-de-llaves-3.jpeg\" data-link=\"https:\/\/obispadodelinares.cl\/ol\/2020\/01\/24\/inauguracion-y-reapertura-del-templo-san-ambrosio-en-chanco\/entrega-de-llaves-3\/\" class=\"wp-image-5186 lazyload\" data-srcset=\"https:\/\/obispadodelinares.cl\/ol\/wp-content\/uploads\/2020\/01\/entrega-de-llaves-3-1024x683.jpeg 1024w, https:\/\/obispadodelinares.cl\/ol\/wp-content\/uploads\/2020\/01\/entrega-de-llaves-3-300x200.jpeg 300w, https:\/\/obispadodelinares.cl\/ol\/wp-content\/uploads\/2020\/01\/entrega-de-llaves-3-768x512.jpeg 768w, https:\/\/obispadodelinares.cl\/ol\/wp-content\/uploads\/2020\/01\/entrega-de-llaves-3-800x533.jpeg 800w, https:\/\/obispadodelinares.cl\/ol\/wp-content\/uploads\/2020\/01\/entrega-de-llaves-3.jpeg 1080w\" data-sizes=\"(max-width: 1024px) 100vw, 1024px\" src=\"data:image\/svg+xml;base64,PHN2ZyB3aWR0aD0iMSIgaGVpZ2h0PSIxIiB4bWxucz0iaHR0cDovL3d3dy53My5vcmcvMjAwMC9zdmciPjwvc3ZnPg==\" style=\"--smush-placeholder-width: 1024px; --smush-placeholder-aspect-ratio: 1024\/683;\" \/><\/figure><\/li><li class=\"blocks-gallery-item\"><figure><img decoding=\"async\" width=\"1024\" height=\"683\" data-src=\"https:\/\/obispadodelinares.cl\/ol\/wp-content\/uploads\/2020\/01\/entrega-de-llaves-4-1024x683.jpeg\" alt=\"\" data-id=\"5187\" data-full-url=\"https:\/\/obispadodelinares.cl\/ol\/wp-content\/uploads\/2020\/01\/entrega-de-llaves-4.jpeg\" data-link=\"https:\/\/obispadodelinares.cl\/ol\/2020\/01\/24\/inauguracion-y-reapertura-del-templo-san-ambrosio-en-chanco\/entrega-de-llaves-4\/\" class=\"wp-image-5187 lazyload\" data-srcset=\"https:\/\/obispadodelinares.cl\/ol\/wp-content\/uploads\/2020\/01\/entrega-de-llaves-4-1024x683.jpeg 1024w, https:\/\/obispadodelinares.cl\/ol\/wp-content\/uploads\/2020\/01\/entrega-de-llaves-4-300x200.jpeg 300w, https:\/\/obispadodelinares.cl\/ol\/wp-content\/uploads\/2020\/01\/entrega-de-llaves-4-768x512.jpeg 768w, https:\/\/obispadodelinares.cl\/ol\/wp-content\/uploads\/2020\/01\/entrega-de-llaves-4-800x533.jpeg 800w, https:\/\/obispadodelinares.cl\/ol\/wp-content\/uploads\/2020\/01\/entrega-de-llaves-4.jpeg 1080w\" data-sizes=\"(max-width: 1024px) 100vw, 1024px\" src=\"data:image\/svg+xml;base64,PHN2ZyB3aWR0aD0iMSIgaGVpZ2h0PSIxIiB4bWxucz0iaHR0cDovL3d3dy53My5vcmcvMjAwMC9zdmciPjwvc3ZnPg==\" style=\"--smush-placeholder-width: 1024px; --smush-placeholder-aspect-ratio: 1024\/683;\" \/><\/figure><\/li><li class=\"blocks-gallery-item\"><figure><img decoding=\"async\" width=\"1024\" height=\"683\" data-src=\"https:\/\/obispadodelinares.cl\/ol\/wp-content\/uploads\/2020\/01\/entrega-de-llaves-5-1024x683.jpeg\" alt=\"\" data-id=\"5188\" data-full-url=\"https:\/\/obispadodelinares.cl\/ol\/wp-content\/uploads\/2020\/01\/entrega-de-llaves-5.jpeg\" data-link=\"https:\/\/obispadodelinares.cl\/ol\/2020\/01\/24\/inauguracion-y-reapertura-del-templo-san-ambrosio-en-chanco\/entrega-de-llaves-5\/\" class=\"wp-image-5188 lazyload\" data-srcset=\"https:\/\/obispadodelinares.cl\/ol\/wp-content\/uploads\/2020\/01\/entrega-de-llaves-5-1024x683.jpeg 1024w, https:\/\/obispadodelinares.cl\/ol\/wp-content\/uploads\/2020\/01\/entrega-de-llaves-5-300x200.jpeg 300w, https:\/\/obispadodelinares.cl\/ol\/wp-content\/uploads\/2020\/01\/entrega-de-llaves-5-768x512.jpeg 768w, https:\/\/obispadodelinares.cl\/ol\/wp-content\/uploads\/2020\/01\/entrega-de-llaves-5-800x533.jpeg 800w, https:\/\/obispadodelinares.cl\/ol\/wp-content\/uploads\/2020\/01\/entrega-de-llaves-5.jpeg 1080w\" data-sizes=\"(max-width: 1024px) 100vw, 1024px\" src=\"data:image\/svg+xml;base64,PHN2ZyB3aWR0aD0iMSIgaGVpZ2h0PSIxIiB4bWxucz0iaHR0cDovL3d3dy53My5vcmcvMjAwMC9zdmciPjwvc3ZnPg==\" style=\"--smush-placeholder-width: 1024px; --smush-placeholder-aspect-ratio: 1024\/683;\" \/><\/figure><\/li><li class=\"blocks-gallery-item\"><figure><img decoding=\"async\" width=\"1024\" height=\"683\" data-src=\"https:\/\/obispadodelinares.cl\/ol\/wp-content\/uploads\/2020\/01\/entrega-de-llaves-6-1024x683.jpeg\" alt=\"\" data-id=\"5189\" data-full-url=\"https:\/\/obispadodelinares.cl\/ol\/wp-content\/uploads\/2020\/01\/entrega-de-llaves-6.jpeg\" data-link=\"https:\/\/obispadodelinares.cl\/ol\/2020\/01\/24\/inauguracion-y-reapertura-del-templo-san-ambrosio-en-chanco\/entrega-de-llaves-6\/\" class=\"wp-image-5189 lazyload\" data-srcset=\"https:\/\/obispadodelinares.cl\/ol\/wp-content\/uploads\/2020\/01\/entrega-de-llaves-6-1024x683.jpeg 1024w, https:\/\/obispadodelinares.cl\/ol\/wp-content\/uploads\/2020\/01\/entrega-de-llaves-6-300x200.jpeg 300w, https:\/\/obispadodelinares.cl\/ol\/wp-content\/uploads\/2020\/01\/entrega-de-llaves-6-768x512.jpeg 768w, https:\/\/obispadodelinares.cl\/ol\/wp-content\/uploads\/2020\/01\/entrega-de-llaves-6-800x533.jpeg 800w, https:\/\/obispadodelinares.cl\/ol\/wp-content\/uploads\/2020\/01\/entrega-de-llaves-6.jpeg 1080w\" data-sizes=\"(max-width: 1024px) 100vw, 1024px\" src=\"data:image\/svg+xml;base64,PHN2ZyB3aWR0aD0iMSIgaGVpZ2h0PSIxIiB4bWxucz0iaHR0cDovL3d3dy53My5vcmcvMjAwMC9zdmciPjwvc3ZnPg==\" style=\"--smush-placeholder-width: 1024px; --smush-placeholder-aspect-ratio: 1024\/683;\" \/><\/figure><\/li><li class=\"blocks-gallery-item\"><figure><img decoding=\"async\" width=\"1024\" height=\"683\" data-src=\"https:\/\/obispadodelinares.cl\/ol\/wp-content\/uploads\/2020\/01\/entrega-de-llaves-7-1024x683.jpeg\" alt=\"\" data-id=\"5190\" data-full-url=\"https:\/\/obispadodelinares.cl\/ol\/wp-content\/uploads\/2020\/01\/entrega-de-llaves-7.jpeg\" data-link=\"https:\/\/obispadodelinares.cl\/ol\/2020\/01\/24\/inauguracion-y-reapertura-del-templo-san-ambrosio-en-chanco\/entrega-de-llaves-7\/\" class=\"wp-image-5190 lazyload\" data-srcset=\"https:\/\/obispadodelinares.cl\/ol\/wp-content\/uploads\/2020\/01\/entrega-de-llaves-7-1024x683.jpeg 1024w, https:\/\/obispadodelinares.cl\/ol\/wp-content\/uploads\/2020\/01\/entrega-de-llaves-7-300x200.jpeg 300w, https:\/\/obispadodelinares.cl\/ol\/wp-content\/uploads\/2020\/01\/entrega-de-llaves-7-768x512.jpeg 768w, https:\/\/obispadodelinares.cl\/ol\/wp-content\/uploads\/2020\/01\/entrega-de-llaves-7-800x533.jpeg 800w, https:\/\/obispadodelinares.cl\/ol\/wp-content\/uploads\/2020\/01\/entrega-de-llaves-7.jpeg 1080w\" data-sizes=\"(max-width: 1024px) 100vw, 1024px\" src=\"data:image\/svg+xml;base64,PHN2ZyB3aWR0aD0iMSIgaGVpZ2h0PSIxIiB4bWxucz0iaHR0cDovL3d3dy53My5vcmcvMjAwMC9zdmciPjwvc3ZnPg==\" style=\"--smush-placeholder-width: 1024px; --smush-placeholder-aspect-ratio: 1024\/683;\" \/><\/figure><\/li><li class=\"blocks-gallery-item\"><figure><img decoding=\"async\" width=\"1024\" height=\"683\" data-src=\"https:\/\/obispadodelinares.cl\/ol\/wp-content\/uploads\/2020\/01\/entrega-de-llaves-2-1024x683.jpeg\" alt=\"\" data-id=\"5185\" data-full-url=\"https:\/\/obispadodelinares.cl\/ol\/wp-content\/uploads\/2020\/01\/entrega-de-llaves-2.jpeg\" data-link=\"https:\/\/obispadodelinares.cl\/ol\/2020\/01\/24\/inauguracion-y-reapertura-del-templo-san-ambrosio-en-chanco\/entrega-de-llaves-2\/\" class=\"wp-image-5185 lazyload\" data-srcset=\"https:\/\/obispadodelinares.cl\/ol\/wp-content\/uploads\/2020\/01\/entrega-de-llaves-2-1024x683.jpeg 1024w, https:\/\/obispadodelinares.cl\/ol\/wp-content\/uploads\/2020\/01\/entrega-de-llaves-2-300x200.jpeg 300w, https:\/\/obispadodelinares.cl\/ol\/wp-content\/uploads\/2020\/01\/entrega-de-llaves-2-768x512.jpeg 768w, https:\/\/obispadodelinares.cl\/ol\/wp-content\/uploads\/2020\/01\/entrega-de-llaves-2-800x533.jpeg 800w, https:\/\/obispadodelinares.cl\/ol\/wp-content\/uploads\/2020\/01\/entrega-de-llaves-2.jpeg 1080w\" data-sizes=\"(max-width: 1024px) 100vw, 1024px\" src=\"data:image\/svg+xml;base64,PHN2ZyB3aWR0aD0iMSIgaGVpZ2h0PSIxIiB4bWxucz0iaHR0cDovL3d3dy53My5vcmcvMjAwMC9zdmciPjwvc3ZnPg==\" style=\"--smush-placeholder-width: 1024px; --smush-placeholder-aspect-ratio: 1024\/683;\" \/><\/figure><\/li><li class=\"blocks-gallery-item\"><figure><img decoding=\"async\" width=\"1024\" height=\"683\" data-src=\"https:\/\/obispadodelinares.cl\/ol\/wp-content\/uploads\/2020\/01\/entrega-de-llaves-1-1024x683.jpeg\" alt=\"\" data-id=\"5184\" data-full-url=\"https:\/\/obispadodelinares.cl\/ol\/wp-content\/uploads\/2020\/01\/entrega-de-llaves-1.jpeg\" data-link=\"https:\/\/obispadodelinares.cl\/ol\/2020\/01\/24\/inauguracion-y-reapertura-del-templo-san-ambrosio-en-chanco\/entrega-de-llaves-1\/\" class=\"wp-image-5184 lazyload\" data-srcset=\"https:\/\/obispadodelinares.cl\/ol\/wp-content\/uploads\/2020\/01\/entrega-de-llaves-1-1024x683.jpeg 1024w, https:\/\/obispadodelinares.cl\/ol\/wp-content\/uploads\/2020\/01\/entrega-de-llaves-1-300x200.jpeg 300w, https:\/\/obispadodelinares.cl\/ol\/wp-content\/uploads\/2020\/01\/entrega-de-llaves-1-768x512.jpeg 768w, https:\/\/obispadodelinares.cl\/ol\/wp-content\/uploads\/2020\/01\/entrega-de-llaves-1-800x533.jpeg 800w, https:\/\/obispadodelinares.cl\/ol\/wp-content\/uploads\/2020\/01\/entrega-de-llaves-1.jpeg 1080w\" data-sizes=\"(max-width: 1024px) 100vw, 1024px\" src=\"data:image\/svg+xml;base64,PHN2ZyB3aWR0aD0iMSIgaGVpZ2h0PSIxIiB4bWxucz0iaHR0cDovL3d3dy53My5vcmcvMjAwMC9zdmciPjwvc3ZnPg==\" style=\"--smush-placeholder-width: 1024px; --smush-placeholder-aspect-ratio: 1024\/683;\" \/><\/figure><\/li><\/ul><\/figure>\n","protected":false},"excerpt":{"rendered":"<p>Una jornada hist\u00f3rica vivieron, el viernes 24 de enero, los vecinos de la comuna de Chanco, con la inauguraci\u00f3n y reapertura del Templo Parroquial San Ambrosio. Obra, que es parte de la identidad cultural de los chanquinos y chanquinas y que se levanta como fuerte referente en el patrimonio arquitect\u00f3nico del Pueblo. El proyecto fue [&hellip;]<\/p>\n","protected":false},"author":1,"featured_media":5189,"comment_status":"closed","ping_status":"closed","sticky":false,"template":"","format":"standard","meta":{"h5ap_radio_sources":[],"footnotes":""},"categories":[274],"tags":[42,273],"class_list":["post-5181","post","type-post","status-publish","format-standard","has-post-thumbnail","hentry","category-274","tag-chanco","tag-parroquia-san-ambrosio"],"_links":{"self":[{"href":"https:\/\/obispadodelinares.cl\/ol\/index.php?rest_route=\/wp\/v2\/posts\/5181","targetHints":{"allow":["GET"]}}],"collection":[{"href":"https:\/\/obispadodelinares.cl\/ol\/index.php?rest_route=\/wp\/v2\/posts"}],"about":[{"href":"https:\/\/obispadodelinares.cl\/ol\/index.php?rest_route=\/wp\/v2\/types\/post"}],"author":[{"embeddable":true,"href":"https:\/\/obispadodelinares.cl\/ol\/index.php?rest_route=\/wp\/v2\/users\/1"}],"replies":[{"embeddable":true,"href":"https:\/\/obispadodelinares.cl\/ol\/index.php?rest_route=%2Fwp%2Fv2%2Fcomments&post=5181"}],"version-history":[{"count":0,"href":"https:\/\/obispadodelinares.cl\/ol\/index.php?rest_route=\/wp\/v2\/posts\/5181\/revisions"}],"wp:featuredmedia":[{"embeddable":true,"href":"https:\/\/obispadodelinares.cl\/ol\/index.php?rest_route=\/wp\/v2\/media\/5189"}],"wp:attachment":[{"href":"https:\/\/obispadodelinares.cl\/ol\/index.php?rest_route=%2Fwp%2Fv2%2Fmedia&parent=5181"}],"wp:term":[{"taxonomy":"category","embeddable":true,"href":"https:\/\/obispadodelinares.cl\/ol\/index.php?rest_route=%2Fwp%2Fv2%2Fcategories&post=5181"},{"taxonomy":"post_tag","embeddable":true,"href":"https:\/\/obispadodelinares.cl\/ol\/index.php?rest_route=%2Fwp%2Fv2%2Ftags&post=5181"}],"curies":[{"name":"wp","href":"https:\/\/api.w.org\/{rel}","templated":true}]}}