{"id":4990,"date":"2019-10-26T15:12:11","date_gmt":"2019-10-26T15:12:11","guid":{"rendered":"http:\/\/obispadodelinares.cl\/ol\/?p=4990"},"modified":"2019-10-26T15:12:13","modified_gmt":"2019-10-26T15:12:13","slug":"sin-justicia-no-habra-paz-aportes-para-la-reflexion-en-comunidades","status":"publish","type":"post","link":"https:\/\/obispadodelinares.cl\/ol\/?p=4990","title":{"rendered":"Sin justicia no habr\u00e1 paz: Aportes para la reflexi\u00f3n en comunidades"},"content":{"rendered":"\n<p class=\"wp-block-paragraph\"><em>La Secretar\u00eda General de la CECh, con la generosa colaboraci\u00f3n de la Comisi\u00f3n Nacional Justicia y Paz, pone a disposici\u00f3n este material con un elenco de puntos que permitan abordar la crisis que estamos viviendo en Chile desde la conversaci\u00f3n en las diversas comunidades, entregando elementos para un discernimiento comunitario.<\/em><\/p>\n\n\n\n<p class=\"wp-block-paragraph\">\n\nLa propuesta se ha estructurado desde el Ver, Juzgar y Actuar -o desde el m\u00e9todo que nos propone el papa Francisco y que asumimos en&nbsp;<strong><a href=\"http:\/\/www.discernimiento.cl\/\" target=\"_blank\" rel=\"noreferrer noopener\">el proceso de discernimiento eclesial<\/a><\/strong>: Reconocer, interpretar y elegir- con una pregunta para cada etapa, que permita profundizarlo desde el compromiso de cada cristiano.<\/p>\n\n\n\n<p class=\"wp-block-paragraph\">El documento, que incorpora enlaces a diversas declaraciones emitidas desde la iglesia y art\u00edculos que dan contexto para entender la crisis, se puede descargar a continuaci\u00f3n. <\/p>\n\n\n\n<p class=\"wp-block-paragraph\"><strong>Fuente: Comunicaciones CECh<\/strong><br><em>CECh, 26-10-2019<\/em><strong><em>Documentos Adjuntos:<\/em><\/strong><a href=\"http:\/\/www.iglesia.cl\/documentos_sac\/26102019_1033am_5db44b391efd7.pdf\">\u00a0\u00a0 Sin justicia no habr\u00e1 paz: Aportes para la reflexi\u00f3n en comunidades<\/a><\/p>\n\n\n\n<iframe allowfullscreen allow=\"fullscreen\" style=\"border:none;width:100%;height:326px;\" src=\"\/\/e.issuu.com\/embed.html?backgroundColor=%23386c80&#038;d=sin_justicia_no_habr__paz&#038;u=iglesiacatolicachile\"><\/iframe><br \/>\n\n\n","protected":false},"excerpt":{"rendered":"<p>La Secretar\u00eda General de la CECh, con la generosa colaboraci\u00f3n de la Comisi\u00f3n Nacional Justicia y Paz, pone a disposici\u00f3n este material con un elenco de puntos que permitan abordar la crisis que estamos viviendo en Chile desde la conversaci\u00f3n en las diversas comunidades, entregando elementos para un discernimiento comunitario. La propuesta se ha estructurado [&hellip;]<\/p>\n","protected":false},"author":1,"featured_media":4970,"comment_status":"closed","ping_status":"closed","sticky":false,"template":"","format":"standard","meta":{"h5ap_radio_sources":[],"footnotes":""},"categories":[215,138],"tags":[],"class_list":["post-4990","post","type-post","status-publish","format-standard","has-post-thumbnail","hentry","category-215","category-cech"],"_links":{"self":[{"href":"https:\/\/obispadodelinares.cl\/ol\/index.php?rest_route=\/wp\/v2\/posts\/4990","targetHints":{"allow":["GET"]}}],"collection":[{"href":"https:\/\/obispadodelinares.cl\/ol\/index.php?rest_route=\/wp\/v2\/posts"}],"about":[{"href":"https:\/\/obispadodelinares.cl\/ol\/index.php?rest_route=\/wp\/v2\/types\/post"}],"author":[{"embeddable":true,"href":"https:\/\/obispadodelinares.cl\/ol\/index.php?rest_route=\/wp\/v2\/users\/1"}],"replies":[{"embeddable":true,"href":"https:\/\/obispadodelinares.cl\/ol\/index.php?rest_route=%2Fwp%2Fv2%2Fcomments&post=4990"}],"version-history":[{"count":0,"href":"https:\/\/obispadodelinares.cl\/ol\/index.php?rest_route=\/wp\/v2\/posts\/4990\/revisions"}],"wp:featuredmedia":[{"embeddable":true,"href":"https:\/\/obispadodelinares.cl\/ol\/index.php?rest_route=\/wp\/v2\/media\/4970"}],"wp:attachment":[{"href":"https:\/\/obispadodelinares.cl\/ol\/index.php?rest_route=%2Fwp%2Fv2%2Fmedia&parent=4990"}],"wp:term":[{"taxonomy":"category","embeddable":true,"href":"https:\/\/obispadodelinares.cl\/ol\/index.php?rest_route=%2Fwp%2Fv2%2Fcategories&post=4990"},{"taxonomy":"post_tag","embeddable":true,"href":"https:\/\/obispadodelinares.cl\/ol\/index.php?rest_route=%2Fwp%2Fv2%2Ftags&post=4990"}],"curies":[{"name":"wp","href":"https:\/\/api.w.org\/{rel}","templated":true}]}}