{"id":4840,"date":"2019-09-10T20:30:11","date_gmt":"2019-09-10T20:30:11","guid":{"rendered":"http:\/\/obispadodelinares.cl\/ol\/?p=4840"},"modified":"2019-09-10T20:32:50","modified_gmt":"2019-09-10T20:32:50","slug":"viii-congreso-de-doctrina-social-de-la-iglesia","status":"publish","type":"post","link":"https:\/\/obispadodelinares.cl\/ol\/?p=4840","title":{"rendered":"VIII Congreso de Doctrina Social de la Iglesia"},"content":{"rendered":"\n<p class=\"has-background has-drop-cap has-light-green-cyan-background-color\"><strong><em>J\u00f3venes del Maule Sur, reflexionan sobre \u201cEl cuidado de la Casa Com\u00fan\u201d, en el 8\u00ba Congreso de Doctrina Social de la Iglesia organizado por colegio San Miguel Arc\u00e1ngel de Linares<\/em><\/strong><\/p>\n\n\n\n<p>Este marte 10 de septiembre, cuando por todos lados suenan los acordes de fiestas Patrias, los j\u00f3venes de los Colegios San Alberto Hurtado de Constituci\u00f3n, San Jos\u00e9 de San Javier, Liceo Inmaculada Concepci\u00f3n de Cauquenes, San Miguel Arc\u00e1ngel y Colegio Alborada de Linares. Se convocaron en el Teatro Municipal de Linares para exponer, debatir y reflexionar en torno a la Enc\u00edclica &#8216;Laudato Si&#8217;, del Papa Francisco, que nos hace un llamado de atenci\u00f3n sobre \u00abEl cuidado de la casa com\u00fan\u201d.<\/p>\n\n\n\n<p>Este a\u00f1o, 5 Colegios del Maule Sur, a trav\u00e9s del estudio integral, de esta Enc\u00edclica del Santo Padre, Laudato S\u00cd. Los estudiantes de cada colegio entregaron una reflexi\u00f3n respecto a las implicancias que la conducta humana est\u00e1 provocando en nuestro planeta y los desaf\u00edos que debemos plantearnos para evitar el profundo da\u00f1o ambiental que nos est\u00e1 agobiando.<\/p>\n\n\n\n<p>En sus palabras de bienvenida la Sra. patricia Sotelo, Directora del Colegio San Miguel de Linares, agradeci\u00f3 al Colegio Alborada por sumarse, una vez m\u00e1s a esta reflexi\u00f3n, as\u00ed como a los Colegios de las Fundaciones Educacionales del Obispado de Linares. En sus palabras tambi\u00e9n destac\u00f3 la coordinaci\u00f3n de este encuentro, al Departamento de Pastoral y Pie, con todos sus equipos de apoyo y la disposici\u00f3n del magn\u00edfico jurado que evalu\u00f3 cada presentaci\u00f3n.<br><\/p>\n\n\n\n<p>En el jurado, destacamos la presencia de:<\/p>\n\n\n\n<p><strong><em>Don Pablo Sep\u00falveda, <\/em><\/strong><strong><em>Seremi del Medio Ambiente.<\/em><\/strong><\/p>\n\n\n\n<p><strong><em>Sor M\u00f3nica C\u00e1rdenas, Coordinadora pastoral del Liceo Mar\u00eda Auxiliadora de Linares.<\/em><\/strong><\/p>\n\n\n\n<p><strong><em>Don Benoit Mathot, Doctor en teolog\u00eda, Acad\u00e9mico e investigador de la UCM<\/em><\/strong><\/p>\n\n\n\n<p><strong><em>Don Alvin Santur, Profesor General B\u00e1sico.<\/em><\/strong><br><\/p>\n\n\n\n<h2 class=\"wp-block-heading\"><strong>Ganadores<\/strong><\/h2>\n\n\n\n<p>Los premiados en el 8\u00ba Congreso de Doctrina Social de la Iglesia, profundizando la Enc\u00edclica Laudato S\u00ed, del Papa Francisco, donde hace un ferviente llamado al \u201cCuidado de la Casa Com\u00fan\u201d fueron:<\/p>\n\n\n\n<p><em><strong>1\u00ba lugar, Colegio San Miguel Arc\u00e1ngel, Linares<\/strong><\/em><\/p>\n\n\n\n<p><em><strong>2\u00ba lugar, Colegio San Alberto Hurtado, Constituci\u00f3n<\/strong><\/em><\/p>\n\n\n\n<p><em><strong>3\u00ba lugar, Colegio Alborada, Linares.<\/strong><\/em><br><\/p>\n\n\n\n<p><strong>En su saludo el Obispo de Linares, Monse\u00f1or Koljatic<\/strong>, felicit\u00f3 el empe\u00f1o puesto en cada una de estas presentaciones, agradeci\u00f3 a todos los presentes e inst\u00f3 a continuar cuidando y promoviendo estas buenas pr\u00e1cticas, en casa, en el colegio y en cada lugar, asumir este cuidado como una opci\u00f3n en beneficio de la hermosa creaci\u00f3n de Dios, en definitiva en beneficio de todos nosotros.<\/p>\n\n\n\n<p><strong>Por su parte, Don Pablo Sep\u00falveda, Seremi del Medio Ambiente en el Maule<\/strong>, agradeci\u00f3 la invitaci\u00f3n. Destac\u00f3 las exposiciones, cada proyecto presentado y que el cuidado del medio ambiente sea un tema que los j\u00f3venes comenten, pues sin duda que la educaci\u00f3n y el cuidado de esta casa com\u00fan, no es tarea de otras generaciones, es una labor que debemos asumir hoy, un quehacer que nos interpela ahora.  <\/p>\n\n\n\n<p><strong>Por su parte, Don Pablo Sep\u00falveda, Seremi del Medio Ambienteen el Maule<\/strong>, agradeci\u00f3 la invitaci\u00f3n. Destac\u00f3 las exposiciones, cada proyecto presentado y que el cuidado del medio ambiente sea un tema que los j\u00f3venes comenten, pues sin duda que la educaci\u00f3n y el cuidado de esta casa com\u00fan, no es tarea de otras generaciones, es una labor que debemos asumir hoy, un quehacer que nos interpela ahora.  <\/p>\n\n\n\n<ul class=\"wp-block-gallery columns-3 is-cropped wp-block-gallery-1 is-layout-flex wp-block-gallery-is-layout-flex\"><li class=\"blocks-gallery-item\"><figure><img fetchpriority=\"high\" decoding=\"async\" width=\"600\" height=\"400\" src=\"https:\/\/obispadodelinares.cl\/ol\/wp-content\/uploads\/2019\/09\/IMG_1817.jpg\" alt=\"\" data-id=\"4843\" data-link=\"https:\/\/obispadodelinares.cl\/ol\/2019\/09\/10\/viii-congreso-de-doctrina-social-de-la-iglesia\/img_1817\/\" class=\"wp-image-4843\" srcset=\"https:\/\/obispadodelinares.cl\/ol\/wp-content\/uploads\/2019\/09\/IMG_1817.jpg 600w, https:\/\/obispadodelinares.cl\/ol\/wp-content\/uploads\/2019\/09\/IMG_1817-300x200.jpg 300w, https:\/\/obispadodelinares.cl\/ol\/wp-content\/uploads\/2019\/09\/IMG_1817-391x260.jpg 391w\" sizes=\"(max-width: 600px) 100vw, 600px\" \/><\/figure><\/li><li class=\"blocks-gallery-item\"><figure><img decoding=\"async\" width=\"600\" height=\"400\" data-src=\"https:\/\/obispadodelinares.cl\/ol\/wp-content\/uploads\/2019\/09\/IMG_1850.jpg\" alt=\"\" data-id=\"4844\" data-link=\"https:\/\/obispadodelinares.cl\/ol\/2019\/09\/10\/viii-congreso-de-doctrina-social-de-la-iglesia\/img_1850\/\" class=\"wp-image-4844 lazyload\" data-srcset=\"https:\/\/obispadodelinares.cl\/ol\/wp-content\/uploads\/2019\/09\/IMG_1850.jpg 600w, https:\/\/obispadodelinares.cl\/ol\/wp-content\/uploads\/2019\/09\/IMG_1850-300x200.jpg 300w, https:\/\/obispadodelinares.cl\/ol\/wp-content\/uploads\/2019\/09\/IMG_1850-391x260.jpg 391w\" data-sizes=\"(max-width: 600px) 100vw, 600px\" src=\"data:image\/svg+xml;base64,PHN2ZyB3aWR0aD0iMSIgaGVpZ2h0PSIxIiB4bWxucz0iaHR0cDovL3d3dy53My5vcmcvMjAwMC9zdmciPjwvc3ZnPg==\" style=\"--smush-placeholder-width: 600px; --smush-placeholder-aspect-ratio: 600\/400;\" \/><\/figure><\/li><li class=\"blocks-gallery-item\"><figure><img decoding=\"async\" width=\"600\" height=\"400\" data-src=\"https:\/\/obispadodelinares.cl\/ol\/wp-content\/uploads\/2019\/09\/IMG_1869.jpg\" alt=\"\" data-id=\"4845\" data-link=\"https:\/\/obispadodelinares.cl\/ol\/2019\/09\/10\/viii-congreso-de-doctrina-social-de-la-iglesia\/img_1869\/\" class=\"wp-image-4845 lazyload\" data-srcset=\"https:\/\/obispadodelinares.cl\/ol\/wp-content\/uploads\/2019\/09\/IMG_1869.jpg 600w, https:\/\/obispadodelinares.cl\/ol\/wp-content\/uploads\/2019\/09\/IMG_1869-300x200.jpg 300w, https:\/\/obispadodelinares.cl\/ol\/wp-content\/uploads\/2019\/09\/IMG_1869-391x260.jpg 391w\" data-sizes=\"(max-width: 600px) 100vw, 600px\" src=\"data:image\/svg+xml;base64,PHN2ZyB3aWR0aD0iMSIgaGVpZ2h0PSIxIiB4bWxucz0iaHR0cDovL3d3dy53My5vcmcvMjAwMC9zdmciPjwvc3ZnPg==\" style=\"--smush-placeholder-width: 600px; --smush-placeholder-aspect-ratio: 600\/400;\" \/><\/figure><\/li><li class=\"blocks-gallery-item\"><figure><img decoding=\"async\" width=\"600\" height=\"400\" data-src=\"https:\/\/obispadodelinares.cl\/ol\/wp-content\/uploads\/2019\/09\/IMG_1887.jpg\" alt=\"\" data-id=\"4846\" data-link=\"https:\/\/obispadodelinares.cl\/ol\/2019\/09\/10\/viii-congreso-de-doctrina-social-de-la-iglesia\/img_1887\/\" class=\"wp-image-4846 lazyload\" data-srcset=\"https:\/\/obispadodelinares.cl\/ol\/wp-content\/uploads\/2019\/09\/IMG_1887.jpg 600w, https:\/\/obispadodelinares.cl\/ol\/wp-content\/uploads\/2019\/09\/IMG_1887-300x200.jpg 300w, https:\/\/obispadodelinares.cl\/ol\/wp-content\/uploads\/2019\/09\/IMG_1887-391x260.jpg 391w\" data-sizes=\"(max-width: 600px) 100vw, 600px\" src=\"data:image\/svg+xml;base64,PHN2ZyB3aWR0aD0iMSIgaGVpZ2h0PSIxIiB4bWxucz0iaHR0cDovL3d3dy53My5vcmcvMjAwMC9zdmciPjwvc3ZnPg==\" style=\"--smush-placeholder-width: 600px; --smush-placeholder-aspect-ratio: 600\/400;\" \/><\/figure><\/li><li class=\"blocks-gallery-item\"><figure><img decoding=\"async\" width=\"600\" height=\"400\" data-src=\"https:\/\/obispadodelinares.cl\/ol\/wp-content\/uploads\/2019\/09\/IMG_1920.jpg\" alt=\"\" data-id=\"4848\" data-link=\"https:\/\/obispadodelinares.cl\/ol\/2019\/09\/10\/viii-congreso-de-doctrina-social-de-la-iglesia\/img_1920\/\" class=\"wp-image-4848 lazyload\" data-srcset=\"https:\/\/obispadodelinares.cl\/ol\/wp-content\/uploads\/2019\/09\/IMG_1920.jpg 600w, https:\/\/obispadodelinares.cl\/ol\/wp-content\/uploads\/2019\/09\/IMG_1920-300x200.jpg 300w, https:\/\/obispadodelinares.cl\/ol\/wp-content\/uploads\/2019\/09\/IMG_1920-391x260.jpg 391w\" data-sizes=\"(max-width: 600px) 100vw, 600px\" src=\"data:image\/svg+xml;base64,PHN2ZyB3aWR0aD0iMSIgaGVpZ2h0PSIxIiB4bWxucz0iaHR0cDovL3d3dy53My5vcmcvMjAwMC9zdmciPjwvc3ZnPg==\" style=\"--smush-placeholder-width: 600px; --smush-placeholder-aspect-ratio: 600\/400;\" \/><\/figure><\/li><li class=\"blocks-gallery-item\"><figure><img decoding=\"async\" width=\"600\" height=\"400\" data-src=\"https:\/\/obispadodelinares.cl\/ol\/wp-content\/uploads\/2019\/09\/IMG_1924.jpg\" alt=\"\" data-id=\"4849\" data-link=\"https:\/\/obispadodelinares.cl\/ol\/2019\/09\/10\/viii-congreso-de-doctrina-social-de-la-iglesia\/img_1924\/\" class=\"wp-image-4849 lazyload\" data-srcset=\"https:\/\/obispadodelinares.cl\/ol\/wp-content\/uploads\/2019\/09\/IMG_1924.jpg 600w, https:\/\/obispadodelinares.cl\/ol\/wp-content\/uploads\/2019\/09\/IMG_1924-300x200.jpg 300w, https:\/\/obispadodelinares.cl\/ol\/wp-content\/uploads\/2019\/09\/IMG_1924-391x260.jpg 391w\" data-sizes=\"(max-width: 600px) 100vw, 600px\" src=\"data:image\/svg+xml;base64,PHN2ZyB3aWR0aD0iMSIgaGVpZ2h0PSIxIiB4bWxucz0iaHR0cDovL3d3dy53My5vcmcvMjAwMC9zdmciPjwvc3ZnPg==\" style=\"--smush-placeholder-width: 600px; --smush-placeholder-aspect-ratio: 600\/400;\" \/><\/figure><\/li><li class=\"blocks-gallery-item\"><figure><img decoding=\"async\" width=\"600\" height=\"400\" data-src=\"https:\/\/obispadodelinares.cl\/ol\/wp-content\/uploads\/2019\/09\/IMG_1927.jpg\" alt=\"\" data-id=\"4850\" data-link=\"https:\/\/obispadodelinares.cl\/ol\/2019\/09\/10\/viii-congreso-de-doctrina-social-de-la-iglesia\/img_1927\/\" class=\"wp-image-4850 lazyload\" data-srcset=\"https:\/\/obispadodelinares.cl\/ol\/wp-content\/uploads\/2019\/09\/IMG_1927.jpg 600w, https:\/\/obispadodelinares.cl\/ol\/wp-content\/uploads\/2019\/09\/IMG_1927-300x200.jpg 300w, https:\/\/obispadodelinares.cl\/ol\/wp-content\/uploads\/2019\/09\/IMG_1927-391x260.jpg 391w\" data-sizes=\"(max-width: 600px) 100vw, 600px\" src=\"data:image\/svg+xml;base64,PHN2ZyB3aWR0aD0iMSIgaGVpZ2h0PSIxIiB4bWxucz0iaHR0cDovL3d3dy53My5vcmcvMjAwMC9zdmciPjwvc3ZnPg==\" style=\"--smush-placeholder-width: 600px; --smush-placeholder-aspect-ratio: 600\/400;\" \/><\/figure><\/li><li class=\"blocks-gallery-item\"><figure><img decoding=\"async\" width=\"600\" height=\"400\" data-src=\"https:\/\/obispadodelinares.cl\/ol\/wp-content\/uploads\/2019\/09\/IMG_1931-1.jpg\" alt=\"\" data-id=\"4851\" data-link=\"https:\/\/obispadodelinares.cl\/ol\/2019\/09\/10\/viii-congreso-de-doctrina-social-de-la-iglesia\/img_1931-2\/\" class=\"wp-image-4851 lazyload\" data-srcset=\"https:\/\/obispadodelinares.cl\/ol\/wp-content\/uploads\/2019\/09\/IMG_1931-1.jpg 600w, https:\/\/obispadodelinares.cl\/ol\/wp-content\/uploads\/2019\/09\/IMG_1931-1-300x200.jpg 300w, https:\/\/obispadodelinares.cl\/ol\/wp-content\/uploads\/2019\/09\/IMG_1931-1-391x260.jpg 391w\" data-sizes=\"(max-width: 600px) 100vw, 600px\" src=\"data:image\/svg+xml;base64,PHN2ZyB3aWR0aD0iMSIgaGVpZ2h0PSIxIiB4bWxucz0iaHR0cDovL3d3dy53My5vcmcvMjAwMC9zdmciPjwvc3ZnPg==\" style=\"--smush-placeholder-width: 600px; --smush-placeholder-aspect-ratio: 600\/400;\" \/><\/figure><\/li><\/ul>\n","protected":false},"excerpt":{"rendered":"<p>J\u00f3venes del Maule Sur, reflexionan sobre \u201cEl cuidado de la Casa Com\u00fan\u201d, en el 8\u00ba Congreso de Doctrina Social de la Iglesia organizado por colegio San Miguel Arc\u00e1ngel de Linares Este marte 10 de septiembre, cuando por todos lados suenan los acordes de fiestas Patrias, los j\u00f3venes de los Colegios San Alberto Hurtado de Constituci\u00f3n, [&hellip;]<\/p>\n","protected":false},"author":1,"featured_media":4853,"comment_status":"closed","ping_status":"closed","sticky":false,"template":"","format":"standard","meta":{"h5ap_radio_sources":[],"footnotes":""},"categories":[215,48],"tags":[135,257,127,91,149],"class_list":["post-4840","post","type-post","status-publish","format-standard","has-post-thumbnail","hentry","category-215","category-educacion","tag-colegio-san-alberto-hurtado","tag-colegio-san-jose-san-javier","tag-colegio-san-miguel","tag-colegios","tag-liceo-inmaculada-concepcion"],"_links":{"self":[{"href":"https:\/\/obispadodelinares.cl\/ol\/index.php?rest_route=\/wp\/v2\/posts\/4840","targetHints":{"allow":["GET"]}}],"collection":[{"href":"https:\/\/obispadodelinares.cl\/ol\/index.php?rest_route=\/wp\/v2\/posts"}],"about":[{"href":"https:\/\/obispadodelinares.cl\/ol\/index.php?rest_route=\/wp\/v2\/types\/post"}],"author":[{"embeddable":true,"href":"https:\/\/obispadodelinares.cl\/ol\/index.php?rest_route=\/wp\/v2\/users\/1"}],"replies":[{"embeddable":true,"href":"https:\/\/obispadodelinares.cl\/ol\/index.php?rest_route=%2Fwp%2Fv2%2Fcomments&post=4840"}],"version-history":[{"count":0,"href":"https:\/\/obispadodelinares.cl\/ol\/index.php?rest_route=\/wp\/v2\/posts\/4840\/revisions"}],"wp:featuredmedia":[{"embeddable":true,"href":"https:\/\/obispadodelinares.cl\/ol\/index.php?rest_route=\/wp\/v2\/media\/4853"}],"wp:attachment":[{"href":"https:\/\/obispadodelinares.cl\/ol\/index.php?rest_route=%2Fwp%2Fv2%2Fmedia&parent=4840"}],"wp:term":[{"taxonomy":"category","embeddable":true,"href":"https:\/\/obispadodelinares.cl\/ol\/index.php?rest_route=%2Fwp%2Fv2%2Fcategories&post=4840"},{"taxonomy":"post_tag","embeddable":true,"href":"https:\/\/obispadodelinares.cl\/ol\/index.php?rest_route=%2Fwp%2Fv2%2Ftags&post=4840"}],"curies":[{"name":"wp","href":"https:\/\/api.w.org\/{rel}","templated":true}]}}