{"id":4804,"date":"2019-09-01T22:12:44","date_gmt":"2019-09-01T22:12:44","guid":{"rendered":"http:\/\/obispadodelinares.cl\/ol\/?p=4804"},"modified":"2019-09-02T22:16:01","modified_gmt":"2019-09-02T22:16:01","slug":"todo-lo-puedo-en-aquel-que-me-da-fuerza","status":"publish","type":"post","link":"https:\/\/obispadodelinares.cl\/ol\/?p=4804","title":{"rendered":"\u201cTodo lo puedo en Aquel que me da fuerza\u201d"},"content":{"rendered":"<p><span style=\"font-weight: 400;\">El 28 de agosto, la Iglesia celebr\u00f3 a la Hna. Mar\u00eda Enriqueta M\u00e9ndez Garc\u00eda, religiosa mexicana, quien conmemor\u00f3 las Bodas de Oro,\u00a0 los 25 a\u00f1os de su gran \u201cS\u00cd\u201d al Se\u00f1or. S\u00ed, a su amor y s\u00ed, a su servicio en la Iglesia, en el Carisma de la Comunidad Religiosa \u201cSiervas del Se\u00f1or de la Misericordia\u201d.\u00a0<\/span><\/p>\n<p><span style=\"font-weight: 400;\">La Hna. Mar\u00eda Enriqueta, naci\u00f3 en M\u00e9xico y creci\u00f3 junto a sus padres, Don Juli\u00e1n y la Sra. Mar\u00eda, y\u00a0 a sus hermanos, siendo ella la mayor de los 5.\u00a0<\/span><\/p>\n<p><span style=\"font-weight: 400;\">Alegre y sonriente, recuerda que el 28 de agosto de 1994, profes\u00f3 sus votos, abrazando el carisma de hacer presente el Amor Misericordioso de Dios. Con la Misi\u00f3n y el llamado a proclamar a Cristo entre los no evangelizados, llevando el gozo y anuncio\u00a0 de la Salvaci\u00f3n, en el coraz\u00f3n de la Iglesia, ense\u00f1an el Amor Misericordioso que late al ritmo de la ternura de Dios, mostrando a un Jes\u00fas vivo mediante la caridad y el servicio alegre.<\/span><\/p>\n<p><b>Celebraci\u00f3n local y comunitaria<\/b><\/p>\n<p><span style=\"font-weight: 400;\">La Hermana Mar\u00eda Enriqueta, junto a su comunidad, desarrolla su misi\u00f3n evangelizadora en el Decanato de Constituci\u00f3n, apoyando la pastoral de la Parroquia San Jos\u00e9 y el Colegio San Alberto Hurtado.\u00a0<\/span><\/p>\n<p><span style=\"font-weight: 400;\">Por eso, ante este importante acontecimiento, el domingo 1\u00ba de septiembre, en la Misa Comunitaria, el Colegio San Alberto Hurtado y Parroquia San Jos\u00e9 de Constituci\u00f3n celebraron llenos de alegr\u00eda los 25 a\u00f1os de\u00a0 Consagraci\u00f3n Religiosa de Hermana \u201cQueta\u201d, quien reiter\u00f3, ante el altar ya sus hermanos, su S\u00ed al llamado del Se\u00f1or, renovando tambi\u00e9n ese amor por el gran servicio que desde su congregaci\u00f3n desarrollan, renovando su amor al Se\u00f1or y a su Iglesia.<\/span><\/p>\n<p><span style=\"font-weight: 400;\">Para la Di\u00f3cesis de San Ambrosio de Linares, es una inmensa alegr\u00eda contar con la Hna Enriqueta, con su congregaci\u00f3n, que sin duda, junto a todos los consagrados con presencia entre nuestras comunidades, enriquecen el servicio en favor de la evangelizaci\u00f3n.\u00a0<\/span><\/p>\n\n\n<ul class=\"wp-block-gallery columns-3 is-cropped wp-block-gallery-1 is-layout-flex wp-block-gallery-is-layout-flex\"><li class=\"blocks-gallery-item\"><figure><img fetchpriority=\"high\" decoding=\"async\" width=\"1024\" height=\"682\" src=\"https:\/\/obispadodelinares.cl\/ol\/wp-content\/uploads\/2019\/09\/WhatsApp-Image-2019-09-01-at-17.24.05-1024x682.jpeg\" alt=\"\" data-id=\"4808\" data-link=\"https:\/\/obispadodelinares.cl\/ol\/?attachment_id=4808\" class=\"wp-image-4808\" srcset=\"https:\/\/obispadodelinares.cl\/ol\/wp-content\/uploads\/2019\/09\/WhatsApp-Image-2019-09-01-at-17.24.05-1024x682.jpeg 1024w, https:\/\/obispadodelinares.cl\/ol\/wp-content\/uploads\/2019\/09\/WhatsApp-Image-2019-09-01-at-17.24.05-300x200.jpeg 300w, https:\/\/obispadodelinares.cl\/ol\/wp-content\/uploads\/2019\/09\/WhatsApp-Image-2019-09-01-at-17.24.05-768x512.jpeg 768w, https:\/\/obispadodelinares.cl\/ol\/wp-content\/uploads\/2019\/09\/WhatsApp-Image-2019-09-01-at-17.24.05-391x260.jpeg 391w, https:\/\/obispadodelinares.cl\/ol\/wp-content\/uploads\/2019\/09\/WhatsApp-Image-2019-09-01-at-17.24.05-800x533.jpeg 800w, https:\/\/obispadodelinares.cl\/ol\/wp-content\/uploads\/2019\/09\/WhatsApp-Image-2019-09-01-at-17.24.05.jpeg 1280w\" sizes=\"(max-width: 1024px) 100vw, 1024px\" \/><\/figure><\/li><li class=\"blocks-gallery-item\"><figure><img decoding=\"async\" width=\"1024\" height=\"682\" data-src=\"https:\/\/obispadodelinares.cl\/ol\/wp-content\/uploads\/2019\/09\/WhatsApp-Image-2019-09-01-at-17.24.06-1-1024x682.jpeg\" alt=\"\" data-id=\"4809\" data-link=\"https:\/\/obispadodelinares.cl\/ol\/?attachment_id=4809\" class=\"wp-image-4809 lazyload\" data-srcset=\"https:\/\/obispadodelinares.cl\/ol\/wp-content\/uploads\/2019\/09\/WhatsApp-Image-2019-09-01-at-17.24.06-1-1024x682.jpeg 1024w, https:\/\/obispadodelinares.cl\/ol\/wp-content\/uploads\/2019\/09\/WhatsApp-Image-2019-09-01-at-17.24.06-1-300x200.jpeg 300w, https:\/\/obispadodelinares.cl\/ol\/wp-content\/uploads\/2019\/09\/WhatsApp-Image-2019-09-01-at-17.24.06-1-768x512.jpeg 768w, https:\/\/obispadodelinares.cl\/ol\/wp-content\/uploads\/2019\/09\/WhatsApp-Image-2019-09-01-at-17.24.06-1-391x260.jpeg 391w, https:\/\/obispadodelinares.cl\/ol\/wp-content\/uploads\/2019\/09\/WhatsApp-Image-2019-09-01-at-17.24.06-1-800x533.jpeg 800w, https:\/\/obispadodelinares.cl\/ol\/wp-content\/uploads\/2019\/09\/WhatsApp-Image-2019-09-01-at-17.24.06-1.jpeg 1280w\" data-sizes=\"(max-width: 1024px) 100vw, 1024px\" src=\"data:image\/svg+xml;base64,PHN2ZyB3aWR0aD0iMSIgaGVpZ2h0PSIxIiB4bWxucz0iaHR0cDovL3d3dy53My5vcmcvMjAwMC9zdmciPjwvc3ZnPg==\" style=\"--smush-placeholder-width: 1024px; --smush-placeholder-aspect-ratio: 1024\/682;\" \/><\/figure><\/li><li class=\"blocks-gallery-item\"><figure><img decoding=\"async\" width=\"1024\" height=\"682\" data-src=\"https:\/\/obispadodelinares.cl\/ol\/wp-content\/uploads\/2019\/09\/WhatsApp-Image-2019-09-01-at-17.34.57-1024x682.jpeg\" alt=\"\" data-id=\"4810\" data-link=\"https:\/\/obispadodelinares.cl\/ol\/?attachment_id=4810\" class=\"wp-image-4810 lazyload\" data-srcset=\"https:\/\/obispadodelinares.cl\/ol\/wp-content\/uploads\/2019\/09\/WhatsApp-Image-2019-09-01-at-17.34.57-1024x682.jpeg 1024w, https:\/\/obispadodelinares.cl\/ol\/wp-content\/uploads\/2019\/09\/WhatsApp-Image-2019-09-01-at-17.34.57-300x200.jpeg 300w, https:\/\/obispadodelinares.cl\/ol\/wp-content\/uploads\/2019\/09\/WhatsApp-Image-2019-09-01-at-17.34.57-768x512.jpeg 768w, https:\/\/obispadodelinares.cl\/ol\/wp-content\/uploads\/2019\/09\/WhatsApp-Image-2019-09-01-at-17.34.57-391x260.jpeg 391w, https:\/\/obispadodelinares.cl\/ol\/wp-content\/uploads\/2019\/09\/WhatsApp-Image-2019-09-01-at-17.34.57-800x533.jpeg 800w, https:\/\/obispadodelinares.cl\/ol\/wp-content\/uploads\/2019\/09\/WhatsApp-Image-2019-09-01-at-17.34.57.jpeg 1280w\" data-sizes=\"(max-width: 1024px) 100vw, 1024px\" src=\"data:image\/svg+xml;base64,PHN2ZyB3aWR0aD0iMSIgaGVpZ2h0PSIxIiB4bWxucz0iaHR0cDovL3d3dy53My5vcmcvMjAwMC9zdmciPjwvc3ZnPg==\" style=\"--smush-placeholder-width: 1024px; --smush-placeholder-aspect-ratio: 1024\/682;\" \/><\/figure><\/li><li class=\"blocks-gallery-item\"><figure><img decoding=\"async\" width=\"1024\" height=\"768\" data-src=\"https:\/\/obispadodelinares.cl\/ol\/wp-content\/uploads\/2019\/09\/WhatsApp-Image-2019-09-01-at-18.00.01-1024x768.jpeg\" alt=\"\" data-id=\"4811\" data-link=\"https:\/\/obispadodelinares.cl\/ol\/?attachment_id=4811\" class=\"wp-image-4811 lazyload\" data-srcset=\"https:\/\/obispadodelinares.cl\/ol\/wp-content\/uploads\/2019\/09\/WhatsApp-Image-2019-09-01-at-18.00.01-1024x768.jpeg 1024w, https:\/\/obispadodelinares.cl\/ol\/wp-content\/uploads\/2019\/09\/WhatsApp-Image-2019-09-01-at-18.00.01-300x225.jpeg 300w, https:\/\/obispadodelinares.cl\/ol\/wp-content\/uploads\/2019\/09\/WhatsApp-Image-2019-09-01-at-18.00.01-768x576.jpeg 768w, https:\/\/obispadodelinares.cl\/ol\/wp-content\/uploads\/2019\/09\/WhatsApp-Image-2019-09-01-at-18.00.01-800x600.jpeg 800w, https:\/\/obispadodelinares.cl\/ol\/wp-content\/uploads\/2019\/09\/WhatsApp-Image-2019-09-01-at-18.00.01-400x300.jpeg 400w, https:\/\/obispadodelinares.cl\/ol\/wp-content\/uploads\/2019\/09\/WhatsApp-Image-2019-09-01-at-18.00.01.jpeg 1280w\" data-sizes=\"(max-width: 1024px) 100vw, 1024px\" src=\"data:image\/svg+xml;base64,PHN2ZyB3aWR0aD0iMSIgaGVpZ2h0PSIxIiB4bWxucz0iaHR0cDovL3d3dy53My5vcmcvMjAwMC9zdmciPjwvc3ZnPg==\" style=\"--smush-placeholder-width: 1024px; --smush-placeholder-aspect-ratio: 1024\/768;\" \/><\/figure><\/li><li class=\"blocks-gallery-item\"><figure><img decoding=\"async\" width=\"768\" height=\"1024\" data-src=\"https:\/\/obispadodelinares.cl\/ol\/wp-content\/uploads\/2019\/09\/WhatsApp-Image-2019-09-01-at-18.00.02-1-768x1024.jpeg\" alt=\"\" data-id=\"4812\" data-link=\"https:\/\/obispadodelinares.cl\/ol\/?attachment_id=4812\" class=\"wp-image-4812 lazyload\" data-srcset=\"https:\/\/obispadodelinares.cl\/ol\/wp-content\/uploads\/2019\/09\/WhatsApp-Image-2019-09-01-at-18.00.02-1-768x1024.jpeg 768w, https:\/\/obispadodelinares.cl\/ol\/wp-content\/uploads\/2019\/09\/WhatsApp-Image-2019-09-01-at-18.00.02-1-225x300.jpeg 225w, https:\/\/obispadodelinares.cl\/ol\/wp-content\/uploads\/2019\/09\/WhatsApp-Image-2019-09-01-at-18.00.02-1-800x1067.jpeg 800w, https:\/\/obispadodelinares.cl\/ol\/wp-content\/uploads\/2019\/09\/WhatsApp-Image-2019-09-01-at-18.00.02-1.jpeg 960w\" data-sizes=\"(max-width: 768px) 100vw, 768px\" src=\"data:image\/svg+xml;base64,PHN2ZyB3aWR0aD0iMSIgaGVpZ2h0PSIxIiB4bWxucz0iaHR0cDovL3d3dy53My5vcmcvMjAwMC9zdmciPjwvc3ZnPg==\" style=\"--smush-placeholder-width: 768px; --smush-placeholder-aspect-ratio: 768\/1024;\" \/><\/figure><\/li><li class=\"blocks-gallery-item\"><figure><img decoding=\"async\" width=\"768\" height=\"1024\" data-src=\"https:\/\/obispadodelinares.cl\/ol\/wp-content\/uploads\/2019\/09\/WhatsApp-Image-2019-09-01-at-18.00.02-768x1024.jpeg\" alt=\"\" data-id=\"4813\" data-link=\"https:\/\/obispadodelinares.cl\/ol\/?attachment_id=4813\" class=\"wp-image-4813 lazyload\" data-srcset=\"https:\/\/obispadodelinares.cl\/ol\/wp-content\/uploads\/2019\/09\/WhatsApp-Image-2019-09-01-at-18.00.02-768x1024.jpeg 768w, https:\/\/obispadodelinares.cl\/ol\/wp-content\/uploads\/2019\/09\/WhatsApp-Image-2019-09-01-at-18.00.02-225x300.jpeg 225w, https:\/\/obispadodelinares.cl\/ol\/wp-content\/uploads\/2019\/09\/WhatsApp-Image-2019-09-01-at-18.00.02-800x1067.jpeg 800w, https:\/\/obispadodelinares.cl\/ol\/wp-content\/uploads\/2019\/09\/WhatsApp-Image-2019-09-01-at-18.00.02.jpeg 960w\" data-sizes=\"(max-width: 768px) 100vw, 768px\" src=\"data:image\/svg+xml;base64,PHN2ZyB3aWR0aD0iMSIgaGVpZ2h0PSIxIiB4bWxucz0iaHR0cDovL3d3dy53My5vcmcvMjAwMC9zdmciPjwvc3ZnPg==\" style=\"--smush-placeholder-width: 768px; --smush-placeholder-aspect-ratio: 768\/1024;\" \/><\/figure><\/li><\/ul>\n","protected":false},"excerpt":{"rendered":"<p>El 28 de agosto, la Iglesia celebr\u00f3 a la Hna. Mar\u00eda Enriqueta M\u00e9ndez Garc\u00eda, religiosa mexicana, quien conmemor\u00f3 las Bodas de Oro,\u00a0 los 25 a\u00f1os de su gran \u201cS\u00cd\u201d al Se\u00f1or. S\u00ed, a su amor y s\u00ed, a su servicio en la Iglesia, en el Carisma de la Comunidad Religiosa \u201cSiervas del Se\u00f1or de la [&hellip;]<\/p>\n","protected":false},"author":1,"featured_media":4807,"comment_status":"closed","ping_status":"closed","sticky":false,"template":"","format":"standard","meta":{"h5ap_radio_sources":[],"footnotes":""},"categories":[215,69,154],"tags":[120,52,258,70],"class_list":["post-4804","post","type-post","status-publish","format-standard","has-post-thumbnail","hentry","category-215","category-aniversario","category-vocacion","tag-constitucion","tag-eucaristia","tag-profesion-religiosa","tag-vida-consagrada"],"_links":{"self":[{"href":"https:\/\/obispadodelinares.cl\/ol\/index.php?rest_route=\/wp\/v2\/posts\/4804","targetHints":{"allow":["GET"]}}],"collection":[{"href":"https:\/\/obispadodelinares.cl\/ol\/index.php?rest_route=\/wp\/v2\/posts"}],"about":[{"href":"https:\/\/obispadodelinares.cl\/ol\/index.php?rest_route=\/wp\/v2\/types\/post"}],"author":[{"embeddable":true,"href":"https:\/\/obispadodelinares.cl\/ol\/index.php?rest_route=\/wp\/v2\/users\/1"}],"replies":[{"embeddable":true,"href":"https:\/\/obispadodelinares.cl\/ol\/index.php?rest_route=%2Fwp%2Fv2%2Fcomments&post=4804"}],"version-history":[{"count":0,"href":"https:\/\/obispadodelinares.cl\/ol\/index.php?rest_route=\/wp\/v2\/posts\/4804\/revisions"}],"wp:featuredmedia":[{"embeddable":true,"href":"https:\/\/obispadodelinares.cl\/ol\/index.php?rest_route=\/wp\/v2\/media\/4807"}],"wp:attachment":[{"href":"https:\/\/obispadodelinares.cl\/ol\/index.php?rest_route=%2Fwp%2Fv2%2Fmedia&parent=4804"}],"wp:term":[{"taxonomy":"category","embeddable":true,"href":"https:\/\/obispadodelinares.cl\/ol\/index.php?rest_route=%2Fwp%2Fv2%2Fcategories&post=4804"},{"taxonomy":"post_tag","embeddable":true,"href":"https:\/\/obispadodelinares.cl\/ol\/index.php?rest_route=%2Fwp%2Fv2%2Ftags&post=4804"}],"curies":[{"name":"wp","href":"https:\/\/api.w.org\/{rel}","templated":true}]}}