{"id":4699,"date":"2019-06-23T20:47:27","date_gmt":"2019-06-23T20:47:27","guid":{"rendered":"http:\/\/obispadodelinares.cl\/ol\/?p=4699"},"modified":"2019-06-23T20:47:27","modified_gmt":"2019-06-23T20:47:27","slug":"fallecio-sacerdote-walther-heckemeier-fundador-de-la-obra-kolping-en-chile","status":"publish","type":"post","link":"https:\/\/obispadodelinares.cl\/ol\/?p=4699","title":{"rendered":"Falleci\u00f3 Sacerdote Walther Heckemeier, fundador de la obra Kolping en Chile."},"content":{"rendered":"<p>El Padre Walter Heckemeier naci\u00f3 un 29 de Octubre de 1937 en la ciudad de Mastholte Alemania, realizo sus estudios en la Escuela Industrialde Rheda. Arribo a Chile en el a\u00f1o 1961 para estudiar en el Seminario Santo Cura de Ars de San Jos\u00e9 de la Mariquina.<\/p>\n<p>Fue ordenado sacerdote el18 de Diciembre de 1966, llegando a la ciudad de Villarrica ese mismo a\u00f1o para apoyar el trabajo como Vicario en la Catedral de Villarrica.<\/p>\n<p>Dentro de sus tareas desempe\u00f1adas ha sido, P\u00e1rroco de la Parroquia El Sagrario, hoy Sagrado Coraz\u00f3n de Jes\u00fas, Director de la Escuela San Jos\u00e9 de Villarrica, ha construido m\u00e1s de 40 capillas en los sectores rurales y urbanos, adem\u00e1s: La Capilla Sagrada Familia y la Gruta a la entrada Norte de la ciudad de Villarrica, capell\u00e1n de los Scout en la Di\u00f3cesis, Fundador en el a\u00f1o 1976 de Kolping en Chile, hoy esta Asociaci\u00f3n se encuentra en 20 Di\u00f3cesis del pa\u00eds.<\/p>\n<p>Ha sido reconocido por diferentes entidades por su labor Pastoral y Misionera, en octubre del 1998 recibe reconocimiento de la Fundaci\u00f3n del Magisterio de la Araucan\u00eda, la Ilustre Municipalidad de Villarrica en el mes de abril del a\u00f1o 1999 entrego medalla al m\u00e9rito, recibi\u00f3 en Mayo del 2003 la m\u00e1xima insignia de honor de la Obra Kolping Internacional y ese mismo a\u00f1o la Ilustre Municipalidad nuevamente le reconoce sus meritos.<\/p>\n<p>Por mas de 25 a\u00f1os acompa\u00f1o a las Familias de Villarrica todos los d\u00edas Domingo con un programa radial llamado \u201cParroquia El Sagrario\u201d ha sido un periodista innato y ha hecho mas de 100 publicaciones en libros grandes y peque\u00f1os, sobre 300 pel\u00edculas en diapositivas para ni\u00f1os, j\u00f3venes y comunidades, adem\u00e1s de otros 100 videos educativos, desempe\u00f1\u00e1ndose por d\u00e9cadas como Profesor de Religi\u00f3n, gran tallador, pues su estudio fue de mueblista. Ha sido Arquitecto y jefe de obra en cada construcci\u00f3n de capilla o ampliaci\u00f3n de colegio. Despu\u00e9s de ser P\u00e1rroco en la Parroquia el Sagrario, asume como P\u00e1rroco en Lican Ray que comprende lugares como Pucura Co\u00f1aripe y Liqui\u00f1e. A la fecha continua siendo el Asesor Nacional de Kolping Chile, cargo que tambi\u00e9n desempe\u00f1a en Kolping para Am\u00e9rica Latina.<\/p>\n<p>Di\u00f3cesis Villarrica Inform\u00f3 es su facebook<\/p>\n<p>Como Di\u00f3cesis de Villarrica nos unimos en oraci\u00f3n por el eterno descanso del P. Walter Heckemeier, llamado a la casa del Padre durante la noche de este s\u00e1bado 22 de junio. Que brille para \u00e9l la luz perpetua.<\/p>\n<p>Sus restos ser\u00e1n velados en la Catedral de Villarrica.<\/p>\n<p>Fuente Kolping Chile<\/p>\n","protected":false},"excerpt":{"rendered":"<p>El Padre Walter Heckemeier naci\u00f3 un 29 de Octubre de 1937 en la ciudad de Mastholte Alemania, realizo sus estudios en la Escuela Industrialde Rheda. Arribo a Chile en el a\u00f1o 1961 para estudiar en el Seminario Santo Cura de Ars de San Jos\u00e9 de la Mariquina. Fue ordenado sacerdote el18 de Diciembre de 1966, [&hellip;]<\/p>\n","protected":false},"author":1,"featured_media":4703,"comment_status":"closed","ping_status":"closed","sticky":false,"template":"","format":"standard","meta":{"h5ap_radio_sources":[],"footnotes":""},"categories":[215],"tags":[84],"class_list":["post-4699","post","type-post","status-publish","format-standard","has-post-thumbnail","hentry","category-215","tag-grupos-pastorales"],"_links":{"self":[{"href":"https:\/\/obispadodelinares.cl\/ol\/index.php?rest_route=\/wp\/v2\/posts\/4699","targetHints":{"allow":["GET"]}}],"collection":[{"href":"https:\/\/obispadodelinares.cl\/ol\/index.php?rest_route=\/wp\/v2\/posts"}],"about":[{"href":"https:\/\/obispadodelinares.cl\/ol\/index.php?rest_route=\/wp\/v2\/types\/post"}],"author":[{"embeddable":true,"href":"https:\/\/obispadodelinares.cl\/ol\/index.php?rest_route=\/wp\/v2\/users\/1"}],"replies":[{"embeddable":true,"href":"https:\/\/obispadodelinares.cl\/ol\/index.php?rest_route=%2Fwp%2Fv2%2Fcomments&post=4699"}],"version-history":[{"count":0,"href":"https:\/\/obispadodelinares.cl\/ol\/index.php?rest_route=\/wp\/v2\/posts\/4699\/revisions"}],"wp:featuredmedia":[{"embeddable":true,"href":"https:\/\/obispadodelinares.cl\/ol\/index.php?rest_route=\/wp\/v2\/media\/4703"}],"wp:attachment":[{"href":"https:\/\/obispadodelinares.cl\/ol\/index.php?rest_route=%2Fwp%2Fv2%2Fmedia&parent=4699"}],"wp:term":[{"taxonomy":"category","embeddable":true,"href":"https:\/\/obispadodelinares.cl\/ol\/index.php?rest_route=%2Fwp%2Fv2%2Fcategories&post=4699"},{"taxonomy":"post_tag","embeddable":true,"href":"https:\/\/obispadodelinares.cl\/ol\/index.php?rest_route=%2Fwp%2Fv2%2Ftags&post=4699"}],"curies":[{"name":"wp","href":"https:\/\/api.w.org\/{rel}","templated":true}]}}