{"id":3843,"date":"2018-08-16T19:06:25","date_gmt":"2018-08-16T19:06:25","guid":{"rendered":"http:\/\/obispadodelinares.cl\/ol\/?p=3843"},"modified":"2018-08-17T19:50:10","modified_gmt":"2018-08-17T19:50:10","slug":"nuestra-senora-del-transito-putu-religiosidad-popular-que-se-vive-y-se-siente-con-fervor","status":"publish","type":"post","link":"https:\/\/obispadodelinares.cl\/ol\/?p=3843","title":{"rendered":"Nuestra Se\u00f1ora del Tr\u00e1nsito, Put\u00fa Religiosidad popular que se vive y se siente con fervor"},"content":{"rendered":"<p>El mi\u00e9rcoles 15 de agosto, se realiz\u00f3 en Put\u00fa, la Fiesta en honor a su Patrona Nuestra Se\u00f1ora del Tr\u00e1nsito. Un d\u00eda radiante de sol y alegr\u00eda, acompa\u00f1aron las expresiones de cari\u00f1o y fervor, fidelidad y esperanza del pueblo putugano que agradeci\u00f3 a la Virgen por cuidarlos cada d\u00eda.<\/p>\n<hr \/>\n<p>Luego de rezar la Novena y completar su visita a las comunidades retorn\u00f3 a la parroquia la imagen de Nuestra Se\u00f1ora del Tr\u00e1nsito, para recibir los homenajes que en su honor hab\u00eda preparado la comunidad, junto a su p\u00e1rroco el P. Benjam\u00edn Retamales, para concluir con la Eucarist\u00eda y un homenaje folcl\u00f3rico a cargo del Conjunto San Ignacio de Empedrado.<br \/>\nLos asistentes llevaron en andas la imagen para recorrer las calles del Pueblo. Al paso de la romer\u00eda el P\u00e1rroco y el Di\u00e1cono Ignacio Salazar, bendec\u00edan los altares que se hab\u00edan preparado para esperar la procesi\u00f3n.<br \/>\nUn minuto de silencio se vivi\u00f3 frente a la Unidad de Carabineros de Put\u00fa, all\u00ed se record\u00f3 en la oraci\u00f3n al sargento primero Fredy Fern\u00e1ndez Garc\u00e9s y al cabo primero Mauricio Roca Sep\u00falveda, quienes murieron en los incendios de enero de 2017, cuando acud\u00edan a ayudar a vecinos del sector de Maquehua. Se pidi\u00f3 por su descanso, el consuelo de sus familias y el valioso testimonio que dejaran a sus camaradas.<br \/>\nAl retornar, en el frontis del templo, los Huasos que escoltaban la procesi\u00f3n tambi\u00e9n rindieron su homenaje, desfilando con respeto ante la imagen de Nuestra Se\u00f1ora del Tr\u00e1nsito.<br \/>\nEn esta oportunidad y como es tradici\u00f3n desde hace 25 a\u00f1os, j\u00f3venes de Constituci\u00f3n caminaron hasta el templo de Put\u00fa, para acompa\u00f1ar a la comunidad en esta hermosa fiesta patronal. Ellos, llegan hasta el sector de Maromilla y desde all\u00ed avanzan en procesi\u00f3n hasta la plaza, donde se integran a los peregrinos de la parroquia que escoltan la imagen de Nuestra Se\u00f1ora del Tr\u00e1nsito en Put\u00fa.<br \/>\nFelicitaciones a los feligreses de Put\u00fa y a las comunidades vecinas que participaron.<\/p>\n<p><center><br \/>\n<a href=\"http:\/\/noticias.iglesia.cl\/noticia.php?id=36546\"><button class=\"btn btn-success\" type=\"button\">Iglesia.cl<\/button><\/a><\/center>&nbsp;<\/p>\n<p><center><br \/>\n<a href=\"https:\/\/photos.app.goo.gl\/83WhEdEZnvMm5APx8\"><button class=\"btn btn-success\" type=\"button\">Ver Fotograf\u00edas<\/button><\/a><\/center>&nbsp;<\/p>\n","protected":false},"excerpt":{"rendered":"<p>El mi\u00e9rcoles 15 de agosto, se realiz\u00f3 en Put\u00fa, la Fiesta en honor a su Patrona Nuestra Se\u00f1ora del Tr\u00e1nsito. Un d\u00eda radiante de sol y alegr\u00eda, acompa\u00f1aron las expresiones de cari\u00f1o y fervor, fidelidad y esperanza del pueblo putugano que agradeci\u00f3 a la Virgen por cuidarlos cada d\u00eda. Luego de rezar la Novena y [&hellip;]<\/p>\n","protected":false},"author":1,"featured_media":3844,"comment_status":"closed","ping_status":"closed","sticky":false,"template":"","format":"standard","meta":{"h5ap_radio_sources":[],"footnotes":""},"categories":[197,74,193],"tags":[29,52,75,43,40],"class_list":["post-3843","post","type-post","status-publish","format-standard","has-post-thumbnail","hentry","category-197","category-fiesta-religiosa","category-historia-diocesana","tag-corresponsales","tag-eucaristia","tag-festividad-popular","tag-parroquias","tag-virgen"],"_links":{"self":[{"href":"https:\/\/obispadodelinares.cl\/ol\/index.php?rest_route=\/wp\/v2\/posts\/3843","targetHints":{"allow":["GET"]}}],"collection":[{"href":"https:\/\/obispadodelinares.cl\/ol\/index.php?rest_route=\/wp\/v2\/posts"}],"about":[{"href":"https:\/\/obispadodelinares.cl\/ol\/index.php?rest_route=\/wp\/v2\/types\/post"}],"author":[{"embeddable":true,"href":"https:\/\/obispadodelinares.cl\/ol\/index.php?rest_route=\/wp\/v2\/users\/1"}],"replies":[{"embeddable":true,"href":"https:\/\/obispadodelinares.cl\/ol\/index.php?rest_route=%2Fwp%2Fv2%2Fcomments&post=3843"}],"version-history":[{"count":0,"href":"https:\/\/obispadodelinares.cl\/ol\/index.php?rest_route=\/wp\/v2\/posts\/3843\/revisions"}],"wp:featuredmedia":[{"embeddable":true,"href":"https:\/\/obispadodelinares.cl\/ol\/index.php?rest_route=\/wp\/v2\/media\/3844"}],"wp:attachment":[{"href":"https:\/\/obispadodelinares.cl\/ol\/index.php?rest_route=%2Fwp%2Fv2%2Fmedia&parent=3843"}],"wp:term":[{"taxonomy":"category","embeddable":true,"href":"https:\/\/obispadodelinares.cl\/ol\/index.php?rest_route=%2Fwp%2Fv2%2Fcategories&post=3843"},{"taxonomy":"post_tag","embeddable":true,"href":"https:\/\/obispadodelinares.cl\/ol\/index.php?rest_route=%2Fwp%2Fv2%2Ftags&post=3843"}],"curies":[{"name":"wp","href":"https:\/\/api.w.org\/{rel}","templated":true}]}}