{"id":3774,"date":"2018-07-19T21:37:11","date_gmt":"2018-07-19T21:37:11","guid":{"rendered":"http:\/\/obispadodelinares.cl\/ol\/?p=3774"},"modified":"2018-07-23T04:13:03","modified_gmt":"2018-07-23T04:13:03","slug":"fallece-hermano-juan-arroyosm","status":"publish","type":"post","link":"https:\/\/obispadodelinares.cl\/ol\/?p=3774","title":{"rendered":"Fallece Hermano Juan Arroyo,sm"},"content":{"rendered":"<p>Con profunda tristeza, informamos que el Hno. Juan Arroyo N\u00fa\u00f1ez SM falleci\u00f3 este jueves 19 de julio.<br \/>\nEl velatorio se est\u00e1 realizando en la capilla del Instituto Miguel Le\u00f3n Prado, Santiago. Hoy, viernes 20 de julio, se har\u00e1 una misa de acci\u00f3n de gracias en su recuerdo a las 19:00 horas en dicho lugar. Sus funerales se realizar\u00e1n el s\u00e1bado 21 de julio en horario por confirmar.<br \/>\nNos mantenemos juntos en oraci\u00f3n con nuestros hermanos Marianistas. Dando gracias a Dios por la vida y legado del Hno. Juan y de toda la comunidad Marianista que forma parte importante en la historia de esta ciudad.<\/p>\n","protected":false},"excerpt":{"rendered":"<p>Con profunda tristeza, informamos que el Hno. Juan Arroyo N\u00fa\u00f1ez SM falleci\u00f3 este jueves 19 de julio. El velatorio se est\u00e1 realizando en la capilla del Instituto Miguel Le\u00f3n Prado, Santiago. Hoy, viernes 20 de julio, se har\u00e1 una misa de acci\u00f3n de gracias en su recuerdo a las 19:00 horas en dicho lugar. Sus [&hellip;]<\/p>\n","protected":false},"author":1,"featured_media":3775,"comment_status":"closed","ping_status":"closed","sticky":false,"template":"","format":"standard","meta":{"h5ap_radio_sources":[],"footnotes":""},"categories":[197,193,68],"tags":[125,209],"class_list":["post-3774","post","type-post","status-publish","format-standard","has-post-thumbnail","hentry","category-197","category-historia-diocesana","category-religiosas","tag-instituto-linares","tag-religiosos"],"_links":{"self":[{"href":"https:\/\/obispadodelinares.cl\/ol\/index.php?rest_route=\/wp\/v2\/posts\/3774","targetHints":{"allow":["GET"]}}],"collection":[{"href":"https:\/\/obispadodelinares.cl\/ol\/index.php?rest_route=\/wp\/v2\/posts"}],"about":[{"href":"https:\/\/obispadodelinares.cl\/ol\/index.php?rest_route=\/wp\/v2\/types\/post"}],"author":[{"embeddable":true,"href":"https:\/\/obispadodelinares.cl\/ol\/index.php?rest_route=\/wp\/v2\/users\/1"}],"replies":[{"embeddable":true,"href":"https:\/\/obispadodelinares.cl\/ol\/index.php?rest_route=%2Fwp%2Fv2%2Fcomments&post=3774"}],"version-history":[{"count":0,"href":"https:\/\/obispadodelinares.cl\/ol\/index.php?rest_route=\/wp\/v2\/posts\/3774\/revisions"}],"wp:featuredmedia":[{"embeddable":true,"href":"https:\/\/obispadodelinares.cl\/ol\/index.php?rest_route=\/wp\/v2\/media\/3775"}],"wp:attachment":[{"href":"https:\/\/obispadodelinares.cl\/ol\/index.php?rest_route=%2Fwp%2Fv2%2Fmedia&parent=3774"}],"wp:term":[{"taxonomy":"category","embeddable":true,"href":"https:\/\/obispadodelinares.cl\/ol\/index.php?rest_route=%2Fwp%2Fv2%2Fcategories&post=3774"},{"taxonomy":"post_tag","embeddable":true,"href":"https:\/\/obispadodelinares.cl\/ol\/index.php?rest_route=%2Fwp%2Fv2%2Ftags&post=3774"}],"curies":[{"name":"wp","href":"https:\/\/api.w.org\/{rel}","templated":true}]}}