{"id":3714,"date":"2018-06-30T21:10:42","date_gmt":"2018-06-30T21:10:42","guid":{"rendered":"http:\/\/obispadodelinares.cl\/ol\/?p=3714"},"modified":"2018-07-02T00:40:00","modified_gmt":"2018-07-02T00:40:00","slug":"pescadores-rinden-honores-a-su-patrono-en-el-maule-sur","status":"publish","type":"post","link":"https:\/\/obispadodelinares.cl\/ol\/?p=3714","title":{"rendered":"Pescadores rinden honores a su Patrono en el Maule Sur"},"content":{"rendered":"<p>Como manda la tradici\u00f3n los pescadores en las Caletas de Pelluhue y Curanipe rezaron la Novena, mejorando su asistencia cada a\u00f1o. Pero el d\u00eda 29, todos junto a sus familiares y amigos, rindieron honores a San Pedro y a San Pablo.<\/p>\n<hr \/>\n<p>La fiesta comenz\u00f3 con la Eucarist\u00eda en la Parroquia de Curanipe, presidiendo la celebraci\u00f3n estaban el P. Luis Humberto Alarc\u00f3n y el P. Francisco Hormazabal, acompa\u00f1ando a los pescadores las Autoridades de la Comuna, representantes de Sernapesca, familiares y amigos.<br \/>\nA cargo de la homil\u00eda estuvo el P. Francisco, quien destac\u00f3 la figura de San Pedro, c\u00f3mo su testimonio de fe, sigue siendo un modelo en nuestros d\u00edas. \u201cUstedes, los pescadores con su rudeza y pujanza, as\u00ed como Pedro ante el Maestro, vienen d\u00f3ciles a escuchar la Palabra del Se\u00f1or y as\u00ed como Pedro, tambi\u00e9n reconocen y proclaman que Jes\u00fas es el que viene a reconciliar a su pueblo. Que es Jes\u00fas quien viene a abrir las puertas de la misericordia&#8230; El Se\u00f1or no quiere levantar barreras ni esconder nuestras faltas,\u2026 \u00c9l quiere que juntos alcancemos la gracia y la fuerza necesaria, para que as\u00ed como Pedro, quien como nosotros tuvo miedos y dudas, tambi\u00e9n maduremos nuestra fe\u201d.<br \/>\nLuego de la Eucarist\u00eda, los Pescadores llevaron en andas la imagen de San Pedro hasta la roca que lleva su nombre y desde donde su imagen les cuida cuando salen a sus faenas en el mar. En este recorrido fueron escoltados por familiares, Autoridades locales, Bomberos y Carabineros. Despu\u00e9s del responso por los pescadores que han muerto en las aguas de estas costas, desde \u201cLa Roca de San Pedro\u201d, se lanzaron las ofrendas florales, parte del rito que cada a\u00f1o se realiza. En esta ocasi\u00f3n por el anuncio de marejadas no se pudo ingresar para dejar las coronas de flores.<br \/>\nLuego, los dos Sindicatos de Pescadores unidos, invitaron a la concurrencia a compartir un rico y abundante c\u00f3ctel, donde destacaron los productos que ellos mismos hab\u00edan sacado de las profundidades, tampoco faltaron las cuecas y la alegr\u00eda de una comunidad que en familia agradece a San Pedro por su protecci\u00f3n y a quien encomiendan el nuevo a\u00f1o.<\/p>\n<p><center><br \/>\n<a href=\"http:\/\/noticias.iglesia.cl\/noticia.php?id=36209\"><button class=\"btn btn-success\" type=\"button\">Iglesia.cl<\/button><\/a>  <\/p>\n<p><a href=\"https:\/\/photos.app.goo.gl\/Sko5j25sQ2qUJLhU9\"><button class=\"btn btn-success\" type=\"button\">Ver Fotograf\u00edas<\/center><\/a><\/p>\n<p>&nbsp;<\/p>\n","protected":false},"excerpt":{"rendered":"<p>Como manda la tradici\u00f3n los pescadores en las Caletas de Pelluhue y Curanipe rezaron la Novena, mejorando su asistencia cada a\u00f1o. Pero el d\u00eda 29, todos junto a sus familiares y amigos, rindieron honores a San Pedro y a San Pablo. La fiesta comenz\u00f3 con la Eucarist\u00eda en la Parroquia de Curanipe, presidiendo la celebraci\u00f3n [&hellip;]<\/p>\n","protected":false},"author":1,"featured_media":3715,"comment_status":"closed","ping_status":"closed","sticky":false,"template":"","format":"standard","meta":{"h5ap_radio_sources":[],"footnotes":""},"categories":[197,74],"tags":[141,52,75],"class_list":["post-3714","post","type-post","status-publish","format-standard","has-post-thumbnail","hentry","category-197","category-fiesta-religiosa","tag-curanipe","tag-eucaristia","tag-festividad-popular"],"_links":{"self":[{"href":"https:\/\/obispadodelinares.cl\/ol\/index.php?rest_route=\/wp\/v2\/posts\/3714","targetHints":{"allow":["GET"]}}],"collection":[{"href":"https:\/\/obispadodelinares.cl\/ol\/index.php?rest_route=\/wp\/v2\/posts"}],"about":[{"href":"https:\/\/obispadodelinares.cl\/ol\/index.php?rest_route=\/wp\/v2\/types\/post"}],"author":[{"embeddable":true,"href":"https:\/\/obispadodelinares.cl\/ol\/index.php?rest_route=\/wp\/v2\/users\/1"}],"replies":[{"embeddable":true,"href":"https:\/\/obispadodelinares.cl\/ol\/index.php?rest_route=%2Fwp%2Fv2%2Fcomments&post=3714"}],"version-history":[{"count":0,"href":"https:\/\/obispadodelinares.cl\/ol\/index.php?rest_route=\/wp\/v2\/posts\/3714\/revisions"}],"wp:featuredmedia":[{"embeddable":true,"href":"https:\/\/obispadodelinares.cl\/ol\/index.php?rest_route=\/wp\/v2\/media\/3715"}],"wp:attachment":[{"href":"https:\/\/obispadodelinares.cl\/ol\/index.php?rest_route=%2Fwp%2Fv2%2Fmedia&parent=3714"}],"wp:term":[{"taxonomy":"category","embeddable":true,"href":"https:\/\/obispadodelinares.cl\/ol\/index.php?rest_route=%2Fwp%2Fv2%2Fcategories&post=3714"},{"taxonomy":"post_tag","embeddable":true,"href":"https:\/\/obispadodelinares.cl\/ol\/index.php?rest_route=%2Fwp%2Fv2%2Ftags&post=3714"}],"curies":[{"name":"wp","href":"https:\/\/api.w.org\/{rel}","templated":true}]}}