{"id":3619,"date":"2018-06-04T16:53:07","date_gmt":"2018-06-04T16:53:07","guid":{"rendered":"http:\/\/obispadodelinares.cl\/ol\/?p=3619"},"modified":"2018-06-04T17:00:00","modified_gmt":"2018-06-04T17:00:00","slug":"masiva-celebracion-de-corpus-christi","status":"publish","type":"post","link":"https:\/\/obispadodelinares.cl\/ol\/?p=3619","title":{"rendered":"Masiva celebraci\u00f3n de Corpus Christi"},"content":{"rendered":"<p>Con Eucarist\u00eda, Adoraci\u00f3n y Procesi\u00f3n escoltado por gran cantidad de feligreses se realiz\u00f3 la\u00a0Solemnidad de Corpus Christi, presidida por Monse\u00f1or Tomislav Koljatic. Este ceremonial se replic\u00f3 con\u00a0gran devoci\u00f3n tambi\u00e9n en parroquias, capillas y colegios de la Di\u00f3cesis de Linares.<\/p>\n<hr \/>\n<p>En la Misa se present\u00f3 a la comunidad la hermosa \u201cCustodia\u201d que peregrinar\u00e1 por la Di\u00f3cesis,\u00a0uniendo a la Iglesia durante el Congreso Eucar\u00edstico Nacional. Como se indica la Custodia comenzar\u00e1\u00a0a peregrinar por las parroquias, comunidades, colegios, entre otros lugares de culto.<br \/>\nEn la Procesi\u00f3n, destac\u00f3 la participaci\u00f3n de familias, j\u00f3venes, ni\u00f1os y adultos. Las Estaciones del\u00a0recorrido estuvieron a cargo de los Colegios: Mar\u00eda Auxiliadora, San Miguel Arc\u00e1ngel, Instituto\u00a0Linares y Margot Loyola. As\u00ed como tambi\u00e9n el movimiento de Cursillo Linares. En cada una de las\u00a0Estaciones la oraci\u00f3n ten\u00eda una dedicaci\u00f3n especial: por los ni\u00f1os y j\u00f3venes, la unidad, las vocaciones,\u00a0las familias, nuestra Iglesia, etc.<br \/>\nEn su homil\u00eda el Obispo destac\u00f3 la Solemnidad de Corpus Christi e invit\u00f3 a los presentes a volver a\u00a0poner a Cristo al centro de nuestras vidas, de nuestra comunidad y de nuestro actuar como\u00a0cristianos.<br \/>\nEl itinerario con el recorrido de la Custodia peregrina, ser\u00e1 informado\u00a0 oportunamente a trav\u00e9s de los\u00a0p\u00e1rrocos.<br \/>\n<strong>Capilla de Adoraci\u00f3n al Sant\u00edsimo<\/strong><br \/>\nLos Adoradores, equipo de laicos que se han organizado haciendo turnos de Adoraci\u00f3n, invitan\u00a0cordialmente a toda la comunidad para que visiten la Capilla de Adoraci\u00f3n que permanece abierta\u00a0todo el d\u00eda, al interior de la Iglesia Catedral de Linares. Siempre es reconfortante dedicar unos\u00a0minutos a solas con el Se\u00f1or Sacramentado, acompa\u00f1ar, orar y contemplar, fortalece nuestra fe y nos\u00a0hace bien a todos.<\/p>\n<p><center><br \/>\n<a href=\"https:\/\/photos.app.goo.gl\/u1b51H9qf6E8oDbv1\"><button class=\"btn btn-success\" type=\"button\">Ver todas las fotograf\u00edas<\/button><\/a><\/center><br \/><center><br \/>\n<a href=\"http:\/\/noticias.iglesia.cl\/noticia.php?id=36010\"><button class=\"btn btn-success\" type=\"button\">Iglesia.cl<\/button><\/a><\/center><\/p>\n","protected":false},"excerpt":{"rendered":"<p>Con Eucarist\u00eda, Adoraci\u00f3n y Procesi\u00f3n escoltado por gran cantidad de feligreses se realiz\u00f3 la\u00a0Solemnidad de Corpus Christi, presidida por Monse\u00f1or Tomislav Koljatic. Este ceremonial se replic\u00f3 con\u00a0gran devoci\u00f3n tambi\u00e9n en parroquias, capillas y colegios de la Di\u00f3cesis de Linares. En la Misa se present\u00f3 a la comunidad la hermosa \u201cCustodia\u201d que peregrinar\u00e1 por la Di\u00f3cesis,\u00a0uniendo [&hellip;]<\/p>\n","protected":false},"author":1,"featured_media":3620,"comment_status":"closed","ping_status":"closed","sticky":false,"template":"","format":"standard","meta":{"h5ap_radio_sources":[],"footnotes":""},"categories":[197,53,200,74],"tags":[91,52,75],"class_list":["post-3619","post","type-post","status-publish","format-standard","has-post-thumbnail","hentry","category-197","category-adoracion-eucaristica","category-congreso-eucaristico","category-fiesta-religiosa","tag-colegios","tag-eucaristia","tag-festividad-popular"],"_links":{"self":[{"href":"https:\/\/obispadodelinares.cl\/ol\/index.php?rest_route=\/wp\/v2\/posts\/3619","targetHints":{"allow":["GET"]}}],"collection":[{"href":"https:\/\/obispadodelinares.cl\/ol\/index.php?rest_route=\/wp\/v2\/posts"}],"about":[{"href":"https:\/\/obispadodelinares.cl\/ol\/index.php?rest_route=\/wp\/v2\/types\/post"}],"author":[{"embeddable":true,"href":"https:\/\/obispadodelinares.cl\/ol\/index.php?rest_route=\/wp\/v2\/users\/1"}],"replies":[{"embeddable":true,"href":"https:\/\/obispadodelinares.cl\/ol\/index.php?rest_route=%2Fwp%2Fv2%2Fcomments&post=3619"}],"version-history":[{"count":0,"href":"https:\/\/obispadodelinares.cl\/ol\/index.php?rest_route=\/wp\/v2\/posts\/3619\/revisions"}],"wp:featuredmedia":[{"embeddable":true,"href":"https:\/\/obispadodelinares.cl\/ol\/index.php?rest_route=\/wp\/v2\/media\/3620"}],"wp:attachment":[{"href":"https:\/\/obispadodelinares.cl\/ol\/index.php?rest_route=%2Fwp%2Fv2%2Fmedia&parent=3619"}],"wp:term":[{"taxonomy":"category","embeddable":true,"href":"https:\/\/obispadodelinares.cl\/ol\/index.php?rest_route=%2Fwp%2Fv2%2Fcategories&post=3619"},{"taxonomy":"post_tag","embeddable":true,"href":"https:\/\/obispadodelinares.cl\/ol\/index.php?rest_route=%2Fwp%2Fv2%2Ftags&post=3619"}],"curies":[{"name":"wp","href":"https:\/\/api.w.org\/{rel}","templated":true}]}}