{"id":3074,"date":"2017-11-09T23:31:08","date_gmt":"2017-11-09T23:31:08","guid":{"rendered":"http:\/\/obispadodelinares.cl\/ol\/?p=3074"},"modified":"2018-03-03T23:39:34","modified_gmt":"2018-03-03T23:39:34","slug":"jovenes-inician-del-mes-de-maria","status":"publish","type":"post","link":"https:\/\/obispadodelinares.cl\/ol\/?p=3074","title":{"rendered":"J\u00f3venes inician del Mes de Mar\u00eda"},"content":{"rendered":"<p>Una vez m\u00e1s como, Iglesia, juvenil, alegre y esperanzada, j\u00f3venes estudiantes se reunieron para dar inicio al Mes de Mar\u00eda, con una Eucarist\u00eda presidida por Mons. Tomislav Koljatic.<\/p>\n<hr \/>\n<p>Una vez m\u00e1s como, Iglesia, juvenil, alegre y esperanzada, los estudiantes de los Colegios: San Miguel Arc\u00e1ngel, Instituto Linares, Don Bosco, Liceo Polit\u00e9cnico y Gabriela Mistral, se dieron cita el viernes 3 de Noviembre, en la Iglesia Catedral de Linares, para dar inicio al Mes de Mar\u00eda, con una Eucarist\u00eda presidida por Mons. Tomislav Koljatic.<br \/>\nEn este mes, de gracia y amorosa espera, los j\u00f3venes ponen en com\u00fan su oraci\u00f3n acogi\u00e9ndose a la protecci\u00f3n de Mar\u00eda, Madre y Maestra. Con sus sencillas, pero sentidas plegarias, piden su protecci\u00f3n y las fuerzas en este \u00faltimo tramo del a\u00f1o, para que en el acontecer de cada d\u00eda, les conduzca hacia Jes\u00fas.<br \/>\nEn la celebraci\u00f3n eucar\u00edstica destacaron la presentaci\u00f3n de un ramo de flores y el Rosario con los colores que hac\u00edan presente a todos los continentes, como signo de integraci\u00f3n y acogida, especialmente al forastero que busca en nuestra patria una nueva oportunidad de vida, as\u00ed como tambi\u00e9n pensando en tantos j\u00f3venes que a\u00fan no conocen o se han alejado de la Iglesia.<br \/>\nEl Mes de Mar\u00eda, es tiempo de espera y comuni\u00f3n, por eso ya se est\u00e1 rezando en todas las parroquias, capillas, comunidades, colegios y poblaciones de nuestra Iglesia Diocesana.<br \/>\n<br \/>\n<center><br \/>\n<a href=\"https:\/\/photos.app.goo.gl\/wzcl28ASdMci3BiL2\"><button type=\"button\" class=\"btn btn-success\">Ver m\u00e1s Fotograf\u00edas<\/button><\/a><br \/>\n<br \/>\n<a href=\"http:\/\/noticias.iglesia.cl\/noticia.php?id=34842\"><button type=\"button\" class=\"btn btn-success\">iglesia.cl<\/button><\/a><\/p>\n<p><\/center><\/p>\n","protected":false},"excerpt":{"rendered":"<p>Una vez m\u00e1s como, Iglesia, juvenil, alegre y esperanzada, j\u00f3venes estudiantes se reunieron para dar inicio al Mes de Mar\u00eda, con una Eucarist\u00eda presidida por Mons. Tomislav Koljatic. Una vez m\u00e1s como, Iglesia, juvenil, alegre y esperanzada, los estudiantes de los Colegios: San Miguel Arc\u00e1ngel, Instituto Linares, Don Bosco, Liceo Polit\u00e9cnico y Gabriela Mistral, se [&hellip;]<\/p>\n","protected":false},"author":1,"featured_media":3078,"comment_status":"open","ping_status":"open","sticky":false,"template":"","format":"standard","meta":{"h5ap_radio_sources":[],"footnotes":""},"categories":[182],"tags":[116,127,91,52,125,66,23,114,40],"class_list":["post-3074","post","type-post","status-publish","format-standard","has-post-thumbnail","hentry","category-182","tag-colegio-providencia","tag-colegio-san-miguel","tag-colegios","tag-eucaristia","tag-instituto-linares","tag-obispo","tag-pastoral-escolar","tag-salesianos","tag-virgen"],"_links":{"self":[{"href":"https:\/\/obispadodelinares.cl\/ol\/index.php?rest_route=\/wp\/v2\/posts\/3074","targetHints":{"allow":["GET"]}}],"collection":[{"href":"https:\/\/obispadodelinares.cl\/ol\/index.php?rest_route=\/wp\/v2\/posts"}],"about":[{"href":"https:\/\/obispadodelinares.cl\/ol\/index.php?rest_route=\/wp\/v2\/types\/post"}],"author":[{"embeddable":true,"href":"https:\/\/obispadodelinares.cl\/ol\/index.php?rest_route=\/wp\/v2\/users\/1"}],"replies":[{"embeddable":true,"href":"https:\/\/obispadodelinares.cl\/ol\/index.php?rest_route=%2Fwp%2Fv2%2Fcomments&post=3074"}],"version-history":[{"count":0,"href":"https:\/\/obispadodelinares.cl\/ol\/index.php?rest_route=\/wp\/v2\/posts\/3074\/revisions"}],"wp:featuredmedia":[{"embeddable":true,"href":"https:\/\/obispadodelinares.cl\/ol\/index.php?rest_route=\/wp\/v2\/media\/3078"}],"wp:attachment":[{"href":"https:\/\/obispadodelinares.cl\/ol\/index.php?rest_route=%2Fwp%2Fv2%2Fmedia&parent=3074"}],"wp:term":[{"taxonomy":"category","embeddable":true,"href":"https:\/\/obispadodelinares.cl\/ol\/index.php?rest_route=%2Fwp%2Fv2%2Fcategories&post=3074"},{"taxonomy":"post_tag","embeddable":true,"href":"https:\/\/obispadodelinares.cl\/ol\/index.php?rest_route=%2Fwp%2Fv2%2Ftags&post=3074"}],"curies":[{"name":"wp","href":"https:\/\/api.w.org\/{rel}","templated":true}]}}