{"id":2722,"date":"2016-10-21T15:50:29","date_gmt":"2016-10-21T15:50:29","guid":{"rendered":"http:\/\/obispadodelinares.cl\/ol\/?p=2722"},"modified":"2018-02-26T15:52:29","modified_gmt":"2018-02-26T15:52:29","slug":"elecciones-municipales-cada-voto-es-importante","status":"publish","type":"post","link":"https:\/\/obispadodelinares.cl\/ol\/?p=2722","title":{"rendered":"ELECCIONES MUNICIPALES: CADA VOTO ES IMPORTANTE"},"content":{"rendered":"<p>1. Se aproxima una jornada electoral en que la ciudadan\u00eda votar\u00e1 por candidatos a alcaldes y concejales, el pr\u00f3ximo domingo 23 de octubre.<br \/>\n2. Los obispos del Comit\u00e9 Permanente queremos invitar a los ciudadanos cat\u00f3licos a participar con entusiasmo en este acto c\u00edvico. Para los cristianos, participar en \u00e9l no es solo un derecho. Legalmente el voto es voluntario, pero moralmente es un deber: \u201cToda democracia debe ser participativa. Lo cual comporta que los diversos sujetos de la comunidad civil, en cualquiera de sus niveles, sean informados, escuchados e implicados en el ejercicio de las funciones que esta desarrolla\u201d (Compendio Doctrina Social de la Iglesia, 190).<br \/>\n3. No nos resignemos ante la mirada fatalista de la desconfianza y la sospecha. Que no decaiga nuestra esperanza. Cada voto es importante para hacer posible que personas capaces, honestas, trabajadoras, lleguen a las alcald\u00edas y concejos municipales con buenos programas locales que promuevan integralmente la vida y la dignidad de las personas.<br \/>\n4. El gobierno local no puede ser ajeno a nuestras preocupaciones. Demos una se\u00f1al contundente al pa\u00eds y ejerzamos nuestra responsabilidad c\u00edvica acudiendo a los lugares de votaci\u00f3n.<br \/>\n5. Pidamos al Se\u00f1or el don de una patria de hermanos bajo el amparo de la Virgen del Carmen.<\/p>\n<p>El Comit\u00e9 Permanente de la Conferencia Episcopal de Chile<\/p>\n<p>+ Ricardo Card. Ezzati Andrello, sdb Arzobispo de Santiago &#8211; Presidente<br \/>\n+ Alejandro Goic Karmelic Obispo de Rancagua &#8211; Vicepresidente<br \/>\n+ Fernando Chomali Garib Arzobispo de la Ssma. Concepci\u00f3n<br \/>\n+ Cristi\u00e1n Caro Cordero Arzobispo de Puerto Montt<br \/>\n+ Cristi\u00e1n Contreras Villarroel Obispo de Melipilla &#8211; Secretario General<\/p>\n<p><iframe src=\"https:\/\/www.youtube.com\/embed\/4pu3JWGyry4\" width=\"640\" height=\"360\" frameborder=\"0\" allowfullscreen=\"allowfullscreen\"><\/iframe><\/p>\n","protected":false},"excerpt":{"rendered":"<p>1. Se aproxima una jornada electoral en que la ciudadan\u00eda votar\u00e1 por candidatos a alcaldes y concejales, el pr\u00f3ximo domingo 23 de octubre. 2. Los obispos del Comit\u00e9 Permanente queremos invitar a los ciudadanos cat\u00f3licos a participar con entusiasmo en este acto c\u00edvico. Para los cristianos, participar en \u00e9l no es solo un derecho. Legalmente [&hellip;]<\/p>\n","protected":false},"author":1,"featured_media":2723,"comment_status":"open","ping_status":"open","sticky":false,"template":"","format":"standard","meta":{"h5ap_radio_sources":[],"footnotes":""},"categories":[177,138,65],"tags":[173],"class_list":["post-2722","post","type-post","status-publish","format-standard","has-post-thumbnail","hentry","category-177","category-cech","category-mensaje","tag-infancia-misionera"],"_links":{"self":[{"href":"https:\/\/obispadodelinares.cl\/ol\/index.php?rest_route=\/wp\/v2\/posts\/2722","targetHints":{"allow":["GET"]}}],"collection":[{"href":"https:\/\/obispadodelinares.cl\/ol\/index.php?rest_route=\/wp\/v2\/posts"}],"about":[{"href":"https:\/\/obispadodelinares.cl\/ol\/index.php?rest_route=\/wp\/v2\/types\/post"}],"author":[{"embeddable":true,"href":"https:\/\/obispadodelinares.cl\/ol\/index.php?rest_route=\/wp\/v2\/users\/1"}],"replies":[{"embeddable":true,"href":"https:\/\/obispadodelinares.cl\/ol\/index.php?rest_route=%2Fwp%2Fv2%2Fcomments&post=2722"}],"version-history":[{"count":0,"href":"https:\/\/obispadodelinares.cl\/ol\/index.php?rest_route=\/wp\/v2\/posts\/2722\/revisions"}],"wp:featuredmedia":[{"embeddable":true,"href":"https:\/\/obispadodelinares.cl\/ol\/index.php?rest_route=\/wp\/v2\/media\/2723"}],"wp:attachment":[{"href":"https:\/\/obispadodelinares.cl\/ol\/index.php?rest_route=%2Fwp%2Fv2%2Fmedia&parent=2722"}],"wp:term":[{"taxonomy":"category","embeddable":true,"href":"https:\/\/obispadodelinares.cl\/ol\/index.php?rest_route=%2Fwp%2Fv2%2Fcategories&post=2722"},{"taxonomy":"post_tag","embeddable":true,"href":"https:\/\/obispadodelinares.cl\/ol\/index.php?rest_route=%2Fwp%2Fv2%2Ftags&post=2722"}],"curies":[{"name":"wp","href":"https:\/\/api.w.org\/{rel}","templated":true}]}}