{"id":2709,"date":"2016-10-14T15:30:17","date_gmt":"2016-10-14T15:30:17","guid":{"rendered":"http:\/\/obispadodelinares.cl\/ol\/?p=2709"},"modified":"2018-02-26T15:38:05","modified_gmt":"2018-02-26T15:38:05","slug":"hoy-comienza-xxxvi-asamblea-sinodal","status":"publish","type":"post","link":"https:\/\/obispadodelinares.cl\/ol\/?p=2709","title":{"rendered":"Hoy, comienza XXXVI Asamblea Sinodal"},"content":{"rendered":"<p>En Linares somos una di\u00f3cesis que camina unida, alegre y esperanzada, en el A\u00f1o de la Misericordia, el objetivo es acoger aportes de la Asamblea para acompa\u00f1ar mejor a las familias de la Di\u00f3cesis en sus diversas realidades, crisis y dificultades, el lema que convoca este a\u00f1o es \u201cla alegr\u00eda de ser Familia Cristiana\u201d. El masivo encuentro comenz\u00f3 el viernes 14 de octubre, en el Instituto Linares, con la participaci\u00f3n de Agentes Pastorales venidos desde los m\u00e1s lejanos rincones de la Di\u00f3cesis, representando a sus comunidades en la 36\u00ba Asamblea Sinodal<\/p>\n<p>\n<a href=\"http:\/\/www.obispadodelinares.cl\/recursos\/sinodo.pdf\">Revisar Programa<\/a><br \/>\n<br \/>\n<a href=\"https:\/\/drive.google.com\/file\/d\/1xS7kOs21Iz-V__1ajSNsEhZcKdiD5ZTotg\/view\">Ver m\u00e1s Fotograf\u00edas<\/a><\/p>\n","protected":false},"excerpt":{"rendered":"<p>En Linares somos una di\u00f3cesis que camina unida, alegre y esperanzada, en el A\u00f1o de la Misericordia, el objetivo es acoger aportes de la Asamblea para acompa\u00f1ar mejor a las familias de la Di\u00f3cesis en sus diversas realidades, crisis y dificultades, el lema que convoca este a\u00f1o es \u201cla alegr\u00eda de ser Familia Cristiana\u201d. El [&hellip;]<\/p>\n","protected":false},"author":1,"featured_media":2710,"comment_status":"open","ping_status":"open","sticky":false,"template":"","format":"standard","meta":{"h5ap_radio_sources":[],"footnotes":""},"categories":[177,101],"tags":[58,91,28,84,125,66,43,56,70],"class_list":["post-2709","post","type-post","status-publish","format-standard","has-post-thumbnail","hentry","category-177","category-sinodo-diocesano","tag-caritas","tag-colegios","tag-formacion","tag-grupos-pastorales","tag-instituto-linares","tag-obispo","tag-parroquias","tag-sacerdotes","tag-vida-consagrada"],"_links":{"self":[{"href":"https:\/\/obispadodelinares.cl\/ol\/index.php?rest_route=\/wp\/v2\/posts\/2709","targetHints":{"allow":["GET"]}}],"collection":[{"href":"https:\/\/obispadodelinares.cl\/ol\/index.php?rest_route=\/wp\/v2\/posts"}],"about":[{"href":"https:\/\/obispadodelinares.cl\/ol\/index.php?rest_route=\/wp\/v2\/types\/post"}],"author":[{"embeddable":true,"href":"https:\/\/obispadodelinares.cl\/ol\/index.php?rest_route=\/wp\/v2\/users\/1"}],"replies":[{"embeddable":true,"href":"https:\/\/obispadodelinares.cl\/ol\/index.php?rest_route=%2Fwp%2Fv2%2Fcomments&post=2709"}],"version-history":[{"count":0,"href":"https:\/\/obispadodelinares.cl\/ol\/index.php?rest_route=\/wp\/v2\/posts\/2709\/revisions"}],"wp:featuredmedia":[{"embeddable":true,"href":"https:\/\/obispadodelinares.cl\/ol\/index.php?rest_route=\/wp\/v2\/media\/2710"}],"wp:attachment":[{"href":"https:\/\/obispadodelinares.cl\/ol\/index.php?rest_route=%2Fwp%2Fv2%2Fmedia&parent=2709"}],"wp:term":[{"taxonomy":"category","embeddable":true,"href":"https:\/\/obispadodelinares.cl\/ol\/index.php?rest_route=%2Fwp%2Fv2%2Fcategories&post=2709"},{"taxonomy":"post_tag","embeddable":true,"href":"https:\/\/obispadodelinares.cl\/ol\/index.php?rest_route=%2Fwp%2Fv2%2Ftags&post=2709"}],"curies":[{"name":"wp","href":"https:\/\/api.w.org\/{rel}","templated":true}]}}