{"id":2568,"date":"2016-01-07T01:36:51","date_gmt":"2016-01-07T01:36:51","guid":{"rendered":"http:\/\/obispadodelinares.cl\/ol\/?p=2568"},"modified":"2018-02-25T01:46:33","modified_gmt":"2018-02-25T01:46:33","slug":"jovenes-estudiantes-construyen-capilla-en-linares","status":"publish","type":"post","link":"https:\/\/obispadodelinares.cl\/ol\/?p=2568","title":{"rendered":"J\u00f3venes estudiantes construyen capilla en Linares"},"content":{"rendered":"\t\t<div data-elementor-type=\"wp-post\" data-elementor-id=\"2568\" class=\"elementor elementor-2568 elementor-bc-flex-widget\">\n\t\t\t\t\t\t<section class=\"elementor-section elementor-top-section elementor-element elementor-element-362cf205 elementor-section-boxed elementor-section-height-default elementor-section-height-default\" data-id=\"362cf205\" data-element_type=\"section\" data-e-type=\"section\">\n\t\t\t\t\t\t<div class=\"elementor-container elementor-column-gap-default\">\n\t\t\t\t\t<div class=\"elementor-column elementor-col-100 elementor-top-column elementor-element elementor-element-21b14a7c\" data-id=\"21b14a7c\" data-element_type=\"column\" data-e-type=\"column\">\n\t\t\t<div class=\"elementor-widget-wrap elementor-element-populated\">\n\t\t\t\t\t\t<div class=\"elementor-element elementor-element-28dd5010 elementor-widget elementor-widget-text-editor\" data-id=\"28dd5010\" data-element_type=\"widget\" data-e-type=\"widget\" data-widget_type=\"text-editor.default\">\n\t\t\t\t<div class=\"elementor-widget-container\">\n\t\t\t\t\t\t\t\t\tEstudiantes de diversos Establecimientos de Educaci\u00f3n Superior, regalan con alegr\u00eda parte de sus vacaciones para acompa\u00f1ar a diversas comunidades de nuestro pa\u00eds, en Linares los favorecidos fueron los laicos de la Poblaci\u00f3n Nemesio Ant\u00fanez, quienes ven con alegr\u00eda como se levanta su Capilla San Juan Pablo II.\r\n\r\n<hr \/>\r\n\r\nMuy avanzada va la construcci\u00f3n de la Capilla Pa\u00eds Linares, que en esta oportunidad beneficiar\u00e1 a la parroquia Santos Chilenos, en la Poblaci\u00f3n Nemesio Ant\u00fanez y tendr\u00e1 la Advocaci\u00f3n San Juan Pablo II.\r\n\r\nSon 36 j\u00f3venes de la Pontificia Universidad Cat\u00f3lica de Chile, Universidad de los Andes, del Duoc UC y de INACAP. Pertenecen a distintas carreras, entre enfermer\u00eda, derecho, construcci\u00f3n y pedagog\u00eda. Desde el 3 de enero han trabajado incesantemente, pues tienen como meta terminar el 13 de enero. Durante su permanencia en el sector acompa\u00f1an a los fieles en las Eucarist\u00edas y procesiones, imprimiendo un sello de fe que la comunidad no olvidar\u00e1.\t\t\t\t\t\t\t\t<\/div>\n\t\t\t\t<\/div>\n\t\t\t\t<div class=\"elementor-element elementor-element-0f85af3 elementor-button-success elementor-align-center elementor-widget elementor-widget-button\" data-id=\"0f85af3\" data-element_type=\"widget\" data-e-type=\"widget\" data-widget_type=\"button.default\">\n\t\t\t\t<div class=\"elementor-widget-container\">\n\t\t\t\t\t\t\t\t\t<div class=\"elementor-button-wrapper\">\n\t\t\t\t\t<a class=\"elementor-button elementor-button-link elementor-size-md\" href=\"http:\/\/galerias.iglesia.cl\/galeria.php?url=Gale_568d9a83e759f\">\n\t\t\t\t\t\t<span class=\"elementor-button-content-wrapper\">\n\t\t\t\t\t\t<span class=\"elementor-button-icon\">\n\t\t\t\t\t\t\t\t\t<i class=\"fa fa-photo\" aria-hidden=\"true\"><\/i>\n\t\t\t\t\t\t\t<\/span>\n\t\t\t\t\t\t\t\t\t<span class=\"elementor-button-text\">Ver m\u00e1s Fotograf\u00edas<\/span>\n\t\t\t\t\t<\/span>\n\t\t\t\t\t<\/a>\n\t\t\t\t<\/div>\n\t\t\t\t\t\t\t\t<\/div>\n\t\t\t\t<\/div>\n\t\t\t\t\t<\/div>\n\t\t<\/div>\n\t\t\t\t\t<\/div>\n\t\t<\/section>\n\t\t\t\t<\/div>\n\t\t","protected":false},"excerpt":{"rendered":"<p>Estudiantes de diversos Establecimientos de Educaci\u00f3n Superior, regalan con alegr\u00eda parte de sus vacaciones para acompa\u00f1ar a diversas comunidades de nuestro pa\u00eds, en Linares los favorecidos fueron los laicos de la Poblaci\u00f3n Nemesio Ant\u00fanez, quienes ven con alegr\u00eda como se levanta su Capilla San Juan Pablo II. Muy avanzada va la construcci\u00f3n de la Capilla [&hellip;]<\/p>\n","protected":false},"author":1,"featured_media":2571,"comment_status":"open","ping_status":"open","sticky":false,"template":"","format":"standard","meta":{"h5ap_radio_sources":[],"footnotes":""},"categories":[177,102],"tags":[23],"class_list":["post-2568","post","type-post","status-publish","format-standard","has-post-thumbnail","hentry","category-177","category-misiones","tag-pastoral-escolar"],"_links":{"self":[{"href":"https:\/\/obispadodelinares.cl\/ol\/index.php?rest_route=\/wp\/v2\/posts\/2568","targetHints":{"allow":["GET"]}}],"collection":[{"href":"https:\/\/obispadodelinares.cl\/ol\/index.php?rest_route=\/wp\/v2\/posts"}],"about":[{"href":"https:\/\/obispadodelinares.cl\/ol\/index.php?rest_route=\/wp\/v2\/types\/post"}],"author":[{"embeddable":true,"href":"https:\/\/obispadodelinares.cl\/ol\/index.php?rest_route=\/wp\/v2\/users\/1"}],"replies":[{"embeddable":true,"href":"https:\/\/obispadodelinares.cl\/ol\/index.php?rest_route=%2Fwp%2Fv2%2Fcomments&post=2568"}],"version-history":[{"count":0,"href":"https:\/\/obispadodelinares.cl\/ol\/index.php?rest_route=\/wp\/v2\/posts\/2568\/revisions"}],"wp:featuredmedia":[{"embeddable":true,"href":"https:\/\/obispadodelinares.cl\/ol\/index.php?rest_route=\/wp\/v2\/media\/2571"}],"wp:attachment":[{"href":"https:\/\/obispadodelinares.cl\/ol\/index.php?rest_route=%2Fwp%2Fv2%2Fmedia&parent=2568"}],"wp:term":[{"taxonomy":"category","embeddable":true,"href":"https:\/\/obispadodelinares.cl\/ol\/index.php?rest_route=%2Fwp%2Fv2%2Fcategories&post=2568"},{"taxonomy":"post_tag","embeddable":true,"href":"https:\/\/obispadodelinares.cl\/ol\/index.php?rest_route=%2Fwp%2Fv2%2Ftags&post=2568"}],"curies":[{"name":"wp","href":"https:\/\/api.w.org\/{rel}","templated":true}]}}