{"id":22204,"date":"2026-03-23T10:20:32","date_gmt":"2026-03-23T13:20:32","guid":{"rendered":"https:\/\/obispadodelinares.cl\/ol\/?p=22204"},"modified":"2026-03-23T10:20:32","modified_gmt":"2026-03-23T13:20:32","slug":"misa-por-la-vida","status":"publish","type":"post","link":"https:\/\/obispadodelinares.cl\/ol\/?p=22204","title":{"rendered":"Misa por la vida"},"content":{"rendered":"<p class=\"_aupe copyable-text x15bjb6t x1n2onr6\"><b><strong class=\"_aupe copyable-text xkrh14z x117nqv4\">Misa por la vida<\/strong><\/b><\/p>\n<p class=\"_aupe copyable-text x15bjb6t x1n2onr6\"><i><em class=\"_aupe copyable-text xkrh14z x1k4tb9n\">\u00abEl Verbo se hizo carne y habit\u00f3 entre nosotros\u00bb<\/em><\/i><\/p>\n<p class=\"_aupe copyable-text x15bjb6t x1n2onr6\"><span class=\"x1rg5ohu x16dsc37 x19la9d6 x1fc57z9 x6ikm8r x10wlt62 x19co3pv x11tp94h xw4jnvo x1qx5ct2 xfibh0p xiy17q3 x1xsqp64 x1lkfr7t xexx8yu xyri2b x18d9i69 x1c1uobl\"><span class=\"xrtxmta x1bhl96m\">\ud83d\udcc5<\/span><\/span><span class=\"_aupe copyable-text xkrh14z\"> Fecha: Mi\u00e9rcoles, 25 de Marzo <\/span><\/p>\n<p class=\"_aupe copyable-text x15bjb6t x1n2onr6\"><span class=\"x1rg5ohu x16dsc37 x19la9d6 x1fc57z9 x6ikm8r x10wlt62 x19co3pv x11tp94h xw4jnvo x1qx5ct2 xfibh0p xiy17q3 x1xsqp64 x1lkfr7t xexx8yu xyri2b x18d9i69 x1c1uobl\"><span class=\"xrtxmta x1bhl96m\">\u23f0<\/span><\/span><span class=\"_aupe copyable-text xkrh14z\"> Hora:11:00<\/span><\/p>\n<p class=\"_aupe copyable-text x15bjb6t x1n2onr6\"><span class=\"x1rg5ohu x16dsc37 x19la9d6 x1fc57z9 x6ikm8r x10wlt62 x19co3pv x11tp94h xw4jnvo x1qx5ct2 xfibh0p xiy17q3 x1xsqp64 x1lkfr7t xexx8yu xyri2b x18d9i69 x1c1uobl\"><span class=\"xrtxmta x1bhl96m\">\ud83d\udccd<\/span><\/span><span class=\"_aupe copyable-text xkrh14z\"> Lugar: Templo Catedral, Linares. <\/span><\/p>\n<p class=\"_aupe copyable-text x15bjb6t x1n2onr6\"><span class=\"_aupe copyable-text xkrh14z\">Unamos nuestros corazones en este D\u00eda del Ni\u00f1o por Nacer. Oremos por la dignidad de toda vida humana, desde su concepci\u00f3n hasta su fin natural. Invita Caritas Linares -Pastoral de la Vida- #LinaresEnMision #A\u00f1oDeLaMisi\u00f3n #Misi\u00f3n<\/span><\/p>\n","protected":false},"excerpt":{"rendered":"<p>Misa por la vida \u00abEl Verbo se hizo carne y habit\u00f3 entre nosotros\u00bb \ud83d\udcc5 Fecha: Mi\u00e9rcoles, 25 de Marzo \u23f0 Hora:11:00 \ud83d\udccd Lugar: Templo Catedral, Linares. Unamos nuestros corazones en este D\u00eda del Ni\u00f1o por Nacer. Oremos por la dignidad de toda vida humana, desde su concepci\u00f3n hasta su fin natural. Invita Caritas Linares -Pastoral [&hellip;]<\/p>\n","protected":false},"author":1,"featured_media":22205,"comment_status":"closed","ping_status":"closed","sticky":false,"template":"","format":"standard","meta":{"h5ap_radio_sources":[],"footnotes":""},"categories":[503,57],"tags":[183],"class_list":["post-22204","post","type-post","status-publish","format-standard","has-post-thumbnail","hentry","category-503","category-pastoral-social","tag-pastoral-de-la-vida"],"_links":{"self":[{"href":"https:\/\/obispadodelinares.cl\/ol\/index.php?rest_route=\/wp\/v2\/posts\/22204","targetHints":{"allow":["GET"]}}],"collection":[{"href":"https:\/\/obispadodelinares.cl\/ol\/index.php?rest_route=\/wp\/v2\/posts"}],"about":[{"href":"https:\/\/obispadodelinares.cl\/ol\/index.php?rest_route=\/wp\/v2\/types\/post"}],"author":[{"embeddable":true,"href":"https:\/\/obispadodelinares.cl\/ol\/index.php?rest_route=\/wp\/v2\/users\/1"}],"replies":[{"embeddable":true,"href":"https:\/\/obispadodelinares.cl\/ol\/index.php?rest_route=%2Fwp%2Fv2%2Fcomments&post=22204"}],"version-history":[{"count":0,"href":"https:\/\/obispadodelinares.cl\/ol\/index.php?rest_route=\/wp\/v2\/posts\/22204\/revisions"}],"wp:featuredmedia":[{"embeddable":true,"href":"https:\/\/obispadodelinares.cl\/ol\/index.php?rest_route=\/wp\/v2\/media\/22205"}],"wp:attachment":[{"href":"https:\/\/obispadodelinares.cl\/ol\/index.php?rest_route=%2Fwp%2Fv2%2Fmedia&parent=22204"}],"wp:term":[{"taxonomy":"category","embeddable":true,"href":"https:\/\/obispadodelinares.cl\/ol\/index.php?rest_route=%2Fwp%2Fv2%2Fcategories&post=22204"},{"taxonomy":"post_tag","embeddable":true,"href":"https:\/\/obispadodelinares.cl\/ol\/index.php?rest_route=%2Fwp%2Fv2%2Ftags&post=22204"}],"curies":[{"name":"wp","href":"https:\/\/api.w.org\/{rel}","templated":true}]}}