{"id":22174,"date":"2026-03-13T10:38:11","date_gmt":"2026-03-13T13:38:11","guid":{"rendered":"https:\/\/obispadodelinares.cl\/ol\/?p=22174"},"modified":"2026-03-13T10:38:11","modified_gmt":"2026-03-13T13:38:11","slug":"comunicado-publico-del-obispado-de-linares","status":"publish","type":"post","link":"https:\/\/obispadodelinares.cl\/ol\/?p=22174","title":{"rendered":"COMUNICADO P\u00daBLICO DEL OBISPADO DE LINARES"},"content":{"rendered":"<p>Este Obispado informa que, habiendo concluido el proceso penal administrativo (ex canon 1720 CIC) solicitado por el Dicasterio de la Doctrina de la Fe en enero de 2025 contra el Pbro. Luis Humberto Alarc\u00f3n Alarc\u00f3n, por la acusaci\u00f3n de conductas contra el sexto mandamiento del Dec\u00e1logo contra un menor de edad acaecido en el a\u00f1o 1992, a la luz de los testimonios, pericias y datos recabados en la investigaci\u00f3n y la opini\u00f3n de los Asesores, el Obispo lo ha declarado culpable.<\/p>\n<p>Le ha impuesto la pena de privaci\u00f3n del ejercicio p\u00fablico del ministerio presbiteral por 5 a\u00f1os a contar de esta fecha.<\/p>\n<p>Renovando nuestro compromiso por la b\u00fasqueda de la verdad y la justicia, se invita a todos a la oraci\u00f3n por las personas que han sufrido en esta dolorosa situaci\u00f3n.<\/p>\n<p>&nbsp;<\/p>\n<p>Linares, 13 de marzo de 2026<\/p>\n","protected":false},"excerpt":{"rendered":"<p>Este Obispado informa que, habiendo concluido el proceso penal administrativo (ex canon 1720 CIC) solicitado por el Dicasterio de la Doctrina de la Fe en enero de 2025 contra el Pbro. Luis Humberto Alarc\u00f3n Alarc\u00f3n, por la acusaci\u00f3n de conductas contra el sexto mandamiento del Dec\u00e1logo contra un menor de edad acaecido en el a\u00f1o [&hellip;]<\/p>\n","protected":false},"author":1,"featured_media":2041,"comment_status":"closed","ping_status":"closed","sticky":false,"template":"","format":"standard","meta":{"h5ap_radio_sources":[],"footnotes":""},"categories":[503],"tags":[254],"class_list":["post-22174","post","type-post","status-publish","format-standard","has-post-thumbnail","hentry","category-503","tag-comunicado"],"_links":{"self":[{"href":"https:\/\/obispadodelinares.cl\/ol\/index.php?rest_route=\/wp\/v2\/posts\/22174","targetHints":{"allow":["GET"]}}],"collection":[{"href":"https:\/\/obispadodelinares.cl\/ol\/index.php?rest_route=\/wp\/v2\/posts"}],"about":[{"href":"https:\/\/obispadodelinares.cl\/ol\/index.php?rest_route=\/wp\/v2\/types\/post"}],"author":[{"embeddable":true,"href":"https:\/\/obispadodelinares.cl\/ol\/index.php?rest_route=\/wp\/v2\/users\/1"}],"replies":[{"embeddable":true,"href":"https:\/\/obispadodelinares.cl\/ol\/index.php?rest_route=%2Fwp%2Fv2%2Fcomments&post=22174"}],"version-history":[{"count":0,"href":"https:\/\/obispadodelinares.cl\/ol\/index.php?rest_route=\/wp\/v2\/posts\/22174\/revisions"}],"wp:featuredmedia":[{"embeddable":true,"href":"https:\/\/obispadodelinares.cl\/ol\/index.php?rest_route=\/wp\/v2\/media\/2041"}],"wp:attachment":[{"href":"https:\/\/obispadodelinares.cl\/ol\/index.php?rest_route=%2Fwp%2Fv2%2Fmedia&parent=22174"}],"wp:term":[{"taxonomy":"category","embeddable":true,"href":"https:\/\/obispadodelinares.cl\/ol\/index.php?rest_route=%2Fwp%2Fv2%2Fcategories&post=22174"},{"taxonomy":"post_tag","embeddable":true,"href":"https:\/\/obispadodelinares.cl\/ol\/index.php?rest_route=%2Fwp%2Fv2%2Ftags&post=22174"}],"curies":[{"name":"wp","href":"https:\/\/api.w.org\/{rel}","templated":true}]}}