{"id":22030,"date":"2026-01-08T15:29:06","date_gmt":"2026-01-08T18:29:06","guid":{"rendered":"https:\/\/obispadodelinares.cl\/ol\/?p=22030"},"modified":"2026-01-08T15:29:06","modified_gmt":"2026-01-08T18:29:06","slug":"fundacion-educacional-del-obispado-de-linares-se-reunio-con-estudiantes-becados","status":"publish","type":"post","link":"https:\/\/obispadodelinares.cl\/ol\/?p=22030","title":{"rendered":"Fundaci\u00f3n Educacional del Obispado de Linares se reuni\u00f3 con estudiantes becados"},"content":{"rendered":"<p><i><span style=\"font-weight: 400;\">J\u00f3venes de distintos colegios compartieron una once junto a autoridades de la Fundaci\u00f3n, en un espacio de cercan\u00eda y reconocimiento, el encuentro permiti\u00f3 reforzar valores, acompa\u00f1amiento y el compromiso formativo con los estudiantes que contin\u00faan estudios superiores.<\/span><\/i><\/p>\n<p><span style=\"font-weight: 400;\">En un ambiente de cercan\u00eda y alegr\u00eda, los directivos de la Fundaci\u00f3n Educacional del Obispado de Linares sostuvieron un fraternal encuentro con estudiantes de los colegios San Jos\u00e9 de San Javier, San Alberto Hurtado de Constituci\u00f3n, San Miguel Arc\u00e1ngel de Linares e Inmaculada Concepci\u00f3n de Cauquenes, quienes han sido beneficiados con becas para continuar estudios superiores, cursando diversas carreras.<\/span><\/p>\n<p><span style=\"font-weight: 400;\">La instancia consisti\u00f3 en una once compartida, en la que participaron tambi\u00e9n los directores de los respectivos establecimientos, acompa\u00f1ando a los j\u00f3venes en este significativo momento de reconocimiento y encuentro.<\/span><\/p>\n<p><span style=\"font-weight: 400;\">En la ocasi\u00f3n, el sostenedor de la Fundaci\u00f3n Educacional, don Rodrigo Barrera, destac\u00f3 la alegr\u00eda de reencontrarse con los estudiantes y valorar su crecimiento personal y acad\u00e9mico, subrayando que \u201ces motivo de orgullo ver c\u00f3mo estos j\u00f3venes se est\u00e1n desarrollando sin perder su esencia ni los valores que recibieron y fortalecieron en nuestros colegios\u201d.<\/span><\/p>\n<p><span style=\"font-weight: 400;\">Por su parte, Monse\u00f1or Tomislav Koljatic anim\u00f3 a los estudiantes a perseverar en su camino formativo y los bendijo, invit\u00e1ndolos a ser siempre testigos de la fe en cada lugar donde les toque estar, y a ejercer sus futuras profesiones con un profundo sentido de solidaridad y respeto.<\/span><\/p>\n<p><span style=\"font-weight: 400;\">As\u00ed mismo los j\u00f3venes tuvieron la oportunidad de agradecer el gesto de la Fundaci\u00f3n Educacional del Obispado, pues han sentido ese apoyo que sin duda es un alivio a en este proceso que les lleva a desarrollarse en sus diversas carreras.<\/span><\/p>\n<p><b><i>Los asistentes fueron:<\/i><\/b><\/p>\n<p><span style=\"font-weight: 400;\">Alexis Rojas, Liceo Bicentenario San Miguel Arc\u00e1ngel de Linares, quien cursa Ingenier\u00eda en UTAL<\/span><\/p>\n<p><span style=\"font-weight: 400;\">Basti\u00e1n Vial, Liceo Bicentenario Inmaculada Concepci\u00f3n de Cauquenes, cursa Derecho en UTAL<\/span><\/p>\n<p><span style=\"font-weight: 400;\">Lautaro Guajardo, Liceo Bicentenario Inmaculada Concepci\u00f3n de Cauquenes, cursa Qu\u00edmica y Farmacia en U del Bio Bio.<\/span><\/p>\n<p><span style=\"font-weight: 400;\">Miguel Aliaga, Liceo Bicentenario San Alberto Hurtado de Constituci\u00f3n, cursa Ingenier\u00eda civil inform\u00e1tica en UTAL, Curic\u00f3.<\/span><\/p>\n<p><span style=\"font-weight: 400;\">Nicol\u00e1s Alexis Garrido Ortega, Liceo Bicentenario San Alberto Hurtado de Constituci\u00f3n, cursa Ingenier\u00eda civil en PUC.<\/span><\/p>\n<p><span style=\"font-weight: 400;\">Yanina Gonz\u00e1lez, Liceo Bicentenario San Jos\u00e9 de San Javier, cursa Ingenier\u00eda Comercial en UCM.<\/span><\/p>\n<p><span style=\"font-weight: 400;\">Crist\u00f3bal Jos\u00e9 Villar Retamal, Liceo Bicentenario San Jos\u00e9 de San Javier, cursa Medicina en UCM.<\/span><\/p>\n<p>&nbsp;<\/p>\n\n\t\t<style type=\"text\/css\">\n\t\t\t#gallery-1 {\n\t\t\t\tmargin: auto;\n\t\t\t}\n\t\t\t#gallery-1 .gallery-item {\n\t\t\t\tfloat: left;\n\t\t\t\tmargin-top: 10px;\n\t\t\t\ttext-align: center;\n\t\t\t\twidth: 33%;\n\t\t\t}\n\t\t\t#gallery-1 img {\n\t\t\t\tborder: 2px solid #cfcfcf;\n\t\t\t}\n\t\t\t#gallery-1 .gallery-caption {\n\t\t\t\tmargin-left: 0;\n\t\t\t}\n\t\t\t\/* see gallery_shortcode() in wp-includes\/media.php *\/\n\t\t<\/style>\n\t\t<div id='gallery-1' class='gallery galleryid-22030 gallery-columns-3 gallery-size-large'><dl class='gallery-item'>\n\t\t\t<dt class='gallery-icon landscape'>\n\t\t\t\t<a href='https:\/\/obispadodelinares.cl\/ol\/?attachment_id=22033'><img fetchpriority=\"high\" decoding=\"async\" width=\"1024\" height=\"768\" src=\"https:\/\/obispadodelinares.cl\/ol\/wp-content\/uploads\/2026\/01\/ea6c010b-c676-48d6-8a52-633c24861fbd-1024x768.jpg\" class=\"attachment-large size-large\" alt=\"\" srcset=\"https:\/\/obispadodelinares.cl\/ol\/wp-content\/uploads\/2026\/01\/ea6c010b-c676-48d6-8a52-633c24861fbd-1024x768.jpg 1024w, https:\/\/obispadodelinares.cl\/ol\/wp-content\/uploads\/2026\/01\/ea6c010b-c676-48d6-8a52-633c24861fbd-300x225.jpg 300w, https:\/\/obispadodelinares.cl\/ol\/wp-content\/uploads\/2026\/01\/ea6c010b-c676-48d6-8a52-633c24861fbd-768x576.jpg 768w, https:\/\/obispadodelinares.cl\/ol\/wp-content\/uploads\/2026\/01\/ea6c010b-c676-48d6-8a52-633c24861fbd.jpg 1159w\" sizes=\"(max-width: 1024px) 100vw, 1024px\" \/><\/a>\n\t\t\t<\/dt><\/dl><dl class='gallery-item'>\n\t\t\t<dt class='gallery-icon landscape'>\n\t\t\t\t<a href='https:\/\/obispadodelinares.cl\/ol\/?attachment_id=22032'><img decoding=\"async\" width=\"1024\" height=\"768\" data-src=\"https:\/\/obispadodelinares.cl\/ol\/wp-content\/uploads\/2026\/01\/dbe62132-7c2a-4c94-8ade-7060292a84f6-1024x768.jpg\" class=\"attachment-large size-large lazyload\" alt=\"\" data-srcset=\"https:\/\/obispadodelinares.cl\/ol\/wp-content\/uploads\/2026\/01\/dbe62132-7c2a-4c94-8ade-7060292a84f6-1024x768.jpg 1024w, https:\/\/obispadodelinares.cl\/ol\/wp-content\/uploads\/2026\/01\/dbe62132-7c2a-4c94-8ade-7060292a84f6-300x225.jpg 300w, https:\/\/obispadodelinares.cl\/ol\/wp-content\/uploads\/2026\/01\/dbe62132-7c2a-4c94-8ade-7060292a84f6-768x576.jpg 768w, https:\/\/obispadodelinares.cl\/ol\/wp-content\/uploads\/2026\/01\/dbe62132-7c2a-4c94-8ade-7060292a84f6.jpg 1159w\" data-sizes=\"(max-width: 1024px) 100vw, 1024px\" src=\"data:image\/svg+xml;base64,PHN2ZyB3aWR0aD0iMSIgaGVpZ2h0PSIxIiB4bWxucz0iaHR0cDovL3d3dy53My5vcmcvMjAwMC9zdmciPjwvc3ZnPg==\" style=\"--smush-placeholder-width: 1024px; --smush-placeholder-aspect-ratio: 1024\/768;\" \/><\/a>\n\t\t\t<\/dt><\/dl><dl class='gallery-item'>\n\t\t\t<dt class='gallery-icon landscape'>\n\t\t\t\t<a href='https:\/\/obispadodelinares.cl\/ol\/?attachment_id=22031'><img decoding=\"async\" width=\"1024\" height=\"768\" data-src=\"https:\/\/obispadodelinares.cl\/ol\/wp-content\/uploads\/2026\/01\/458312fb-1f93-4665-915a-327b7d38c87c-1024x768.jpg\" class=\"attachment-large size-large lazyload\" alt=\"\" data-srcset=\"https:\/\/obispadodelinares.cl\/ol\/wp-content\/uploads\/2026\/01\/458312fb-1f93-4665-915a-327b7d38c87c-1024x768.jpg 1024w, https:\/\/obispadodelinares.cl\/ol\/wp-content\/uploads\/2026\/01\/458312fb-1f93-4665-915a-327b7d38c87c-300x225.jpg 300w, https:\/\/obispadodelinares.cl\/ol\/wp-content\/uploads\/2026\/01\/458312fb-1f93-4665-915a-327b7d38c87c-768x576.jpg 768w, https:\/\/obispadodelinares.cl\/ol\/wp-content\/uploads\/2026\/01\/458312fb-1f93-4665-915a-327b7d38c87c.jpg 1159w\" data-sizes=\"(max-width: 1024px) 100vw, 1024px\" src=\"data:image\/svg+xml;base64,PHN2ZyB3aWR0aD0iMSIgaGVpZ2h0PSIxIiB4bWxucz0iaHR0cDovL3d3dy53My5vcmcvMjAwMC9zdmciPjwvc3ZnPg==\" style=\"--smush-placeholder-width: 1024px; --smush-placeholder-aspect-ratio: 1024\/768;\" \/><\/a>\n\t\t\t<\/dt><\/dl><br style=\"clear: both\" \/>\n\t\t<\/div>\n\n","protected":false},"excerpt":{"rendered":"<p>J\u00f3venes de distintos colegios compartieron una once junto a autoridades de la Fundaci\u00f3n, en un espacio de cercan\u00eda y reconocimiento, el encuentro permiti\u00f3 reforzar valores, acompa\u00f1amiento y el compromiso formativo con los estudiantes que contin\u00faan estudios superiores. En un ambiente de cercan\u00eda y alegr\u00eda, los directivos de la Fundaci\u00f3n Educacional del Obispado de Linares sostuvieron [&hellip;]<\/p>\n","protected":false},"author":1,"featured_media":22033,"comment_status":"closed","ping_status":"closed","sticky":false,"template":"","format":"standard","meta":{"h5ap_radio_sources":[],"footnotes":""},"categories":[503,504,48,62],"tags":[505,91],"class_list":["post-22030","post","type-post","status-publish","format-standard","has-post-thumbnail","hentry","category-503","category-becas","category-educacion","category-reconocimientos","tag-becas","tag-colegios"],"_links":{"self":[{"href":"https:\/\/obispadodelinares.cl\/ol\/index.php?rest_route=\/wp\/v2\/posts\/22030","targetHints":{"allow":["GET"]}}],"collection":[{"href":"https:\/\/obispadodelinares.cl\/ol\/index.php?rest_route=\/wp\/v2\/posts"}],"about":[{"href":"https:\/\/obispadodelinares.cl\/ol\/index.php?rest_route=\/wp\/v2\/types\/post"}],"author":[{"embeddable":true,"href":"https:\/\/obispadodelinares.cl\/ol\/index.php?rest_route=\/wp\/v2\/users\/1"}],"replies":[{"embeddable":true,"href":"https:\/\/obispadodelinares.cl\/ol\/index.php?rest_route=%2Fwp%2Fv2%2Fcomments&post=22030"}],"version-history":[{"count":0,"href":"https:\/\/obispadodelinares.cl\/ol\/index.php?rest_route=\/wp\/v2\/posts\/22030\/revisions"}],"wp:featuredmedia":[{"embeddable":true,"href":"https:\/\/obispadodelinares.cl\/ol\/index.php?rest_route=\/wp\/v2\/media\/22033"}],"wp:attachment":[{"href":"https:\/\/obispadodelinares.cl\/ol\/index.php?rest_route=%2Fwp%2Fv2%2Fmedia&parent=22030"}],"wp:term":[{"taxonomy":"category","embeddable":true,"href":"https:\/\/obispadodelinares.cl\/ol\/index.php?rest_route=%2Fwp%2Fv2%2Fcategories&post=22030"},{"taxonomy":"post_tag","embeddable":true,"href":"https:\/\/obispadodelinares.cl\/ol\/index.php?rest_route=%2Fwp%2Fv2%2Ftags&post=22030"}],"curies":[{"name":"wp","href":"https:\/\/api.w.org\/{rel}","templated":true}]}}