{"id":21765,"date":"2025-10-27T17:26:30","date_gmt":"2025-10-27T20:26:30","guid":{"rendered":"https:\/\/obispadodelinares.cl\/ol\/?p=21765"},"modified":"2025-10-30T17:41:10","modified_gmt":"2025-10-30T20:41:10","slug":"la-familia-lugar-de-alegria","status":"publish","type":"post","link":"https:\/\/obispadodelinares.cl\/ol\/?p=21765","title":{"rendered":"\u00abLa Familia, Lugar de Alegr\u00eda\u00bb"},"content":{"rendered":"<p><span style=\"font-weight: 400;\">Con una masiva y alegre convocatoria, el departamento de Familia de la Di\u00f3cesis de\u00a0 Linares celebr\u00f3 el pasado <\/span><b>s\u00e1bado 25 de octubre<\/b><span style=\"font-weight: 400;\"> un encuentro especial enmarcado en el Mes de la Familia, destacando su valor insustituible bajo el lema <\/span><b>\u00abFamilia, lugar de alegr\u00eda\u00bb<\/b><span style=\"font-weight: 400;\">.\u00a0 Con un llamado a la alegr\u00eda y a la unidad, la comunidad de Linares vivi\u00f3 una jornada muy especial: el <\/span><b>Jubileo de la Familia<\/b><span style=\"font-weight: 400;\"> y as\u00ed <\/span><b>reflexionar, celebrar y fortalecer los lazos<\/b><span style=\"font-weight: 400;\"> que unen al n\u00facleo fundamental de la sociedad.<\/span><\/p>\n<p><b>Una Celebraci\u00f3n con Sentido y Misi\u00f3n<\/b><\/p>\n<p><span style=\"font-weight: 400;\">El evento programado para el <\/span><b>s\u00e1bado, 25 de octubre de 2025<\/b><span style=\"font-weight: 400;\">, cont\u00f3 con un itinerario lleno de significado:<\/span><\/p>\n<ul>\n<li style=\"font-weight: 400;\" aria-level=\"1\"><b>Punto de Encuentro:<\/b><span style=\"font-weight: 400;\"> La jornada inici\u00f3 a las <\/span><b>14:50 horas<\/b><span style=\"font-weight: 400;\"> en el <\/span><b>Colegio San Miguel Arc\u00e1ngel de Linares<\/b><span style=\"font-weight: 400;\">.<\/span><\/li>\n<li style=\"font-weight: 400;\" aria-level=\"1\"><b>Actividades:<\/b><span style=\"font-weight: 400;\"> En este espacio se desarrollaron diversas <\/span><b>actividades de recreaci\u00f3n y reflexi\u00f3n<\/b><span style=\"font-weight: 400;\"> en torno al lema central. Espacio en el cual \u00a0 tambi\u00e9n se compartieron helados <\/span><b>\u00a0y sorpresas<\/b><span style=\"font-weight: 400;\"> para compartir con todos los participantes, haciendo de este un verdadero momento de encuentro.<\/span><\/li>\n<li style=\"font-weight: 400;\" aria-level=\"1\"><b>Peregrinaci\u00f3n:<\/b><span style=\"font-weight: 400;\"> Desde el colegio, los asistentes iniciaron la <\/span><b>peregrinaci\u00f3n llena de fe<\/b><span style=\"font-weight: 400;\"> hacia la <\/span><b>Catedral de Linares<\/b><span style=\"font-weight: 400;\">, que ha sido designada para la ocasi\u00f3n como <\/span><b>Templo Jubilar<\/b><span style=\"font-weight: 400;\">.<\/span><\/li>\n<li style=\"font-weight: 400;\" aria-level=\"1\"><b>Misa de Clausura:<\/b><span style=\"font-weight: 400;\"> El significativo encuentro culmin\u00f3 con la <\/span><b>Misa a las 17:00 horas<\/b><span style=\"font-weight: 400;\">, sellando el compromiso comunitario con el amor y la alegr\u00eda familiar.<\/span><\/li>\n<\/ul>\n<p><span style=\"font-weight: 400;\">En la homil\u00eda Monse\u00f1or Koljatic haciendo eco al trabajo realizado, reforz\u00f3 la necesidad de fortalecer los v\u00ednculos familiares y los valores que se forjan bajo el alero del hogar, teniendo como ejemplo a seguir la Sagrada Familia de Nazareth, quienes\u00a0 <\/span><span style=\"font-weight: 400;\">basaban su \u00a0relaci\u00f3n en el <\/span><b>amor puro, la ternura y el respeto mutuo<\/b><span style=\"font-weight: 400;\">.<\/span><\/p>\n<p><span style=\"font-weight: 400;\">La Sagrada Familia de Nazaret es un ejemplo de <\/span><b>\u00abIglesia Dom\u00e9stica\u00bb<\/b><span style=\"font-weight: 400;\">, un lugar donde Dios habita y donde se puede experimentar una comuni\u00f3n sincera, un hogar de oraci\u00f3n, y donde la dureza del vivir es suavizada por la ternura mutua y la fe, se\u00f1al\u00f3 el obispo.<\/span><\/p>\n<p>Al dinalizar se entreg\u00f3 a los asistentes la medalla de la Sagrada Familia,como\u00a0<b>signo sacramental, <\/b>\u00a0que <b>testifica la fe<\/b> del portador, sirviendo como un <b>foco de oraci\u00f3n<\/b> y una fuente de inspiraci\u00f3n para vivir los valores de amor, fe, y respeto mutuo en la vida familiar.<\/p>\n<p>El equipo coordinador agradece a todos quienes acompa\u00f1aron y colaboraron los diferentes momentos del Jubileo de la familia.<\/p>\n\n\t\t<style type=\"text\/css\">\n\t\t\t#gallery-1 {\n\t\t\t\tmargin: auto;\n\t\t\t}\n\t\t\t#gallery-1 .gallery-item {\n\t\t\t\tfloat: left;\n\t\t\t\tmargin-top: 10px;\n\t\t\t\ttext-align: center;\n\t\t\t\twidth: 33%;\n\t\t\t}\n\t\t\t#gallery-1 img {\n\t\t\t\tborder: 2px solid #cfcfcf;\n\t\t\t}\n\t\t\t#gallery-1 .gallery-caption {\n\t\t\t\tmargin-left: 0;\n\t\t\t}\n\t\t\t\/* see gallery_shortcode() in wp-includes\/media.php *\/\n\t\t<\/style>\n\t\t<div id='gallery-1' class='gallery galleryid-21765 gallery-columns-3 gallery-size-large'><dl class='gallery-item'>\n\t\t\t<dt class='gallery-icon landscape'>\n\t\t\t\t<a href='https:\/\/obispadodelinares.cl\/ol\/?attachment_id=21775'><img fetchpriority=\"high\" decoding=\"async\" width=\"718\" height=\"404\" src=\"https:\/\/obispadodelinares.cl\/ol\/wp-content\/uploads\/2025\/10\/IMG_2761.jpg\" class=\"attachment-large size-large\" alt=\"\" srcset=\"https:\/\/obispadodelinares.cl\/ol\/wp-content\/uploads\/2025\/10\/IMG_2761.jpg 718w, https:\/\/obispadodelinares.cl\/ol\/wp-content\/uploads\/2025\/10\/IMG_2761-300x169.jpg 300w\" sizes=\"(max-width: 718px) 100vw, 718px\" \/><\/a>\n\t\t\t<\/dt><\/dl><dl class='gallery-item'>\n\t\t\t<dt class='gallery-icon landscape'>\n\t\t\t\t<a href='https:\/\/obispadodelinares.cl\/ol\/?attachment_id=21774'><img decoding=\"async\" width=\"1024\" height=\"576\" data-src=\"https:\/\/obispadodelinares.cl\/ol\/wp-content\/uploads\/2025\/10\/IMG_2735-1024x576.jpg\" class=\"attachment-large size-large lazyload\" alt=\"\" data-srcset=\"https:\/\/obispadodelinares.cl\/ol\/wp-content\/uploads\/2025\/10\/IMG_2735-1024x576.jpg 1024w, https:\/\/obispadodelinares.cl\/ol\/wp-content\/uploads\/2025\/10\/IMG_2735-300x169.jpg 300w, https:\/\/obispadodelinares.cl\/ol\/wp-content\/uploads\/2025\/10\/IMG_2735-768x432.jpg 768w, https:\/\/obispadodelinares.cl\/ol\/wp-content\/uploads\/2025\/10\/IMG_2735-1536x864.jpg 1536w, https:\/\/obispadodelinares.cl\/ol\/wp-content\/uploads\/2025\/10\/IMG_2735.jpg 1545w\" data-sizes=\"(max-width: 1024px) 100vw, 1024px\" src=\"data:image\/svg+xml;base64,PHN2ZyB3aWR0aD0iMSIgaGVpZ2h0PSIxIiB4bWxucz0iaHR0cDovL3d3dy53My5vcmcvMjAwMC9zdmciPjwvc3ZnPg==\" style=\"--smush-placeholder-width: 1024px; --smush-placeholder-aspect-ratio: 1024\/576;\" \/><\/a>\n\t\t\t<\/dt><\/dl><dl class='gallery-item'>\n\t\t\t<dt class='gallery-icon landscape'>\n\t\t\t\t<a href='https:\/\/obispadodelinares.cl\/ol\/?attachment_id=21773'><img decoding=\"async\" width=\"1024\" height=\"576\" data-src=\"https:\/\/obispadodelinares.cl\/ol\/wp-content\/uploads\/2025\/10\/IMG_2724-1024x576.jpg\" class=\"attachment-large size-large lazyload\" alt=\"\" data-srcset=\"https:\/\/obispadodelinares.cl\/ol\/wp-content\/uploads\/2025\/10\/IMG_2724-1024x576.jpg 1024w, https:\/\/obispadodelinares.cl\/ol\/wp-content\/uploads\/2025\/10\/IMG_2724-300x169.jpg 300w, https:\/\/obispadodelinares.cl\/ol\/wp-content\/uploads\/2025\/10\/IMG_2724-768x432.jpg 768w, https:\/\/obispadodelinares.cl\/ol\/wp-content\/uploads\/2025\/10\/IMG_2724-1536x864.jpg 1536w, https:\/\/obispadodelinares.cl\/ol\/wp-content\/uploads\/2025\/10\/IMG_2724.jpg 1545w\" data-sizes=\"(max-width: 1024px) 100vw, 1024px\" src=\"data:image\/svg+xml;base64,PHN2ZyB3aWR0aD0iMSIgaGVpZ2h0PSIxIiB4bWxucz0iaHR0cDovL3d3dy53My5vcmcvMjAwMC9zdmciPjwvc3ZnPg==\" style=\"--smush-placeholder-width: 1024px; --smush-placeholder-aspect-ratio: 1024\/576;\" \/><\/a>\n\t\t\t<\/dt><\/dl><br style=\"clear: both\" \/><dl class='gallery-item'>\n\t\t\t<dt class='gallery-icon landscape'>\n\t\t\t\t<a href='https:\/\/obispadodelinares.cl\/ol\/?attachment_id=21772'><img decoding=\"async\" width=\"1024\" height=\"576\" data-src=\"https:\/\/obispadodelinares.cl\/ol\/wp-content\/uploads\/2025\/10\/IMG_2719-1024x576.jpg\" class=\"attachment-large size-large lazyload\" alt=\"\" data-srcset=\"https:\/\/obispadodelinares.cl\/ol\/wp-content\/uploads\/2025\/10\/IMG_2719-1024x576.jpg 1024w, https:\/\/obispadodelinares.cl\/ol\/wp-content\/uploads\/2025\/10\/IMG_2719-300x169.jpg 300w, https:\/\/obispadodelinares.cl\/ol\/wp-content\/uploads\/2025\/10\/IMG_2719-768x432.jpg 768w, https:\/\/obispadodelinares.cl\/ol\/wp-content\/uploads\/2025\/10\/IMG_2719-1536x864.jpg 1536w, https:\/\/obispadodelinares.cl\/ol\/wp-content\/uploads\/2025\/10\/IMG_2719.jpg 1545w\" data-sizes=\"(max-width: 1024px) 100vw, 1024px\" src=\"data:image\/svg+xml;base64,PHN2ZyB3aWR0aD0iMSIgaGVpZ2h0PSIxIiB4bWxucz0iaHR0cDovL3d3dy53My5vcmcvMjAwMC9zdmciPjwvc3ZnPg==\" style=\"--smush-placeholder-width: 1024px; --smush-placeholder-aspect-ratio: 1024\/576;\" \/><\/a>\n\t\t\t<\/dt><\/dl><dl class='gallery-item'>\n\t\t\t<dt class='gallery-icon landscape'>\n\t\t\t\t<a href='https:\/\/obispadodelinares.cl\/ol\/?attachment_id=21771'><img decoding=\"async\" width=\"1024\" height=\"576\" data-src=\"https:\/\/obispadodelinares.cl\/ol\/wp-content\/uploads\/2025\/10\/IMG_2716-1024x576.jpg\" class=\"attachment-large size-large lazyload\" alt=\"\" data-srcset=\"https:\/\/obispadodelinares.cl\/ol\/wp-content\/uploads\/2025\/10\/IMG_2716-1024x576.jpg 1024w, https:\/\/obispadodelinares.cl\/ol\/wp-content\/uploads\/2025\/10\/IMG_2716-300x169.jpg 300w, https:\/\/obispadodelinares.cl\/ol\/wp-content\/uploads\/2025\/10\/IMG_2716-768x432.jpg 768w, https:\/\/obispadodelinares.cl\/ol\/wp-content\/uploads\/2025\/10\/IMG_2716-1536x864.jpg 1536w, https:\/\/obispadodelinares.cl\/ol\/wp-content\/uploads\/2025\/10\/IMG_2716.jpg 1545w\" data-sizes=\"(max-width: 1024px) 100vw, 1024px\" src=\"data:image\/svg+xml;base64,PHN2ZyB3aWR0aD0iMSIgaGVpZ2h0PSIxIiB4bWxucz0iaHR0cDovL3d3dy53My5vcmcvMjAwMC9zdmciPjwvc3ZnPg==\" style=\"--smush-placeholder-width: 1024px; --smush-placeholder-aspect-ratio: 1024\/576;\" \/><\/a>\n\t\t\t<\/dt><\/dl><dl class='gallery-item'>\n\t\t\t<dt class='gallery-icon landscape'>\n\t\t\t\t<a href='https:\/\/obispadodelinares.cl\/ol\/?attachment_id=21770'><img decoding=\"async\" width=\"1024\" height=\"576\" data-src=\"https:\/\/obispadodelinares.cl\/ol\/wp-content\/uploads\/2025\/10\/IMG_2706-1024x576.jpg\" class=\"attachment-large size-large lazyload\" alt=\"\" data-srcset=\"https:\/\/obispadodelinares.cl\/ol\/wp-content\/uploads\/2025\/10\/IMG_2706-1024x576.jpg 1024w, https:\/\/obispadodelinares.cl\/ol\/wp-content\/uploads\/2025\/10\/IMG_2706-300x169.jpg 300w, https:\/\/obispadodelinares.cl\/ol\/wp-content\/uploads\/2025\/10\/IMG_2706-768x432.jpg 768w, https:\/\/obispadodelinares.cl\/ol\/wp-content\/uploads\/2025\/10\/IMG_2706-1536x864.jpg 1536w, https:\/\/obispadodelinares.cl\/ol\/wp-content\/uploads\/2025\/10\/IMG_2706.jpg 1545w\" data-sizes=\"(max-width: 1024px) 100vw, 1024px\" src=\"data:image\/svg+xml;base64,PHN2ZyB3aWR0aD0iMSIgaGVpZ2h0PSIxIiB4bWxucz0iaHR0cDovL3d3dy53My5vcmcvMjAwMC9zdmciPjwvc3ZnPg==\" style=\"--smush-placeholder-width: 1024px; --smush-placeholder-aspect-ratio: 1024\/576;\" \/><\/a>\n\t\t\t<\/dt><\/dl><br style=\"clear: both\" \/><dl class='gallery-item'>\n\t\t\t<dt class='gallery-icon landscape'>\n\t\t\t\t<a href='https:\/\/obispadodelinares.cl\/ol\/?attachment_id=21766'><img decoding=\"async\" width=\"1024\" height=\"576\" data-src=\"https:\/\/obispadodelinares.cl\/ol\/wp-content\/uploads\/2025\/10\/7EB52EE3-48A1-4729-98D1-7C3B8E8E591C-1024x576.jpg\" class=\"attachment-large size-large lazyload\" alt=\"\" data-srcset=\"https:\/\/obispadodelinares.cl\/ol\/wp-content\/uploads\/2025\/10\/7EB52EE3-48A1-4729-98D1-7C3B8E8E591C-1024x576.jpg 1024w, https:\/\/obispadodelinares.cl\/ol\/wp-content\/uploads\/2025\/10\/7EB52EE3-48A1-4729-98D1-7C3B8E8E591C-300x169.jpg 300w, https:\/\/obispadodelinares.cl\/ol\/wp-content\/uploads\/2025\/10\/7EB52EE3-48A1-4729-98D1-7C3B8E8E591C-768x432.jpg 768w, https:\/\/obispadodelinares.cl\/ol\/wp-content\/uploads\/2025\/10\/7EB52EE3-48A1-4729-98D1-7C3B8E8E591C-1536x864.jpg 1536w, https:\/\/obispadodelinares.cl\/ol\/wp-content\/uploads\/2025\/10\/7EB52EE3-48A1-4729-98D1-7C3B8E8E591C.jpg 1545w\" data-sizes=\"(max-width: 1024px) 100vw, 1024px\" src=\"data:image\/svg+xml;base64,PHN2ZyB3aWR0aD0iMSIgaGVpZ2h0PSIxIiB4bWxucz0iaHR0cDovL3d3dy53My5vcmcvMjAwMC9zdmciPjwvc3ZnPg==\" style=\"--smush-placeholder-width: 1024px; --smush-placeholder-aspect-ratio: 1024\/576;\" \/><\/a>\n\t\t\t<\/dt><\/dl><dl class='gallery-item'>\n\t\t\t<dt class='gallery-icon landscape'>\n\t\t\t\t<a href='https:\/\/obispadodelinares.cl\/ol\/?attachment_id=21767'><img decoding=\"async\" width=\"1024\" height=\"576\" data-src=\"https:\/\/obispadodelinares.cl\/ol\/wp-content\/uploads\/2025\/10\/IMG_2691-1024x576.jpg\" class=\"attachment-large size-large lazyload\" alt=\"\" data-srcset=\"https:\/\/obispadodelinares.cl\/ol\/wp-content\/uploads\/2025\/10\/IMG_2691-1024x576.jpg 1024w, https:\/\/obispadodelinares.cl\/ol\/wp-content\/uploads\/2025\/10\/IMG_2691-300x169.jpg 300w, https:\/\/obispadodelinares.cl\/ol\/wp-content\/uploads\/2025\/10\/IMG_2691-768x432.jpg 768w, https:\/\/obispadodelinares.cl\/ol\/wp-content\/uploads\/2025\/10\/IMG_2691-1536x864.jpg 1536w, https:\/\/obispadodelinares.cl\/ol\/wp-content\/uploads\/2025\/10\/IMG_2691.jpg 1545w\" data-sizes=\"(max-width: 1024px) 100vw, 1024px\" src=\"data:image\/svg+xml;base64,PHN2ZyB3aWR0aD0iMSIgaGVpZ2h0PSIxIiB4bWxucz0iaHR0cDovL3d3dy53My5vcmcvMjAwMC9zdmciPjwvc3ZnPg==\" style=\"--smush-placeholder-width: 1024px; --smush-placeholder-aspect-ratio: 1024\/576;\" \/><\/a>\n\t\t\t<\/dt><\/dl><dl class='gallery-item'>\n\t\t\t<dt class='gallery-icon landscape'>\n\t\t\t\t<a href='https:\/\/obispadodelinares.cl\/ol\/?attachment_id=21768'><img decoding=\"async\" width=\"1024\" height=\"576\" data-src=\"https:\/\/obispadodelinares.cl\/ol\/wp-content\/uploads\/2025\/10\/IMG_2702-1024x576.jpg\" class=\"attachment-large size-large lazyload\" alt=\"\" data-srcset=\"https:\/\/obispadodelinares.cl\/ol\/wp-content\/uploads\/2025\/10\/IMG_2702-1024x576.jpg 1024w, https:\/\/obispadodelinares.cl\/ol\/wp-content\/uploads\/2025\/10\/IMG_2702-300x169.jpg 300w, https:\/\/obispadodelinares.cl\/ol\/wp-content\/uploads\/2025\/10\/IMG_2702-768x432.jpg 768w, https:\/\/obispadodelinares.cl\/ol\/wp-content\/uploads\/2025\/10\/IMG_2702-1536x864.jpg 1536w, https:\/\/obispadodelinares.cl\/ol\/wp-content\/uploads\/2025\/10\/IMG_2702.jpg 1545w\" data-sizes=\"(max-width: 1024px) 100vw, 1024px\" src=\"data:image\/svg+xml;base64,PHN2ZyB3aWR0aD0iMSIgaGVpZ2h0PSIxIiB4bWxucz0iaHR0cDovL3d3dy53My5vcmcvMjAwMC9zdmciPjwvc3ZnPg==\" style=\"--smush-placeholder-width: 1024px; --smush-placeholder-aspect-ratio: 1024\/576;\" \/><\/a>\n\t\t\t<\/dt><\/dl><br style=\"clear: both\" \/><dl class='gallery-item'>\n\t\t\t<dt class='gallery-icon landscape'>\n\t\t\t\t<a href='https:\/\/obispadodelinares.cl\/ol\/?attachment_id=21769'><img decoding=\"async\" width=\"1024\" height=\"576\" data-src=\"https:\/\/obispadodelinares.cl\/ol\/wp-content\/uploads\/2025\/10\/IMG_2704-1024x576.jpg\" class=\"attachment-large size-large lazyload\" alt=\"\" data-srcset=\"https:\/\/obispadodelinares.cl\/ol\/wp-content\/uploads\/2025\/10\/IMG_2704-1024x576.jpg 1024w, https:\/\/obispadodelinares.cl\/ol\/wp-content\/uploads\/2025\/10\/IMG_2704-300x169.jpg 300w, https:\/\/obispadodelinares.cl\/ol\/wp-content\/uploads\/2025\/10\/IMG_2704-768x432.jpg 768w, https:\/\/obispadodelinares.cl\/ol\/wp-content\/uploads\/2025\/10\/IMG_2704-1536x864.jpg 1536w, https:\/\/obispadodelinares.cl\/ol\/wp-content\/uploads\/2025\/10\/IMG_2704.jpg 1545w\" data-sizes=\"(max-width: 1024px) 100vw, 1024px\" src=\"data:image\/svg+xml;base64,PHN2ZyB3aWR0aD0iMSIgaGVpZ2h0PSIxIiB4bWxucz0iaHR0cDovL3d3dy53My5vcmcvMjAwMC9zdmciPjwvc3ZnPg==\" style=\"--smush-placeholder-width: 1024px; --smush-placeholder-aspect-ratio: 1024\/576;\" \/><\/a>\n\t\t\t<\/dt><\/dl>\n\t\t\t<br style='clear: both' \/>\n\t\t<\/div>\n\n","protected":false},"excerpt":{"rendered":"<p>Con una masiva y alegre convocatoria, el departamento de Familia de la Di\u00f3cesis de\u00a0 Linares celebr\u00f3 el pasado s\u00e1bado 25 de octubre un encuentro especial enmarcado en el Mes de la Familia, destacando su valor insustituible bajo el lema \u00abFamilia, lugar de alegr\u00eda\u00bb.\u00a0 Con un llamado a la alegr\u00eda y a la unidad, la comunidad [&hellip;]<\/p>\n","protected":false},"author":1,"featured_media":21775,"comment_status":"closed","ping_status":"closed","sticky":false,"template":"","format":"standard","meta":{"h5ap_radio_sources":[],"footnotes":""},"categories":[488,92],"tags":[492,483],"class_list":["post-21765","post","type-post","status-publish","format-standard","has-post-thumbnail","hentry","category-488","category-pastoral-familiar","tag-jubileo","tag-pastoral-familiar"],"_links":{"self":[{"href":"https:\/\/obispadodelinares.cl\/ol\/index.php?rest_route=\/wp\/v2\/posts\/21765","targetHints":{"allow":["GET"]}}],"collection":[{"href":"https:\/\/obispadodelinares.cl\/ol\/index.php?rest_route=\/wp\/v2\/posts"}],"about":[{"href":"https:\/\/obispadodelinares.cl\/ol\/index.php?rest_route=\/wp\/v2\/types\/post"}],"author":[{"embeddable":true,"href":"https:\/\/obispadodelinares.cl\/ol\/index.php?rest_route=\/wp\/v2\/users\/1"}],"replies":[{"embeddable":true,"href":"https:\/\/obispadodelinares.cl\/ol\/index.php?rest_route=%2Fwp%2Fv2%2Fcomments&post=21765"}],"version-history":[{"count":0,"href":"https:\/\/obispadodelinares.cl\/ol\/index.php?rest_route=\/wp\/v2\/posts\/21765\/revisions"}],"wp:featuredmedia":[{"embeddable":true,"href":"https:\/\/obispadodelinares.cl\/ol\/index.php?rest_route=\/wp\/v2\/media\/21775"}],"wp:attachment":[{"href":"https:\/\/obispadodelinares.cl\/ol\/index.php?rest_route=%2Fwp%2Fv2%2Fmedia&parent=21765"}],"wp:term":[{"taxonomy":"category","embeddable":true,"href":"https:\/\/obispadodelinares.cl\/ol\/index.php?rest_route=%2Fwp%2Fv2%2Fcategories&post=21765"},{"taxonomy":"post_tag","embeddable":true,"href":"https:\/\/obispadodelinares.cl\/ol\/index.php?rest_route=%2Fwp%2Fv2%2Ftags&post=21765"}],"curies":[{"name":"wp","href":"https:\/\/api.w.org\/{rel}","templated":true}]}}