{"id":21731,"date":"2025-10-20T18:55:51","date_gmt":"2025-10-20T21:55:51","guid":{"rendered":"https:\/\/obispadodelinares.cl\/ol\/?p=21731"},"modified":"2025-10-20T18:55:51","modified_gmt":"2025-10-20T21:55:51","slug":"con-gratitud-y-esperanza-linares-celebra-su-centenario-y-suena-el-futuro-en-clave-sinodal","status":"publish","type":"post","link":"https:\/\/obispadodelinares.cl\/ol\/?p=21731","title":{"rendered":"Con gratitud y esperanza: Linares celebra su Centenario y sue\u00f1a el futuro en clave sinodal"},"content":{"rendered":"<p><strong><em>M\u00e1s de 400 agentes pastorales se reunieron en Linares el 17 y 18 de octubre para vivir la XLV Asamblea Sinodal Diocesana en el marco del A\u00f1o Jubilar, conmemorando cien a\u00f1os de historia y proyectando con esperanza una Iglesia viva, misionera y agradecida.<\/em><\/strong><\/p>\n<p>&nbsp;<\/p>\n<p><strong><em>(Cr\u00f3nica del Centenario y la XLV Asamblea Sinodal Diocesana)<\/em><\/strong><\/p>\n<p><strong>\u00a0\u201cCien a\u00f1os sembrando las semillas del Reino en tierras maulinas\u201d<\/strong><\/p>\n<p><strong><em>Linares, 17 y 18 de octubre de 2025<\/em><\/strong><\/p>\n<p><em>El aire de Linares se llen\u00f3 de memoria, fe y esperanza durante dos jornadas hist\u00f3ricas para la Iglesia de San Ambrosio, que celebr\u00f3 con gozo su Centenario en comuni\u00f3n con la XLV Asamblea Sinodal Diocesana. Bajo el lema \u201cNosotros somos testigos\u201d, donde m\u00e1s de 400 agentes pastorales de toda la Di\u00f3cesis se dieron cita en el Colegio San Miguel Arc\u00e1ngel, que se transform\u00f3 en el coraz\u00f3n palpitante de una Iglesia que camina en sinodalidad.<\/em><\/p>\n<p><strong>Un tiempo de memoria agradecida<\/strong><\/p>\n<p>La apertura estuvo marcada por la bienvenida fraterna de Monse\u00f1or Tomislav Koljatic, quien invit\u00f3 a los participantes a vivir la Asamblea como una peregrinaci\u00f3n de fe. La Liturgia de la Reconciliaci\u00f3n y la Adoraci\u00f3n al Sant\u00edsimo pusieron a Cristo en el centro de la celebraci\u00f3n, renovando la certeza de que es \u00c9l quien gu\u00eda esta primera centuria. A lo largo del encuentro, la comunidad diocesana expres\u00f3 con respeto y emoci\u00f3n su gratitud por tantos sembradores del Reino que han dejado huella en estas tierras maulinas: pastores, religiosas, misioneros y laicos cuyo testimonio permanece vivo en la memoria de la Iglesia diocesana.<\/p>\n<p><strong>Una noche para el alma: Gala L\u00edrica del Centenario<\/strong><\/p>\n<p>La jornada del viernes concluy\u00f3 con un momento inolvidable en el Teatro Municipal de Linares: la Gala L\u00edrica del Centenario, con la participaci\u00f3n estelar de la soprano linarense Maxiel Marchant y el bar\u00edtono Ricardo Elgueta, acompa\u00f1ados por una Orquesta de C\u00e1mara del Maule y animada por Miguel \u00c1ngel Venegas.<\/p>\n<p>Maxiel, emocionada de volver a su ciudad natal, record\u00f3 sus ra\u00edces en el Coro Filarm\u00f3nico Marta Rivas. El p\u00fablico ovacion\u00f3 de pie un espect\u00e1culo en que arte, belleza y fe se abrazaron como un \u00fanico testimonio de la acci\u00f3n de Dios en la historia.<\/p>\n<p><strong>Discernir, so\u00f1ar y proyectar el camino<\/strong><\/p>\n<p>El s\u00e1bado 18 fue un d\u00eda de reflexi\u00f3n y trabajo comunitario. En un clima fraterno, los equipos pastorales compartieron vivencias, desaf\u00edos y sue\u00f1os para este nuevo siglo de evangelizaci\u00f3n. Fue un ejercicio de discernimiento profundo, de escucha mutua y de confianza en la acci\u00f3n del Esp\u00edritu.<\/p>\n<p>La Asamblea culmin\u00f3 con una procesi\u00f3n urbana llena de color, s\u00edmbolos y alegr\u00eda, desde el colegio hasta la Catedral. Este gesto p\u00fablico de fe y unidad fue tambi\u00e9n un signo visible del Pueblo de Dios en salida, cruzando una vez m\u00e1s la Puerta Santa del Jubileo.<\/p>\n<p><strong>Misa Jubilar: acci\u00f3n de gracias por cien a\u00f1os de vida eclesial<\/strong><\/p>\n<p>La solemne Eucarist\u00eda Jubilar, presidida por Monse\u00f1or Koljatic y concelebrada por el clero diocesano, fue el culmen de esta celebraci\u00f3n. El Obispo record\u00f3 con emoci\u00f3n a sus predecesores, agradeci\u00f3 la fidelidad del pueblo de Dios y anim\u00f3 a seguir caminando unidos con valent\u00eda y esperanza. Tambi\u00e9n mencion\u00f3 algunas de las muchas obras de este centenario: Masivas peregrinaciones de los decanatos hasta la Iglesia Catedral, Se inicia la construcci\u00f3n de la parroquia Santos Chilenos, Se abren las puertas de la Hospeder\u00eda San Ambrosio, Se escribi\u00f3 el Libro con la Historia de la Iglesia Catedral de autor\u00eda del Profesor Carlos Castro y el P. Silvio Jara, pr\u00f3ximamente la apertura del Museo Diocesano, El libro con las Biograf\u00edas de los laicos y laicas del Centenario, en el que ha trabajado el Profesor Manuel Quevedo, entre muchas obras parroquiales y decanales que iremos detallando en algunos d\u00edas m\u00e1s.<\/p>\n<p>Como gran sorpresa para la comunidad de sinodales, nuevamente cant\u00f3 la Soprano Maxiel Marchant, quien ofreci\u00f3 dos hermosas canciones, deleitando con su arte a los presentes, que nuevamente la ovacionaron.<\/p>\n<p><strong>Durante el ofertorio, cada decanato present\u00f3 un signo:<\/strong><\/p>\n<p>Cauquenes: 100 \u00e1rboles nativos, signo de vida y cuidado de la Creaci\u00f3n.<\/p>\n<p>Constituci\u00f3n: redes de pesca y un crucifijo, s\u00edmbolo de misi\u00f3n y memoria viva, que ser\u00e1 dejado en el museo.<\/p>\n<p>Parral: una radio de 1949, representando la evangelizaci\u00f3n a trav\u00e9s de los medios, tambi\u00e9n para el museo.<\/p>\n<p>Linares: una maqueta del Templo Mar\u00eda Auxiliadora, tambi\u00e9n centenario, testimonio de la presencia salesiana.<\/p>\n<p>San Javier: un registro fotogr\u00e1fico de las parroquias que conforman el decanato, y material del trabajo realizado en preparaci\u00f3n al S\u00ednodo, testimonio de los frutos de la evangelizaci\u00f3n<\/p>\n<p><strong>La c\u00e1psula del tiempo: un legado para las futuras generaciones<\/strong><\/p>\n<p>Uno de los momentos m\u00e1s emotivos fue el sellado de una c\u00e1psula del tiempo, que permanecer\u00e1 custodiada en la cripta de la Catedral durante los pr\u00f3ximos 100 a\u00f1os. En ella se guardaron objetos representativos de esta centuria, saludos de los participantes, un ejemplar del peri\u00f3dico Buena Nueva de octubre de 2025, y una lista completa de los sinodales por decanato, las Orientaciones Pastorales 2023-2026. Este gesto proyecta la esperanza de una Iglesia que no solo honra su pasado, sino que se atreve a so\u00f1ar con el futuro.<\/p>\n<p><strong>Sembrar con fe, cosechar con alegr\u00eda<\/strong><\/p>\n<p>El Centenario de la Di\u00f3cesis de Linares no ha sido solo un aniversario, sino una proclamaci\u00f3n de fe, una celebraci\u00f3n llena de gratitud y una mirada decidida hacia el porvenir. La XLV Asamblea Sinodal ha sido signo de una Iglesia viva, que quiere seguir sembrando con generosidad, caminando juntos como Pueblo de Dios.<\/p>\n<p>Con los ojos puestos en Cristo y en comuni\u00f3n con quienes nos antecedieron, la Iglesia de Linares renueva su compromiso de ser luz, sal y fermento del Reino en el coraz\u00f3n del Maule Sur, para continuar con nuevos br\u00edos \u201cSembrando las Semillas del Reino en tierras maulinas\u201d.<\/p>\n<p>&nbsp;<\/p>\n<p><strong>Homil\u00eda del Centenario <\/strong><\/p>\n<p>Hoy estamos celebrando los 100 a\u00f1os del d\u00eda en que el papa P\u00edo XI, Aquiles Rati, pon\u00eda la firma en la Bula de la creaci\u00f3n de la di\u00f3cesis de Linares, junto a otras 6 di\u00f3cesis vecinas y hermanas.<\/p>\n<p>Un siglo de vida, \u00a0 que en la perspectiva de la historia de la Iglesia fundada por el Se\u00f1or en el calvario y en\u00a0 Pentecost\u00e9s hace 2000 mil a\u00f1os, solo representa un 5 % del tiempo de esta larga y maravillosa historia del Dios que camina con nosotros en medio de las alegr\u00edas y esperanzas, los dolores y sufrimientos\u00a0 de nuestra existencia terrenal.<\/p>\n<p>Esta celebraci\u00f3n del Centenario que comenz\u00f3 t\u00edmidamente hace \u00a03 a\u00f1os con la primera comisi\u00f3n y las primeras ideas de lo que podr\u00edamos hacer para celebrar el Centenario.<\/p>\n<p>Bien sabemos que hemos vuelto la mirada y el coraz\u00f3n hacia nuestra historia compartida para dar gracias a Dios\u00a0 por lo que \u00c9l ha hecho entre nosotros y con nosotros. No es posible en este momento recoger tantas obras realizadas con su ayuda divina durante el siglo transcurrido, pero si al menos \u00a0se\u00f1alar a las personas que han hecho posible esta historia centenaria. Por ello \u00a0hemos puesto en valor a tantos laicos y laicas que trabajaron heroicamente por su Iglesia, los presb\u00edteros y di\u00e1conos que dieron su vida aqu\u00ed entre nosotros sirviendo a la di\u00f3cesis hasta su muerte, cuyos nombres est\u00e1n en la l\u00e1pida de la capilla lateral, hemos recordado a los pastores que descansan en la Cripta de la Catedral, a la vida religiosa y consagrada con sus 12 colegios y las obras de misericordia, entre otros.<\/p>\n<p>Junto a la memoria agradecida, que debe continuar en cada capilla y parroquia de la di\u00f3cesis, hemos vivido este a\u00f1o jubilar y a\u00f1o santo tambi\u00e9n muchos momentos muy significativos y hermosos, particularmente la peregrinaci\u00f3n a la Catedral de los 5 decanatos y m\u00faltiples obras del centenario. Se\u00f1alo algunos ejemplos, \u00a0entre tantos. El comienzo de la construcci\u00f3n del templo parroquial de Santos Chilenos y la hospeder\u00eda San Ambrosio, continuando la del Hogar de Cristo en Linares.<\/p>\n<p>Especial menci\u00f3n hago del homenaje brindado por la C\u00e1mara de Senadores y de Diputadas y Diputados en mi\u00e9rcoles reci\u00e9n pasado en el Sal\u00f3n de Honor del Congreso, acto c\u00edvico y republicano de la mayor trascendencia institucional.\u00a0 Y finalmente, la hermosa obra sobre la Catedral escrita con el coraz\u00f3n y la fidelidad a los datos, por el Padre Silvio Jara y el profesor Carlos Castro. Pero, reitero, estos son solo algunos ejemplos de tantas obras y celebraciones realizadas en todos los rincones de la di\u00f3cesis por el Centenario.<\/p>\n<p>Y para el futuro pr\u00f3ximo nos queda el desaf\u00edo de la Misi\u00f3n. Para eso existimos, para eso el Se\u00f1or fund\u00f3 la iglesia, para anunciar con obras y palabras el Reino de Dios en medio nuestro, para anunciar que solo en Cristo Jes\u00fas hay una esperanza que no defrauda, para ser islas de misericordia en medio de un mundo fr\u00edo e indiferente, que levanta muros en vez de puentes de fraternidad entre los hombres.<\/p>\n<p>Pero quisiera destacar algunas breves reflexiones personales de lo que me ha dejado a m\u00ed esta celebraci\u00f3n del centenario.<\/p>\n<p>En primer lugar estimo que en este tiempo hemos tomado mayor conciencia de nuestra identidad como iglesia diocesana, como Pueblo de Dios que camina juntos en el Maule sur, como peregrinos de esperanza. M\u00e1s all\u00e1 de la vida cotidiana de la capilla, de la parroquia, del colegio, de la obra social, hemos tomado mayor conciencia\u00a0 de pertenecer a una obra mayor, a una historia mayor, la que conduce el Esp\u00edritu Santo. La Iglesia es siempre m\u00e1s que mi peque\u00f1a comunidad. La Iglesia es la obra de Dios en el tiempo y en la historia.<\/p>\n<p>Y en ese sentido, el centenario nos ha permitido reforzar nuestra identidad como Pueblo de Dios convocado por la fe en el Se\u00f1or resucitado. La clave de la vida de la Iglesia, en todos los niveles, es la fe compartida. Es por la fe que se han construido los templos, con tantos sacrificios, es por la fe que acogemos y tratamos de servir a los m\u00e1s desamparados, es por la fe que hoy estamos reunidos aqu\u00ed en esta Catedral, levantada por la fe de un pueblo.<\/p>\n<p>Nuestras carencias materiales, nuestra pobreza, es un term\u00f3metro de que la obra es del Se\u00f1or. \u00c9l es el que construye la casa, no nosotros. \u00c9l nos llama a servir al pobre, no nuestra compasi\u00f3n natural, porque el pobre es Cristo. Por eso la iglesia no es una ONG, es la acci\u00f3n del Esp\u00edritu en el mundo.<\/p>\n<p>Una fe que se traduce en las obras del amor, por la esperanza derramada en nuestros corazones.<\/p>\n<p>Esta Santa Misa del Centenario nos invita a levantar nuestras manos y nuestro coraz\u00f3n hacia lo alto, para dar gloria a la Sant\u00edsima Trinidad.<\/p>\n<p>Al Padre creador que nos ha regalado esta copia feliz del Ed\u00e9n para cuidarla, al Hijo que naci\u00f3 de Mar\u00eda, que se hizo nuestro hermano para ense\u00f1arnos a tratarnos como hermanos, al Esp\u00edritu Santo que da vida y nos regala los carismas del servicio y de la fe, esperanza y caridad.<\/p>\n<p>El texto inspirador del Sembrador nos ha recordado que la semilla sembrada en este siglo es una semilla de vida divina pero fr\u00e1gil, que la pisa el caminante, se la come las aves, se seca, la ahogan las malezas, y aparentemente est\u00e1 destinada a perecer. Pero en Cristo tenemos la certeza que esta humilde semilla \u00a0crece de d\u00eda y de noche, que esta semilla es eficaz, que tiene el poder de trasformar nuestras vidas, y que est\u00e1 asegurada una cosecha abundante del ciento por uno, m\u00e1s all\u00e1 de nuestra fragilidad. \u00a0Esta es nuestra esperanza que nos llena el coraz\u00f3n de alegr\u00eda y nos anima a seguir sembrando las semillas del reino en estas tierras del Maule.<\/p>\n<p>As\u00ed, desde la purificaci\u00f3n de la memoria a la aventura de evangelizar en estos nuevos tiempos digitales, virtuales, de inseguridad, temores, aislamiento y soledades, pero con la certeza de la Palabra de Dios, \u201cno teman, Yo estoy con ustedes hasta el fin del mundo\u201d.<\/p>\n<p>Que la intercesi\u00f3n de la Virgen Mar\u00eda y San Ambrosio, \u00a0nos acompa\u00f1en hoy y siempre en este peregrinar alegre y esperanzado hacia la Casa del Padre.<\/p>\n\n\t\t<style type=\"text\/css\">\n\t\t\t#gallery-1 {\n\t\t\t\tmargin: auto;\n\t\t\t}\n\t\t\t#gallery-1 .gallery-item {\n\t\t\t\tfloat: left;\n\t\t\t\tmargin-top: 10px;\n\t\t\t\ttext-align: center;\n\t\t\t\twidth: 33%;\n\t\t\t}\n\t\t\t#gallery-1 img {\n\t\t\t\tborder: 2px solid #cfcfcf;\n\t\t\t}\n\t\t\t#gallery-1 .gallery-caption {\n\t\t\t\tmargin-left: 0;\n\t\t\t}\n\t\t\t\/* see gallery_shortcode() in wp-includes\/media.php *\/\n\t\t<\/style>\n\t\t<div id='gallery-1' class='gallery galleryid-21731 gallery-columns-3 gallery-size-large'><dl class='gallery-item'>\n\t\t\t<dt class='gallery-icon landscape'>\n\t\t\t\t<a href='https:\/\/obispadodelinares.cl\/ol\/wp-content\/uploads\/2025\/10\/Imagen-de-WhatsApp-2025-10-20-a-las-14.33.23_5bd6cc4d.jpg'><img fetchpriority=\"high\" decoding=\"async\" width=\"966\" height=\"720\" src=\"https:\/\/obispadodelinares.cl\/ol\/wp-content\/uploads\/2025\/10\/Imagen-de-WhatsApp-2025-10-20-a-las-14.33.23_5bd6cc4d.jpg\" class=\"attachment-large size-large\" alt=\"\" srcset=\"https:\/\/obispadodelinares.cl\/ol\/wp-content\/uploads\/2025\/10\/Imagen-de-WhatsApp-2025-10-20-a-las-14.33.23_5bd6cc4d.jpg 966w, https:\/\/obispadodelinares.cl\/ol\/wp-content\/uploads\/2025\/10\/Imagen-de-WhatsApp-2025-10-20-a-las-14.33.23_5bd6cc4d-300x224.jpg 300w, https:\/\/obispadodelinares.cl\/ol\/wp-content\/uploads\/2025\/10\/Imagen-de-WhatsApp-2025-10-20-a-las-14.33.23_5bd6cc4d-768x572.jpg 768w\" sizes=\"(max-width: 966px) 100vw, 966px\" \/><\/a>\n\t\t\t<\/dt><\/dl><dl class='gallery-item'>\n\t\t\t<dt class='gallery-icon landscape'>\n\t\t\t\t<a href='https:\/\/obispadodelinares.cl\/ol\/wp-content\/uploads\/2025\/10\/Portada.jpg'><img decoding=\"async\" width=\"718\" height=\"404\" data-src=\"https:\/\/obispadodelinares.cl\/ol\/wp-content\/uploads\/2025\/10\/Portada.jpg\" class=\"attachment-large size-large lazyload\" alt=\"\" data-srcset=\"https:\/\/obispadodelinares.cl\/ol\/wp-content\/uploads\/2025\/10\/Portada.jpg 718w, https:\/\/obispadodelinares.cl\/ol\/wp-content\/uploads\/2025\/10\/Portada-300x169.jpg 300w\" data-sizes=\"(max-width: 718px) 100vw, 718px\" src=\"data:image\/svg+xml;base64,PHN2ZyB3aWR0aD0iMSIgaGVpZ2h0PSIxIiB4bWxucz0iaHR0cDovL3d3dy53My5vcmcvMjAwMC9zdmciPjwvc3ZnPg==\" style=\"--smush-placeholder-width: 718px; --smush-placeholder-aspect-ratio: 718\/404;\" \/><\/a>\n\t\t\t<\/dt><\/dl><dl class='gallery-item'>\n\t\t\t<dt class='gallery-icon landscape'>\n\t\t\t\t<a href='https:\/\/obispadodelinares.cl\/ol\/wp-content\/uploads\/2025\/10\/IMG_2454.jpg'><img decoding=\"async\" width=\"1024\" height=\"576\" data-src=\"https:\/\/obispadodelinares.cl\/ol\/wp-content\/uploads\/2025\/10\/IMG_2454-1024x576.jpg\" class=\"attachment-large size-large lazyload\" alt=\"\" data-srcset=\"https:\/\/obispadodelinares.cl\/ol\/wp-content\/uploads\/2025\/10\/IMG_2454-1024x576.jpg 1024w, https:\/\/obispadodelinares.cl\/ol\/wp-content\/uploads\/2025\/10\/IMG_2454-300x169.jpg 300w, https:\/\/obispadodelinares.cl\/ol\/wp-content\/uploads\/2025\/10\/IMG_2454-768x432.jpg 768w, https:\/\/obispadodelinares.cl\/ol\/wp-content\/uploads\/2025\/10\/IMG_2454-1536x864.jpg 1536w, https:\/\/obispadodelinares.cl\/ol\/wp-content\/uploads\/2025\/10\/IMG_2454.jpg 1545w\" data-sizes=\"(max-width: 1024px) 100vw, 1024px\" src=\"data:image\/svg+xml;base64,PHN2ZyB3aWR0aD0iMSIgaGVpZ2h0PSIxIiB4bWxucz0iaHR0cDovL3d3dy53My5vcmcvMjAwMC9zdmciPjwvc3ZnPg==\" style=\"--smush-placeholder-width: 1024px; --smush-placeholder-aspect-ratio: 1024\/576;\" \/><\/a>\n\t\t\t<\/dt><\/dl><br style=\"clear: both\" \/><dl class='gallery-item'>\n\t\t\t<dt class='gallery-icon landscape'>\n\t\t\t\t<a href='https:\/\/obispadodelinares.cl\/ol\/wp-content\/uploads\/2025\/10\/IMG_2453.jpg'><img decoding=\"async\" width=\"1024\" height=\"576\" data-src=\"https:\/\/obispadodelinares.cl\/ol\/wp-content\/uploads\/2025\/10\/IMG_2453-1024x576.jpg\" class=\"attachment-large size-large lazyload\" alt=\"\" data-srcset=\"https:\/\/obispadodelinares.cl\/ol\/wp-content\/uploads\/2025\/10\/IMG_2453-1024x576.jpg 1024w, https:\/\/obispadodelinares.cl\/ol\/wp-content\/uploads\/2025\/10\/IMG_2453-300x169.jpg 300w, https:\/\/obispadodelinares.cl\/ol\/wp-content\/uploads\/2025\/10\/IMG_2453-768x432.jpg 768w, https:\/\/obispadodelinares.cl\/ol\/wp-content\/uploads\/2025\/10\/IMG_2453-1536x864.jpg 1536w, https:\/\/obispadodelinares.cl\/ol\/wp-content\/uploads\/2025\/10\/IMG_2453.jpg 1545w\" data-sizes=\"(max-width: 1024px) 100vw, 1024px\" src=\"data:image\/svg+xml;base64,PHN2ZyB3aWR0aD0iMSIgaGVpZ2h0PSIxIiB4bWxucz0iaHR0cDovL3d3dy53My5vcmcvMjAwMC9zdmciPjwvc3ZnPg==\" style=\"--smush-placeholder-width: 1024px; --smush-placeholder-aspect-ratio: 1024\/576;\" \/><\/a>\n\t\t\t<\/dt><\/dl><dl class='gallery-item'>\n\t\t\t<dt class='gallery-icon landscape'>\n\t\t\t\t<a href='https:\/\/obispadodelinares.cl\/ol\/wp-content\/uploads\/2025\/10\/20251018_175802.jpg'><img decoding=\"async\" width=\"477\" height=\"358\" data-src=\"https:\/\/obispadodelinares.cl\/ol\/wp-content\/uploads\/2025\/10\/20251018_175802.jpg\" class=\"attachment-large size-large lazyload\" alt=\"\" data-srcset=\"https:\/\/obispadodelinares.cl\/ol\/wp-content\/uploads\/2025\/10\/20251018_175802.jpg 477w, https:\/\/obispadodelinares.cl\/ol\/wp-content\/uploads\/2025\/10\/20251018_175802-300x225.jpg 300w\" data-sizes=\"(max-width: 477px) 100vw, 477px\" src=\"data:image\/svg+xml;base64,PHN2ZyB3aWR0aD0iMSIgaGVpZ2h0PSIxIiB4bWxucz0iaHR0cDovL3d3dy53My5vcmcvMjAwMC9zdmciPjwvc3ZnPg==\" style=\"--smush-placeholder-width: 477px; --smush-placeholder-aspect-ratio: 477\/358;\" \/><\/a>\n\t\t\t<\/dt><\/dl><dl class='gallery-item'>\n\t\t\t<dt class='gallery-icon landscape'>\n\t\t\t\t<a href='https:\/\/obispadodelinares.cl\/ol\/wp-content\/uploads\/2025\/10\/20251018_175201.jpg'><img decoding=\"async\" width=\"1024\" height=\"768\" data-src=\"https:\/\/obispadodelinares.cl\/ol\/wp-content\/uploads\/2025\/10\/20251018_175201-1024x768.jpg\" class=\"attachment-large size-large lazyload\" alt=\"\" data-srcset=\"https:\/\/obispadodelinares.cl\/ol\/wp-content\/uploads\/2025\/10\/20251018_175201-1024x768.jpg 1024w, https:\/\/obispadodelinares.cl\/ol\/wp-content\/uploads\/2025\/10\/20251018_175201-300x225.jpg 300w, https:\/\/obispadodelinares.cl\/ol\/wp-content\/uploads\/2025\/10\/20251018_175201-768x576.jpg 768w, https:\/\/obispadodelinares.cl\/ol\/wp-content\/uploads\/2025\/10\/20251018_175201.jpg 1159w\" data-sizes=\"(max-width: 1024px) 100vw, 1024px\" src=\"data:image\/svg+xml;base64,PHN2ZyB3aWR0aD0iMSIgaGVpZ2h0PSIxIiB4bWxucz0iaHR0cDovL3d3dy53My5vcmcvMjAwMC9zdmciPjwvc3ZnPg==\" style=\"--smush-placeholder-width: 1024px; --smush-placeholder-aspect-ratio: 1024\/768;\" \/><\/a>\n\t\t\t<\/dt><\/dl><br style=\"clear: both\" \/><dl class='gallery-item'>\n\t\t\t<dt class='gallery-icon landscape'>\n\t\t\t\t<a href='https:\/\/obispadodelinares.cl\/ol\/wp-content\/uploads\/2025\/10\/23aef6b4-eb25-4125-bebd-6747f3b323eb.jpg'><img decoding=\"async\" width=\"1024\" height=\"576\" data-src=\"https:\/\/obispadodelinares.cl\/ol\/wp-content\/uploads\/2025\/10\/23aef6b4-eb25-4125-bebd-6747f3b323eb-1024x576.jpg\" class=\"attachment-large size-large lazyload\" alt=\"\" data-srcset=\"https:\/\/obispadodelinares.cl\/ol\/wp-content\/uploads\/2025\/10\/23aef6b4-eb25-4125-bebd-6747f3b323eb-1024x576.jpg 1024w, https:\/\/obispadodelinares.cl\/ol\/wp-content\/uploads\/2025\/10\/23aef6b4-eb25-4125-bebd-6747f3b323eb-300x169.jpg 300w, https:\/\/obispadodelinares.cl\/ol\/wp-content\/uploads\/2025\/10\/23aef6b4-eb25-4125-bebd-6747f3b323eb-768x432.jpg 768w, https:\/\/obispadodelinares.cl\/ol\/wp-content\/uploads\/2025\/10\/23aef6b4-eb25-4125-bebd-6747f3b323eb.jpg 1280w\" data-sizes=\"(max-width: 1024px) 100vw, 1024px\" src=\"data:image\/svg+xml;base64,PHN2ZyB3aWR0aD0iMSIgaGVpZ2h0PSIxIiB4bWxucz0iaHR0cDovL3d3dy53My5vcmcvMjAwMC9zdmciPjwvc3ZnPg==\" style=\"--smush-placeholder-width: 1024px; --smush-placeholder-aspect-ratio: 1024\/576;\" \/><\/a>\n\t\t\t<\/dt><\/dl><dl class='gallery-item'>\n\t\t\t<dt class='gallery-icon landscape'>\n\t\t\t\t<a href='https:\/\/obispadodelinares.cl\/ol\/wp-content\/uploads\/2025\/10\/55a4cc74-c1aa-4e71-9c9c-868bea8a3328.jpg'><img decoding=\"async\" width=\"1024\" height=\"576\" data-src=\"https:\/\/obispadodelinares.cl\/ol\/wp-content\/uploads\/2025\/10\/55a4cc74-c1aa-4e71-9c9c-868bea8a3328-1024x576.jpg\" class=\"attachment-large size-large lazyload\" alt=\"\" data-srcset=\"https:\/\/obispadodelinares.cl\/ol\/wp-content\/uploads\/2025\/10\/55a4cc74-c1aa-4e71-9c9c-868bea8a3328-1024x576.jpg 1024w, https:\/\/obispadodelinares.cl\/ol\/wp-content\/uploads\/2025\/10\/55a4cc74-c1aa-4e71-9c9c-868bea8a3328-300x169.jpg 300w, https:\/\/obispadodelinares.cl\/ol\/wp-content\/uploads\/2025\/10\/55a4cc74-c1aa-4e71-9c9c-868bea8a3328-768x432.jpg 768w, https:\/\/obispadodelinares.cl\/ol\/wp-content\/uploads\/2025\/10\/55a4cc74-c1aa-4e71-9c9c-868bea8a3328.jpg 1280w\" data-sizes=\"(max-width: 1024px) 100vw, 1024px\" src=\"data:image\/svg+xml;base64,PHN2ZyB3aWR0aD0iMSIgaGVpZ2h0PSIxIiB4bWxucz0iaHR0cDovL3d3dy53My5vcmcvMjAwMC9zdmciPjwvc3ZnPg==\" style=\"--smush-placeholder-width: 1024px; --smush-placeholder-aspect-ratio: 1024\/576;\" \/><\/a>\n\t\t\t<\/dt><\/dl><dl class='gallery-item'>\n\t\t\t<dt class='gallery-icon landscape'>\n\t\t\t\t<a href='https:\/\/obispadodelinares.cl\/ol\/wp-content\/uploads\/2025\/10\/604615d8-0230-48b9-9134-65e9fc0bb64b.jpg'><img decoding=\"async\" width=\"1024\" height=\"576\" data-src=\"https:\/\/obispadodelinares.cl\/ol\/wp-content\/uploads\/2025\/10\/604615d8-0230-48b9-9134-65e9fc0bb64b-1024x576.jpg\" class=\"attachment-large size-large lazyload\" alt=\"\" data-srcset=\"https:\/\/obispadodelinares.cl\/ol\/wp-content\/uploads\/2025\/10\/604615d8-0230-48b9-9134-65e9fc0bb64b-1024x576.jpg 1024w, https:\/\/obispadodelinares.cl\/ol\/wp-content\/uploads\/2025\/10\/604615d8-0230-48b9-9134-65e9fc0bb64b-300x169.jpg 300w, https:\/\/obispadodelinares.cl\/ol\/wp-content\/uploads\/2025\/10\/604615d8-0230-48b9-9134-65e9fc0bb64b-768x432.jpg 768w, https:\/\/obispadodelinares.cl\/ol\/wp-content\/uploads\/2025\/10\/604615d8-0230-48b9-9134-65e9fc0bb64b.jpg 1280w\" data-sizes=\"(max-width: 1024px) 100vw, 1024px\" src=\"data:image\/svg+xml;base64,PHN2ZyB3aWR0aD0iMSIgaGVpZ2h0PSIxIiB4bWxucz0iaHR0cDovL3d3dy53My5vcmcvMjAwMC9zdmciPjwvc3ZnPg==\" style=\"--smush-placeholder-width: 1024px; --smush-placeholder-aspect-ratio: 1024\/576;\" \/><\/a>\n\t\t\t<\/dt><\/dl><br style=\"clear: both\" \/><dl class='gallery-item'>\n\t\t\t<dt class='gallery-icon landscape'>\n\t\t\t\t<a href='https:\/\/obispadodelinares.cl\/ol\/wp-content\/uploads\/2025\/10\/20251018_170254.jpg'><img decoding=\"async\" width=\"457\" height=\"343\" data-src=\"https:\/\/obispadodelinares.cl\/ol\/wp-content\/uploads\/2025\/10\/20251018_170254.jpg\" class=\"attachment-large size-large lazyload\" alt=\"\" data-srcset=\"https:\/\/obispadodelinares.cl\/ol\/wp-content\/uploads\/2025\/10\/20251018_170254.jpg 457w, https:\/\/obispadodelinares.cl\/ol\/wp-content\/uploads\/2025\/10\/20251018_170254-300x225.jpg 300w\" data-sizes=\"(max-width: 457px) 100vw, 457px\" src=\"data:image\/svg+xml;base64,PHN2ZyB3aWR0aD0iMSIgaGVpZ2h0PSIxIiB4bWxucz0iaHR0cDovL3d3dy53My5vcmcvMjAwMC9zdmciPjwvc3ZnPg==\" style=\"--smush-placeholder-width: 457px; --smush-placeholder-aspect-ratio: 457\/343;\" \/><\/a>\n\t\t\t<\/dt><\/dl><dl class='gallery-item'>\n\t\t\t<dt class='gallery-icon landscape'>\n\t\t\t\t<a href='https:\/\/obispadodelinares.cl\/ol\/wp-content\/uploads\/2025\/10\/20251018_174944.jpg'><img decoding=\"async\" width=\"1024\" height=\"768\" data-src=\"https:\/\/obispadodelinares.cl\/ol\/wp-content\/uploads\/2025\/10\/20251018_174944-1024x768.jpg\" class=\"attachment-large size-large lazyload\" alt=\"\" data-srcset=\"https:\/\/obispadodelinares.cl\/ol\/wp-content\/uploads\/2025\/10\/20251018_174944-1024x768.jpg 1024w, https:\/\/obispadodelinares.cl\/ol\/wp-content\/uploads\/2025\/10\/20251018_174944-300x225.jpg 300w, https:\/\/obispadodelinares.cl\/ol\/wp-content\/uploads\/2025\/10\/20251018_174944-768x576.jpg 768w, https:\/\/obispadodelinares.cl\/ol\/wp-content\/uploads\/2025\/10\/20251018_174944.jpg 1159w\" data-sizes=\"(max-width: 1024px) 100vw, 1024px\" src=\"data:image\/svg+xml;base64,PHN2ZyB3aWR0aD0iMSIgaGVpZ2h0PSIxIiB4bWxucz0iaHR0cDovL3d3dy53My5vcmcvMjAwMC9zdmciPjwvc3ZnPg==\" style=\"--smush-placeholder-width: 1024px; --smush-placeholder-aspect-ratio: 1024\/768;\" \/><\/a>\n\t\t\t<\/dt><\/dl><dl class='gallery-item'>\n\t\t\t<dt class='gallery-icon landscape'>\n\t\t\t\t<a href='https:\/\/obispadodelinares.cl\/ol\/wp-content\/uploads\/2025\/10\/20251018_174953.jpg'><img decoding=\"async\" width=\"1024\" height=\"768\" data-src=\"https:\/\/obispadodelinares.cl\/ol\/wp-content\/uploads\/2025\/10\/20251018_174953-1024x768.jpg\" class=\"attachment-large size-large lazyload\" alt=\"\" data-srcset=\"https:\/\/obispadodelinares.cl\/ol\/wp-content\/uploads\/2025\/10\/20251018_174953-1024x768.jpg 1024w, https:\/\/obispadodelinares.cl\/ol\/wp-content\/uploads\/2025\/10\/20251018_174953-300x225.jpg 300w, https:\/\/obispadodelinares.cl\/ol\/wp-content\/uploads\/2025\/10\/20251018_174953-768x576.jpg 768w, https:\/\/obispadodelinares.cl\/ol\/wp-content\/uploads\/2025\/10\/20251018_174953.jpg 1159w\" data-sizes=\"(max-width: 1024px) 100vw, 1024px\" src=\"data:image\/svg+xml;base64,PHN2ZyB3aWR0aD0iMSIgaGVpZ2h0PSIxIiB4bWxucz0iaHR0cDovL3d3dy53My5vcmcvMjAwMC9zdmciPjwvc3ZnPg==\" style=\"--smush-placeholder-width: 1024px; --smush-placeholder-aspect-ratio: 1024\/768;\" \/><\/a>\n\t\t\t<\/dt><\/dl><br style=\"clear: both\" \/>\n\t\t<\/div>\n\n","protected":false},"excerpt":{"rendered":"<p>M\u00e1s de 400 agentes pastorales se reunieron en Linares el 17 y 18 de octubre para vivir la XLV Asamblea Sinodal Diocesana en el marco del A\u00f1o Jubilar, conmemorando cien a\u00f1os de historia y proyectando con esperanza una Iglesia viva, misionera y agradecida. &nbsp; (Cr\u00f3nica del Centenario y la XLV Asamblea Sinodal Diocesana) \u00a0\u201cCien a\u00f1os [&hellip;]<\/p>\n","protected":false},"author":1,"featured_media":21742,"comment_status":"closed","ping_status":"closed","sticky":false,"template":"","format":"standard","meta":{"h5ap_radio_sources":[],"footnotes":""},"categories":[488,291,353,101],"tags":[402],"class_list":["post-21731","post","type-post","status-publish","format-standard","has-post-thumbnail","hentry","category-488","category-diocesana","category-sinodo","category-sinodo-diocesano","tag-asamblea-sinodal"],"_links":{"self":[{"href":"https:\/\/obispadodelinares.cl\/ol\/index.php?rest_route=\/wp\/v2\/posts\/21731","targetHints":{"allow":["GET"]}}],"collection":[{"href":"https:\/\/obispadodelinares.cl\/ol\/index.php?rest_route=\/wp\/v2\/posts"}],"about":[{"href":"https:\/\/obispadodelinares.cl\/ol\/index.php?rest_route=\/wp\/v2\/types\/post"}],"author":[{"embeddable":true,"href":"https:\/\/obispadodelinares.cl\/ol\/index.php?rest_route=\/wp\/v2\/users\/1"}],"replies":[{"embeddable":true,"href":"https:\/\/obispadodelinares.cl\/ol\/index.php?rest_route=%2Fwp%2Fv2%2Fcomments&post=21731"}],"version-history":[{"count":0,"href":"https:\/\/obispadodelinares.cl\/ol\/index.php?rest_route=\/wp\/v2\/posts\/21731\/revisions"}],"wp:featuredmedia":[{"embeddable":true,"href":"https:\/\/obispadodelinares.cl\/ol\/index.php?rest_route=\/wp\/v2\/media\/21742"}],"wp:attachment":[{"href":"https:\/\/obispadodelinares.cl\/ol\/index.php?rest_route=%2Fwp%2Fv2%2Fmedia&parent=21731"}],"wp:term":[{"taxonomy":"category","embeddable":true,"href":"https:\/\/obispadodelinares.cl\/ol\/index.php?rest_route=%2Fwp%2Fv2%2Fcategories&post=21731"},{"taxonomy":"post_tag","embeddable":true,"href":"https:\/\/obispadodelinares.cl\/ol\/index.php?rest_route=%2Fwp%2Fv2%2Ftags&post=21731"}],"curies":[{"name":"wp","href":"https:\/\/api.w.org\/{rel}","templated":true}]}}