{"id":21725,"date":"2025-10-15T12:01:33","date_gmt":"2025-10-15T15:01:33","guid":{"rendered":"https:\/\/obispadodelinares.cl\/ol\/?p=21725"},"modified":"2025-10-18T12:07:34","modified_gmt":"2025-10-18T15:07:34","slug":"reconocimiento-historico-el-congreso-nacional-destaca-la-labor-de-las-siete-diocesis-que-cumplen-100-anos","status":"publish","type":"post","link":"https:\/\/obispadodelinares.cl\/ol\/?p=21725","title":{"rendered":"Reconocimiento hist\u00f3rico:  El Congreso Nacional destaca la labor de las siete Di\u00f3cesis que cumplen 100 a\u00f1os"},"content":{"rendered":"<p><b><i>En una emotiva ceremonia realizada en el Sal\u00f3n de Honor del Congreso Nacional, autoridades civiles y eclesi\u00e1sticas homenajearon el legado pastoral de siete Di\u00f3cesis chilenas que celebran su centenario, 1925 &#8211; 2025.<\/i><\/b><\/p>\n<p><span style=\"font-weight: 400;\">\u00a0<\/span><\/p>\n<p><span style=\"font-weight: 400;\">Este mi\u00e9rcoles 15 de octubre, el Congreso Nacional en Valpara\u00edso fue escenario de un significativo homenaje a las siete Di\u00f3cesis del pa\u00eds que este 2025 celebran 100 a\u00f1os de vida pastoral, entre ellas la Di\u00f3cesis de San Ambrosio de Linares, que conmemora su Centenario bajo el lema \u00abSembrando las semillas del Reino en tierras maulinas\u00bb.<\/span><\/p>\n<p><span style=\"font-weight: 400;\">\u00a0<\/span><\/p>\n<p><span style=\"font-weight: 400;\">La ceremonia fue presidida por el senador Jos\u00e9 Garc\u00eda Ruminot, presidente en ejercicio del Senado, junto a la diputada Ximena Ossand\u00f3n, en representaci\u00f3n de la C\u00e1mara de Diputadas y Diputados. Tambi\u00e9n asistieron el Nuncio Apost\u00f3lico en Chile, Mons. Kurian Mathew Vayalunkal, parlamentarios, obispos y delegaciones de fieles provenientes de las Di\u00f3cesis celebradas.<\/span><\/p>\n<p><span style=\"font-weight: 400;\">\u00a0<\/span><\/p>\n<p><span style=\"font-weight: 400;\">El acto conmemor\u00f3 la creaci\u00f3n de las Di\u00f3cesis de Linares, San Felipe, Valpara\u00edso, Rancagua, Talca, Chill\u00e1n y Temuco, establecidas por el Papa P\u00edo XI el 18 de octubre de 1925, Linares mediante la bula Notabiliter Aucto. Esta reforma eclesial, realizada en el contexto de la separaci\u00f3n entre la Iglesia y el Estado, marc\u00f3 un hito en la organizaci\u00f3n pastoral del pa\u00eds y fortaleci\u00f3 la presencia de la Iglesia en los territorios.<\/span><\/p>\n<p><span style=\"font-weight: 400;\">\u00a0<\/span><\/p>\n<p><span style=\"font-weight: 400;\">Representando a la Di\u00f3cesis de Linares, Monse\u00f1or Tomislav Koljatic recibi\u00f3 medalla y galvano conmemorativos, fue acompa\u00f1ado de una delegaci\u00f3n de 40 personas, que representaban a toda la Di\u00f3cesis, as\u00ed como el compromiso y la identidad de las comunidades del Maule Sur.<\/span><\/p>\n<p><span style=\"font-weight: 400;\">Monse\u00f1or Koljatic, se\u00f1al\u00f3: <\/span><i><span style=\"font-weight: 400;\">\u201cCiertamente este ha sido uno de los puntos m\u00e1s altos en las celebraciones diocesanas del Centenario. Por otro lado, como Di\u00f3cesis hemos sentido el reconocimiento de Chile por este siglo de entrega, servicio y amor preferente por los m\u00e1s necesitados, lo que nos estimula a seguir sirviendo y anunciando la esperanza que Jes\u00fas Resucitado nos regala\u201d.\u00a0<\/span><\/i><\/p>\n<p><span style=\"font-weight: 400;\">\u00a0<\/span><\/p>\n<p><span style=\"font-weight: 400;\">Durante la ceremonia Mons. Vega Velasco, Obispo de Valpara\u00edso, en representaci\u00f3n de las siete Di\u00f3cesis, obsequi\u00f3 una imagen de la Virgen Mar\u00eda a las autoridades legislativas de ambas C\u00e1maras, como signo de comuni\u00f3n entre Iglesia y sociedad. El acto concluy\u00f3 con una presentaci\u00f3n musical del Cuarteto de Solistas de la Orquesta de C\u00e1mara de la PUCV, dando un cierre solemne, art\u00edstico y cultural a esta jornada hist\u00f3rica.<\/span><\/p>\n<p><span style=\"font-weight: 400;\">\u00a0<\/span><\/p>\n\n\t\t<style type=\"text\/css\">\n\t\t\t#gallery-1 {\n\t\t\t\tmargin: auto;\n\t\t\t}\n\t\t\t#gallery-1 .gallery-item {\n\t\t\t\tfloat: left;\n\t\t\t\tmargin-top: 10px;\n\t\t\t\ttext-align: center;\n\t\t\t\twidth: 33%;\n\t\t\t}\n\t\t\t#gallery-1 img {\n\t\t\t\tborder: 2px solid #cfcfcf;\n\t\t\t}\n\t\t\t#gallery-1 .gallery-caption {\n\t\t\t\tmargin-left: 0;\n\t\t\t}\n\t\t\t\/* see gallery_shortcode() in wp-includes\/media.php *\/\n\t\t<\/style>\n\t\t<div id='gallery-1' class='gallery galleryid-21725 gallery-columns-3 gallery-size-large'><dl class='gallery-item'>\n\t\t\t<dt class='gallery-icon landscape'>\n\t\t\t\t<a href='https:\/\/obispadodelinares.cl\/ol\/wp-content\/uploads\/2025\/10\/IMG_4498.jpg'><img fetchpriority=\"high\" decoding=\"async\" width=\"1024\" height=\"683\" src=\"https:\/\/obispadodelinares.cl\/ol\/wp-content\/uploads\/2025\/10\/IMG_4498-1024x683.jpg\" class=\"attachment-large size-large\" alt=\"\" srcset=\"https:\/\/obispadodelinares.cl\/ol\/wp-content\/uploads\/2025\/10\/IMG_4498-1024x683.jpg 1024w, https:\/\/obispadodelinares.cl\/ol\/wp-content\/uploads\/2025\/10\/IMG_4498-300x200.jpg 300w, https:\/\/obispadodelinares.cl\/ol\/wp-content\/uploads\/2025\/10\/IMG_4498-768x512.jpg 768w, https:\/\/obispadodelinares.cl\/ol\/wp-content\/uploads\/2025\/10\/IMG_4498-1536x1024.jpg 1536w, https:\/\/obispadodelinares.cl\/ol\/wp-content\/uploads\/2025\/10\/IMG_4498-2048x1366.jpg 2048w\" sizes=\"(max-width: 1024px) 100vw, 1024px\" \/><\/a>\n\t\t\t<\/dt><\/dl><dl class='gallery-item'>\n\t\t\t<dt class='gallery-icon landscape'>\n\t\t\t\t<a href='https:\/\/obispadodelinares.cl\/ol\/wp-content\/uploads\/2025\/10\/IMG_4336.jpg'><img decoding=\"async\" width=\"1024\" height=\"683\" data-src=\"https:\/\/obispadodelinares.cl\/ol\/wp-content\/uploads\/2025\/10\/IMG_4336-1024x683.jpg\" class=\"attachment-large size-large lazyload\" alt=\"\" data-srcset=\"https:\/\/obispadodelinares.cl\/ol\/wp-content\/uploads\/2025\/10\/IMG_4336-1024x683.jpg 1024w, https:\/\/obispadodelinares.cl\/ol\/wp-content\/uploads\/2025\/10\/IMG_4336-300x200.jpg 300w, https:\/\/obispadodelinares.cl\/ol\/wp-content\/uploads\/2025\/10\/IMG_4336-768x512.jpg 768w, https:\/\/obispadodelinares.cl\/ol\/wp-content\/uploads\/2025\/10\/IMG_4336-1536x1024.jpg 1536w, https:\/\/obispadodelinares.cl\/ol\/wp-content\/uploads\/2025\/10\/IMG_4336-2048x1366.jpg 2048w\" data-sizes=\"(max-width: 1024px) 100vw, 1024px\" src=\"data:image\/svg+xml;base64,PHN2ZyB3aWR0aD0iMSIgaGVpZ2h0PSIxIiB4bWxucz0iaHR0cDovL3d3dy53My5vcmcvMjAwMC9zdmciPjwvc3ZnPg==\" style=\"--smush-placeholder-width: 1024px; --smush-placeholder-aspect-ratio: 1024\/683;\" \/><\/a>\n\t\t\t<\/dt><\/dl><dl class='gallery-item'>\n\t\t\t<dt class='gallery-icon landscape'>\n\t\t\t\t<a href='https:\/\/obispadodelinares.cl\/ol\/wp-content\/uploads\/2025\/10\/IMG_3835.jpg'><img decoding=\"async\" width=\"1024\" height=\"683\" data-src=\"https:\/\/obispadodelinares.cl\/ol\/wp-content\/uploads\/2025\/10\/IMG_3835-1024x683.jpg\" class=\"attachment-large size-large lazyload\" alt=\"\" data-srcset=\"https:\/\/obispadodelinares.cl\/ol\/wp-content\/uploads\/2025\/10\/IMG_3835-1024x683.jpg 1024w, https:\/\/obispadodelinares.cl\/ol\/wp-content\/uploads\/2025\/10\/IMG_3835-300x200.jpg 300w, https:\/\/obispadodelinares.cl\/ol\/wp-content\/uploads\/2025\/10\/IMG_3835-768x512.jpg 768w, https:\/\/obispadodelinares.cl\/ol\/wp-content\/uploads\/2025\/10\/IMG_3835-1536x1024.jpg 1536w, https:\/\/obispadodelinares.cl\/ol\/wp-content\/uploads\/2025\/10\/IMG_3835-2048x1366.jpg 2048w\" data-sizes=\"(max-width: 1024px) 100vw, 1024px\" src=\"data:image\/svg+xml;base64,PHN2ZyB3aWR0aD0iMSIgaGVpZ2h0PSIxIiB4bWxucz0iaHR0cDovL3d3dy53My5vcmcvMjAwMC9zdmciPjwvc3ZnPg==\" style=\"--smush-placeholder-width: 1024px; --smush-placeholder-aspect-ratio: 1024\/683;\" \/><\/a>\n\t\t\t<\/dt><\/dl><br style=\"clear: both\" \/><dl class='gallery-item'>\n\t\t\t<dt class='gallery-icon landscape'>\n\t\t\t\t<a href='https:\/\/obispadodelinares.cl\/ol\/wp-content\/uploads\/2025\/10\/IMG_3730.jpg'><img decoding=\"async\" width=\"1024\" height=\"683\" data-src=\"https:\/\/obispadodelinares.cl\/ol\/wp-content\/uploads\/2025\/10\/IMG_3730-1024x683.jpg\" class=\"attachment-large size-large lazyload\" alt=\"\" data-srcset=\"https:\/\/obispadodelinares.cl\/ol\/wp-content\/uploads\/2025\/10\/IMG_3730-1024x683.jpg 1024w, https:\/\/obispadodelinares.cl\/ol\/wp-content\/uploads\/2025\/10\/IMG_3730-300x200.jpg 300w, https:\/\/obispadodelinares.cl\/ol\/wp-content\/uploads\/2025\/10\/IMG_3730-768x512.jpg 768w, https:\/\/obispadodelinares.cl\/ol\/wp-content\/uploads\/2025\/10\/IMG_3730-1536x1024.jpg 1536w, https:\/\/obispadodelinares.cl\/ol\/wp-content\/uploads\/2025\/10\/IMG_3730-2048x1366.jpg 2048w\" data-sizes=\"(max-width: 1024px) 100vw, 1024px\" src=\"data:image\/svg+xml;base64,PHN2ZyB3aWR0aD0iMSIgaGVpZ2h0PSIxIiB4bWxucz0iaHR0cDovL3d3dy53My5vcmcvMjAwMC9zdmciPjwvc3ZnPg==\" style=\"--smush-placeholder-width: 1024px; --smush-placeholder-aspect-ratio: 1024\/683;\" \/><\/a>\n\t\t\t<\/dt><\/dl>\n\t\t\t<br style='clear: both' \/>\n\t\t<\/div>\n\n","protected":false},"excerpt":{"rendered":"<p>En una emotiva ceremonia realizada en el Sal\u00f3n de Honor del Congreso Nacional, autoridades civiles y eclesi\u00e1sticas homenajearon el legado pastoral de siete Di\u00f3cesis chilenas que celebran su centenario, 1925 &#8211; 2025. \u00a0 Este mi\u00e9rcoles 15 de octubre, el Congreso Nacional en Valpara\u00edso fue escenario de un significativo homenaje a las siete Di\u00f3cesis del pa\u00eds [&hellip;]<\/p>\n","protected":false},"author":1,"featured_media":21727,"comment_status":"closed","ping_status":"closed","sticky":false,"template":"","format":"standard","meta":{"h5ap_radio_sources":[],"footnotes":""},"categories":[488,372],"tags":[487],"class_list":["post-21725","post","type-post","status-publish","format-standard","has-post-thumbnail","hentry","category-488","category-centenario","tag-reconocimiento"],"_links":{"self":[{"href":"https:\/\/obispadodelinares.cl\/ol\/index.php?rest_route=\/wp\/v2\/posts\/21725","targetHints":{"allow":["GET"]}}],"collection":[{"href":"https:\/\/obispadodelinares.cl\/ol\/index.php?rest_route=\/wp\/v2\/posts"}],"about":[{"href":"https:\/\/obispadodelinares.cl\/ol\/index.php?rest_route=\/wp\/v2\/types\/post"}],"author":[{"embeddable":true,"href":"https:\/\/obispadodelinares.cl\/ol\/index.php?rest_route=\/wp\/v2\/users\/1"}],"replies":[{"embeddable":true,"href":"https:\/\/obispadodelinares.cl\/ol\/index.php?rest_route=%2Fwp%2Fv2%2Fcomments&post=21725"}],"version-history":[{"count":0,"href":"https:\/\/obispadodelinares.cl\/ol\/index.php?rest_route=\/wp\/v2\/posts\/21725\/revisions"}],"wp:featuredmedia":[{"embeddable":true,"href":"https:\/\/obispadodelinares.cl\/ol\/index.php?rest_route=\/wp\/v2\/media\/21727"}],"wp:attachment":[{"href":"https:\/\/obispadodelinares.cl\/ol\/index.php?rest_route=%2Fwp%2Fv2%2Fmedia&parent=21725"}],"wp:term":[{"taxonomy":"category","embeddable":true,"href":"https:\/\/obispadodelinares.cl\/ol\/index.php?rest_route=%2Fwp%2Fv2%2Fcategories&post=21725"},{"taxonomy":"post_tag","embeddable":true,"href":"https:\/\/obispadodelinares.cl\/ol\/index.php?rest_route=%2Fwp%2Fv2%2Ftags&post=21725"}],"curies":[{"name":"wp","href":"https:\/\/api.w.org\/{rel}","templated":true}]}}