{"id":21716,"date":"2025-10-18T09:02:37","date_gmt":"2025-10-18T12:02:37","guid":{"rendered":"https:\/\/obispadodelinares.cl\/ol\/?p=21716"},"modified":"2025-10-18T09:12:28","modified_gmt":"2025-10-18T12:12:28","slug":"con-gozo-y-gratitud-inicia-la-xlv-asamblea-sinodal-diocesana-en-linares","status":"publish","type":"post","link":"https:\/\/obispadodelinares.cl\/ol\/?p=21716","title":{"rendered":"Con gozo y gratitud: Inicia la XLV Asamblea Sinodal Diocesana en Linares"},"content":{"rendered":"<p><span style=\"font-weight: 400;\">En el marco del centenario de la Di\u00f3cesis de San Ambrosio de Linares, el viernes 17 de se ha dado inicio a la XLV Asamblea Sinodal Diocesana, una instancia profundamente propia que re\u00fane a m\u00e1s de 400 agentes pastorales provenientes de diversas comunidades, movimientos y servicios. Esta nueva convocatoria sinodal, que se celebra bajo el lema \u00abNosotros somos testigos\u00bb, se desarrolla en un ambiente de alegr\u00eda, esperanza y memoria agradecida por tantos que han sembrado con fidelidad la fe en nuestra tierra.<\/span><\/p>\n<p><span style=\"font-weight: 400;\">La Asamblea se enmarca dentro del a\u00f1o jubilar que hemos vivido con profundo gozo bajo el lema \u00abCien a\u00f1os sembrando las semillas del Reino en tierras maulinas\u00bb, expresi\u00f3n que resume el esp\u00edritu de gratitud, compromiso y renovaci\u00f3n que ha acompa\u00f1ado cada celebraci\u00f3n de este centenario.<\/span><\/p>\n<p><span style=\"font-weight: 400;\">El Colegio San Miguel Arc\u00e1ngel es el lugar de encuentro y anfitri\u00f3n de esta Asamblea, que comenz\u00f3 a las 16:00 hrs. con el registro y la acogida de los participantes. Posteriormente, tras un momento fraterno compartido, el obispo diocesano, Monse\u00f1or Tomislav Koljatic, dio la bienvenida oficial e inaugur\u00f3 formalmente la Asamblea a las 17:30 hrs., marcando as\u00ed el inicio de una nueva etapa de discernimiento comunitario.<\/span><\/p>\n<p><span style=\"font-weight: 400;\">La jornada continu\u00f3 con una profunda Liturgia de la Reconciliaci\u00f3n y un espacio de Adoraci\u00f3n al Sant\u00edsimo, record\u00e1ndonos la centralidad de Cristo en todo nuestro caminar pastoral. Como broche de oro, el d\u00eda concluy\u00f3 con una emotiva Gala L\u00edrica en el Teatro Municipal de Linares, donde la destacada soprano linarense Maxiel Marchant, de reconocida trayectoria nacional e internacional, ofreci\u00f3 una presentaci\u00f3n magistral junto a un Grupo de C\u00e1mara, elevando el esp\u00edritu con la belleza de la m\u00fasica.<\/span><\/p>\n<p><span style=\"font-weight: 400;\">Este inicio de Asamblea, vivido en un clima de j\u00fabilo por los cien a\u00f1os de vida diocesana, renueva nuestro compromiso con la misi\u00f3n evangelizadora y fortalece la comuni\u00f3n entre quienes hoy seguimos escribiendo, con fe y esperanza, la historia de nuestra Iglesia en Linares.<\/span><\/p>\n<p><iframe title=\"Inicio Sinodo 2025\" width=\"422\" height=\"750\" src=\"https:\/\/www.youtube.com\/embed\/t3zWTOHcWa0?feature=oembed\" frameborder=\"0\" allow=\"accelerometer; autoplay; clipboard-write; encrypted-media; gyroscope; picture-in-picture; web-share\" referrerpolicy=\"strict-origin-when-cross-origin\" allowfullscreen><\/iframe><\/p>\n<p>&nbsp;<\/p>\n<p>&nbsp;<\/p>\n<p>&nbsp;<\/p>\n<p><iframe title=\"Sinodo 2025, &quot;Somos Testigos&quot;\" width=\"422\" height=\"750\" src=\"https:\/\/www.youtube.com\/embed\/soA2lURVbq8?feature=oembed\" frameborder=\"0\" allow=\"accelerometer; autoplay; clipboard-write; encrypted-media; gyroscope; picture-in-picture; web-share\" referrerpolicy=\"strict-origin-when-cross-origin\" allowfullscreen><\/iframe><\/p>\n<p>&nbsp;<\/p>\n<p><iframe title=\"&quot;Somos Testigos&quot;\" width=\"500\" height=\"375\" src=\"https:\/\/www.youtube.com\/embed\/53bhomdJCzY?feature=oembed\" frameborder=\"0\" allow=\"accelerometer; autoplay; clipboard-write; encrypted-media; gyroscope; picture-in-picture; web-share\" referrerpolicy=\"strict-origin-when-cross-origin\" allowfullscreen><\/iframe><\/p>\n\n\t\t<style type=\"text\/css\">\n\t\t\t#gallery-1 {\n\t\t\t\tmargin: auto;\n\t\t\t}\n\t\t\t#gallery-1 .gallery-item {\n\t\t\t\tfloat: left;\n\t\t\t\tmargin-top: 10px;\n\t\t\t\ttext-align: center;\n\t\t\t\twidth: 33%;\n\t\t\t}\n\t\t\t#gallery-1 img {\n\t\t\t\tborder: 2px solid #cfcfcf;\n\t\t\t}\n\t\t\t#gallery-1 .gallery-caption {\n\t\t\t\tmargin-left: 0;\n\t\t\t}\n\t\t\t\/* see gallery_shortcode() in wp-includes\/media.php *\/\n\t\t<\/style>\n\t\t<div id='gallery-1' class='gallery galleryid-21716 gallery-columns-3 gallery-size-large'><dl class='gallery-item'>\n\t\t\t<dt class='gallery-icon landscape'>\n\t\t\t\t<a href='https:\/\/obispadodelinares.cl\/ol\/wp-content\/uploads\/2025\/10\/20251017_175734.jpg'><img fetchpriority=\"high\" decoding=\"async\" width=\"1024\" height=\"768\" src=\"https:\/\/obispadodelinares.cl\/ol\/wp-content\/uploads\/2025\/10\/20251017_175734-1024x768.jpg\" class=\"attachment-large size-large\" alt=\"\" srcset=\"https:\/\/obispadodelinares.cl\/ol\/wp-content\/uploads\/2025\/10\/20251017_175734-1024x768.jpg 1024w, https:\/\/obispadodelinares.cl\/ol\/wp-content\/uploads\/2025\/10\/20251017_175734-300x225.jpg 300w, https:\/\/obispadodelinares.cl\/ol\/wp-content\/uploads\/2025\/10\/20251017_175734-768x576.jpg 768w, https:\/\/obispadodelinares.cl\/ol\/wp-content\/uploads\/2025\/10\/20251017_175734.jpg 1159w\" sizes=\"(max-width: 1024px) 100vw, 1024px\" \/><\/a>\n\t\t\t<\/dt><\/dl><dl class='gallery-item'>\n\t\t\t<dt class='gallery-icon landscape'>\n\t\t\t\t<a href='https:\/\/obispadodelinares.cl\/ol\/wp-content\/uploads\/2025\/10\/20251017_174314.jpg'><img decoding=\"async\" width=\"1024\" height=\"768\" data-src=\"https:\/\/obispadodelinares.cl\/ol\/wp-content\/uploads\/2025\/10\/20251017_174314-1024x768.jpg\" class=\"attachment-large size-large lazyload\" alt=\"\" data-srcset=\"https:\/\/obispadodelinares.cl\/ol\/wp-content\/uploads\/2025\/10\/20251017_174314-1024x768.jpg 1024w, https:\/\/obispadodelinares.cl\/ol\/wp-content\/uploads\/2025\/10\/20251017_174314-300x225.jpg 300w, https:\/\/obispadodelinares.cl\/ol\/wp-content\/uploads\/2025\/10\/20251017_174314-768x576.jpg 768w, https:\/\/obispadodelinares.cl\/ol\/wp-content\/uploads\/2025\/10\/20251017_174314.jpg 1159w\" data-sizes=\"(max-width: 1024px) 100vw, 1024px\" src=\"data:image\/svg+xml;base64,PHN2ZyB3aWR0aD0iMSIgaGVpZ2h0PSIxIiB4bWxucz0iaHR0cDovL3d3dy53My5vcmcvMjAwMC9zdmciPjwvc3ZnPg==\" style=\"--smush-placeholder-width: 1024px; --smush-placeholder-aspect-ratio: 1024\/768;\" \/><\/a>\n\t\t\t<\/dt><\/dl><dl class='gallery-item'>\n\t\t\t<dt class='gallery-icon landscape'>\n\t\t\t\t<a href='https:\/\/obispadodelinares.cl\/ol\/wp-content\/uploads\/2025\/10\/20251017_170542.jpg'><img decoding=\"async\" width=\"1024\" height=\"768\" data-src=\"https:\/\/obispadodelinares.cl\/ol\/wp-content\/uploads\/2025\/10\/20251017_170542-1024x768.jpg\" class=\"attachment-large size-large lazyload\" alt=\"\" data-srcset=\"https:\/\/obispadodelinares.cl\/ol\/wp-content\/uploads\/2025\/10\/20251017_170542-1024x768.jpg 1024w, https:\/\/obispadodelinares.cl\/ol\/wp-content\/uploads\/2025\/10\/20251017_170542-300x225.jpg 300w, https:\/\/obispadodelinares.cl\/ol\/wp-content\/uploads\/2025\/10\/20251017_170542-768x576.jpg 768w, https:\/\/obispadodelinares.cl\/ol\/wp-content\/uploads\/2025\/10\/20251017_170542.jpg 1159w\" data-sizes=\"(max-width: 1024px) 100vw, 1024px\" src=\"data:image\/svg+xml;base64,PHN2ZyB3aWR0aD0iMSIgaGVpZ2h0PSIxIiB4bWxucz0iaHR0cDovL3d3dy53My5vcmcvMjAwMC9zdmciPjwvc3ZnPg==\" style=\"--smush-placeholder-width: 1024px; --smush-placeholder-aspect-ratio: 1024\/768;\" \/><\/a>\n\t\t\t<\/dt><\/dl><br style=\"clear: both\" \/><dl class='gallery-item'>\n\t\t\t<dt class='gallery-icon landscape'>\n\t\t\t\t<a href='https:\/\/obispadodelinares.cl\/ol\/wp-content\/uploads\/2025\/10\/20251017_155104.jpg'><img decoding=\"async\" width=\"1024\" height=\"768\" data-src=\"https:\/\/obispadodelinares.cl\/ol\/wp-content\/uploads\/2025\/10\/20251017_155104-1024x768.jpg\" class=\"attachment-large size-large lazyload\" alt=\"\" data-srcset=\"https:\/\/obispadodelinares.cl\/ol\/wp-content\/uploads\/2025\/10\/20251017_155104-1024x768.jpg 1024w, https:\/\/obispadodelinares.cl\/ol\/wp-content\/uploads\/2025\/10\/20251017_155104-300x225.jpg 300w, https:\/\/obispadodelinares.cl\/ol\/wp-content\/uploads\/2025\/10\/20251017_155104-768x576.jpg 768w, https:\/\/obispadodelinares.cl\/ol\/wp-content\/uploads\/2025\/10\/20251017_155104.jpg 1159w\" data-sizes=\"(max-width: 1024px) 100vw, 1024px\" src=\"data:image\/svg+xml;base64,PHN2ZyB3aWR0aD0iMSIgaGVpZ2h0PSIxIiB4bWxucz0iaHR0cDovL3d3dy53My5vcmcvMjAwMC9zdmciPjwvc3ZnPg==\" style=\"--smush-placeholder-width: 1024px; --smush-placeholder-aspect-ratio: 1024\/768;\" \/><\/a>\n\t\t\t<\/dt><\/dl><dl class='gallery-item'>\n\t\t\t<dt class='gallery-icon landscape'>\n\t\t\t\t<a href='https:\/\/obispadodelinares.cl\/ol\/wp-content\/uploads\/2025\/10\/20251017_155038.jpg'><img decoding=\"async\" width=\"1024\" height=\"768\" data-src=\"https:\/\/obispadodelinares.cl\/ol\/wp-content\/uploads\/2025\/10\/20251017_155038-1024x768.jpg\" class=\"attachment-large size-large lazyload\" alt=\"\" data-srcset=\"https:\/\/obispadodelinares.cl\/ol\/wp-content\/uploads\/2025\/10\/20251017_155038-1024x768.jpg 1024w, https:\/\/obispadodelinares.cl\/ol\/wp-content\/uploads\/2025\/10\/20251017_155038-300x225.jpg 300w, https:\/\/obispadodelinares.cl\/ol\/wp-content\/uploads\/2025\/10\/20251017_155038-768x576.jpg 768w, https:\/\/obispadodelinares.cl\/ol\/wp-content\/uploads\/2025\/10\/20251017_155038.jpg 1159w\" data-sizes=\"(max-width: 1024px) 100vw, 1024px\" src=\"data:image\/svg+xml;base64,PHN2ZyB3aWR0aD0iMSIgaGVpZ2h0PSIxIiB4bWxucz0iaHR0cDovL3d3dy53My5vcmcvMjAwMC9zdmciPjwvc3ZnPg==\" style=\"--smush-placeholder-width: 1024px; --smush-placeholder-aspect-ratio: 1024\/768;\" \/><\/a>\n\t\t\t<\/dt><\/dl>\n\t\t\t<br style='clear: both' \/>\n\t\t<\/div>\n\n","protected":false},"excerpt":{"rendered":"<p>En el marco del centenario de la Di\u00f3cesis de San Ambrosio de Linares, el viernes 17 de se ha dado inicio a la XLV Asamblea Sinodal Diocesana, una instancia profundamente propia que re\u00fane a m\u00e1s de 400 agentes pastorales provenientes de diversas comunidades, movimientos y servicios. Esta nueva convocatoria sinodal, que se celebra bajo el [&hellip;]<\/p>\n","protected":false},"author":1,"featured_media":21721,"comment_status":"closed","ping_status":"closed","sticky":false,"template":"","format":"standard","meta":{"h5ap_radio_sources":[],"footnotes":""},"categories":[488,291,353],"tags":[498,304],"class_list":["post-21716","post","type-post","status-publish","format-standard","has-post-thumbnail","hentry","category-488","category-diocesana","category-sinodo","tag-498","tag-sinodo"],"_links":{"self":[{"href":"https:\/\/obispadodelinares.cl\/ol\/index.php?rest_route=\/wp\/v2\/posts\/21716","targetHints":{"allow":["GET"]}}],"collection":[{"href":"https:\/\/obispadodelinares.cl\/ol\/index.php?rest_route=\/wp\/v2\/posts"}],"about":[{"href":"https:\/\/obispadodelinares.cl\/ol\/index.php?rest_route=\/wp\/v2\/types\/post"}],"author":[{"embeddable":true,"href":"https:\/\/obispadodelinares.cl\/ol\/index.php?rest_route=\/wp\/v2\/users\/1"}],"replies":[{"embeddable":true,"href":"https:\/\/obispadodelinares.cl\/ol\/index.php?rest_route=%2Fwp%2Fv2%2Fcomments&post=21716"}],"version-history":[{"count":0,"href":"https:\/\/obispadodelinares.cl\/ol\/index.php?rest_route=\/wp\/v2\/posts\/21716\/revisions"}],"wp:featuredmedia":[{"embeddable":true,"href":"https:\/\/obispadodelinares.cl\/ol\/index.php?rest_route=\/wp\/v2\/media\/21721"}],"wp:attachment":[{"href":"https:\/\/obispadodelinares.cl\/ol\/index.php?rest_route=%2Fwp%2Fv2%2Fmedia&parent=21716"}],"wp:term":[{"taxonomy":"category","embeddable":true,"href":"https:\/\/obispadodelinares.cl\/ol\/index.php?rest_route=%2Fwp%2Fv2%2Fcategories&post=21716"},{"taxonomy":"post_tag","embeddable":true,"href":"https:\/\/obispadodelinares.cl\/ol\/index.php?rest_route=%2Fwp%2Fv2%2Ftags&post=21716"}],"curies":[{"name":"wp","href":"https:\/\/api.w.org\/{rel}","templated":true}]}}