{"id":21703,"date":"2025-10-13T16:53:40","date_gmt":"2025-10-13T19:53:40","guid":{"rendered":"https:\/\/obispadodelinares.cl\/ol\/?p=21703"},"modified":"2025-10-13T16:53:40","modified_gmt":"2025-10-13T19:53:40","slug":"decanato-de-san-javier-culmina-peregrinaciones-jubilares-cruzando-la-puerta-santa","status":"publish","type":"post","link":"https:\/\/obispadodelinares.cl\/ol\/?p=21703","title":{"rendered":"Decanato de San Javier culmina peregrinaciones jubilares cruzando la Puerta Santa"},"content":{"rendered":"<p style=\"font-weight: 400;\"><strong>Comunidades del decanato vivieron una jornada de fe, unidad y esperanza al peregrinar hasta la Catedral de Linares en el marco del A\u00f1o Jubilar y Centenario Diocesano. Con esta significativa celebraci\u00f3n se completan las peregrinaciones de todos los decanatos, fortaleciendo la comuni\u00f3n eclesial en el camino hacia el Jubileo 2025.<\/strong><\/p>\n<p style=\"font-weight: 400;\">Con gran alegr\u00eda y profundo sentido de fe, el pasado 11 de octubre, las comunidades del Decanato de San Javier vivieron una significativa jornada jubilar al peregrinar a la Puerta Santa de la Catedral de Linares, en el marco del A\u00f1o Jubilar y Centenario de la Di\u00f3cesis.<\/p>\n<p style=\"font-weight: 400;\">Esta peregrinaci\u00f3n marca el cierre de las visitas decanales a la Puerta Santa, las cuales ya hab\u00edan sido realizadas por los decanatos de Cauquenes, Constituci\u00f3n, Parral y Linares, convirti\u00e9ndose as\u00ed en una expresi\u00f3n concreta de comuni\u00f3n diocesana y espiritualidad compartida en este tiempo de gracia.<\/p>\n<p style=\"font-weight: 400;\">Desde muy temprano, los peregrinos, provenientes de distintas comunidades parroquiales, se congregaron en el Colegio San Miguel de Linares, punto de partida de la procesi\u00f3n. Participaron activamente las parroquias San Francisco de Huerta de Maule, Nuestra Se\u00f1ora de la Merced, San Juan de Orilla de Maule, San Francisco Javier, junto a la Parroquia Ni\u00f1o Jes\u00fas de Villa Alegre, adem\u00e1s de delegaciones del Liceo Sagrados Corazones y el Liceo Bicentenario San Jos\u00e9.<\/p>\n<p style=\"font-weight: 400;\">Al llegar a la Catedral de Linares, los peregrinos fueron recibidos por el Obispo, quien les invit\u00f3 a cruzar la Puerta Santa, signo visible de la misericordia de Dios, y participaron en la Santa Misa presidida por Monse\u00f1or Tomislav Koljatic, quien invit\u00f3 a todos a renovar su compromiso cristiano y a continuar siendo testigos del Evangelio en sus comunidades.<\/p>\n<p style=\"font-weight: 400;\">Luego de la celebraci\u00f3n eucar\u00edstica, los participantes descendieron a la cripta del templo, donde se detuvieron a orar por el eterno descanso de los obispos fallecidos que sirvieron con fidelidad a la Di\u00f3cesis durante sus 100 a\u00f1os de historia pastoral.<\/p>\n<p style=\"font-weight: 400;\">La jornada concluy\u00f3 con una visita al Monasterio de Dominicas \u201cInmaculada del Maule\u201d, en Yerbas Buenas, donde fueron fraternalmente acogidos por la comunidad religiosa. Sor Sandra, Priora del convento comparti\u00f3 con los peregrinos los aspectos de la vida contemplativa de las seis hermanas que all\u00ed residen, destacando su silencioso y valioso testimonio de oraci\u00f3n y servicio.<\/p>\n<p style=\"font-weight: 400;\">Esta peregrinaci\u00f3n fue vivida como una hermosa manifestaci\u00f3n de fe, unidad y esperanza, dejando en los corazones de los asistentes la alegr\u00eda de ser parte del camino hacia el Jubileo 2025 y la celebraci\u00f3n del centenario diocesano.<\/p>\n\n\t\t<style type=\"text\/css\">\n\t\t\t#gallery-1 {\n\t\t\t\tmargin: auto;\n\t\t\t}\n\t\t\t#gallery-1 .gallery-item {\n\t\t\t\tfloat: left;\n\t\t\t\tmargin-top: 10px;\n\t\t\t\ttext-align: center;\n\t\t\t\twidth: 33%;\n\t\t\t}\n\t\t\t#gallery-1 img {\n\t\t\t\tborder: 2px solid #cfcfcf;\n\t\t\t}\n\t\t\t#gallery-1 .gallery-caption {\n\t\t\t\tmargin-left: 0;\n\t\t\t}\n\t\t\t\/* see gallery_shortcode() in wp-includes\/media.php *\/\n\t\t<\/style>\n\t\t<div id='gallery-1' class='gallery galleryid-21703 gallery-columns-3 gallery-size-large'><dl class='gallery-item'>\n\t\t\t<dt class='gallery-icon landscape'>\n\t\t\t\t<a href='https:\/\/obispadodelinares.cl\/ol\/wp-content\/uploads\/2025\/10\/563616834_1302115361407008_3091938239772331757_n.jpg'><img fetchpriority=\"high\" decoding=\"async\" width=\"1024\" height=\"768\" src=\"https:\/\/obispadodelinares.cl\/ol\/wp-content\/uploads\/2025\/10\/563616834_1302115361407008_3091938239772331757_n-1024x768.jpg\" class=\"attachment-large size-large\" alt=\"\" srcset=\"https:\/\/obispadodelinares.cl\/ol\/wp-content\/uploads\/2025\/10\/563616834_1302115361407008_3091938239772331757_n-1024x768.jpg 1024w, https:\/\/obispadodelinares.cl\/ol\/wp-content\/uploads\/2025\/10\/563616834_1302115361407008_3091938239772331757_n-300x225.jpg 300w, https:\/\/obispadodelinares.cl\/ol\/wp-content\/uploads\/2025\/10\/563616834_1302115361407008_3091938239772331757_n-768x576.jpg 768w, https:\/\/obispadodelinares.cl\/ol\/wp-content\/uploads\/2025\/10\/563616834_1302115361407008_3091938239772331757_n.jpg 1159w\" sizes=\"(max-width: 1024px) 100vw, 1024px\" \/><\/a>\n\t\t\t<\/dt><\/dl><dl class='gallery-item'>\n\t\t\t<dt class='gallery-icon landscape'>\n\t\t\t\t<a href='https:\/\/obispadodelinares.cl\/ol\/wp-content\/uploads\/2025\/10\/562376222_1302114261407118_6393013870905951738_n.jpg'><img decoding=\"async\" width=\"1024\" height=\"768\" data-src=\"https:\/\/obispadodelinares.cl\/ol\/wp-content\/uploads\/2025\/10\/562376222_1302114261407118_6393013870905951738_n-1024x768.jpg\" class=\"attachment-large size-large lazyload\" alt=\"\" data-srcset=\"https:\/\/obispadodelinares.cl\/ol\/wp-content\/uploads\/2025\/10\/562376222_1302114261407118_6393013870905951738_n-1024x768.jpg 1024w, https:\/\/obispadodelinares.cl\/ol\/wp-content\/uploads\/2025\/10\/562376222_1302114261407118_6393013870905951738_n-300x225.jpg 300w, https:\/\/obispadodelinares.cl\/ol\/wp-content\/uploads\/2025\/10\/562376222_1302114261407118_6393013870905951738_n-768x576.jpg 768w, https:\/\/obispadodelinares.cl\/ol\/wp-content\/uploads\/2025\/10\/562376222_1302114261407118_6393013870905951738_n.jpg 1159w\" data-sizes=\"(max-width: 1024px) 100vw, 1024px\" src=\"data:image\/svg+xml;base64,PHN2ZyB3aWR0aD0iMSIgaGVpZ2h0PSIxIiB4bWxucz0iaHR0cDovL3d3dy53My5vcmcvMjAwMC9zdmciPjwvc3ZnPg==\" style=\"--smush-placeholder-width: 1024px; --smush-placeholder-aspect-ratio: 1024\/768;\" \/><\/a>\n\t\t\t<\/dt><\/dl><dl class='gallery-item'>\n\t\t\t<dt class='gallery-icon landscape'>\n\t\t\t\t<a href='https:\/\/obispadodelinares.cl\/ol\/wp-content\/uploads\/2025\/10\/562286808_1302116714740206_6415344886590369086_n.jpg'><img decoding=\"async\" width=\"1024\" height=\"768\" data-src=\"https:\/\/obispadodelinares.cl\/ol\/wp-content\/uploads\/2025\/10\/562286808_1302116714740206_6415344886590369086_n-1024x768.jpg\" class=\"attachment-large size-large lazyload\" alt=\"\" data-srcset=\"https:\/\/obispadodelinares.cl\/ol\/wp-content\/uploads\/2025\/10\/562286808_1302116714740206_6415344886590369086_n-1024x768.jpg 1024w, https:\/\/obispadodelinares.cl\/ol\/wp-content\/uploads\/2025\/10\/562286808_1302116714740206_6415344886590369086_n-300x225.jpg 300w, https:\/\/obispadodelinares.cl\/ol\/wp-content\/uploads\/2025\/10\/562286808_1302116714740206_6415344886590369086_n-768x576.jpg 768w, https:\/\/obispadodelinares.cl\/ol\/wp-content\/uploads\/2025\/10\/562286808_1302116714740206_6415344886590369086_n.jpg 1159w\" data-sizes=\"(max-width: 1024px) 100vw, 1024px\" src=\"data:image\/svg+xml;base64,PHN2ZyB3aWR0aD0iMSIgaGVpZ2h0PSIxIiB4bWxucz0iaHR0cDovL3d3dy53My5vcmcvMjAwMC9zdmciPjwvc3ZnPg==\" style=\"--smush-placeholder-width: 1024px; --smush-placeholder-aspect-ratio: 1024\/768;\" \/><\/a>\n\t\t\t<\/dt><\/dl><br style=\"clear: both\" \/><dl class='gallery-item'>\n\t\t\t<dt class='gallery-icon landscape'>\n\t\t\t\t<a href='https:\/\/obispadodelinares.cl\/ol\/wp-content\/uploads\/2025\/10\/561885050_1302115134740364_7066158610409485288_n.jpg'><img decoding=\"async\" width=\"1024\" height=\"768\" data-src=\"https:\/\/obispadodelinares.cl\/ol\/wp-content\/uploads\/2025\/10\/561885050_1302115134740364_7066158610409485288_n-1024x768.jpg\" class=\"attachment-large size-large lazyload\" alt=\"\" data-srcset=\"https:\/\/obispadodelinares.cl\/ol\/wp-content\/uploads\/2025\/10\/561885050_1302115134740364_7066158610409485288_n-1024x768.jpg 1024w, https:\/\/obispadodelinares.cl\/ol\/wp-content\/uploads\/2025\/10\/561885050_1302115134740364_7066158610409485288_n-300x225.jpg 300w, https:\/\/obispadodelinares.cl\/ol\/wp-content\/uploads\/2025\/10\/561885050_1302115134740364_7066158610409485288_n-768x576.jpg 768w, https:\/\/obispadodelinares.cl\/ol\/wp-content\/uploads\/2025\/10\/561885050_1302115134740364_7066158610409485288_n.jpg 1159w\" data-sizes=\"(max-width: 1024px) 100vw, 1024px\" src=\"data:image\/svg+xml;base64,PHN2ZyB3aWR0aD0iMSIgaGVpZ2h0PSIxIiB4bWxucz0iaHR0cDovL3d3dy53My5vcmcvMjAwMC9zdmciPjwvc3ZnPg==\" style=\"--smush-placeholder-width: 1024px; --smush-placeholder-aspect-ratio: 1024\/768;\" \/><\/a>\n\t\t\t<\/dt><\/dl><dl class='gallery-item'>\n\t\t\t<dt class='gallery-icon landscape'>\n\t\t\t\t<a href='https:\/\/obispadodelinares.cl\/ol\/wp-content\/uploads\/2025\/10\/561802119_1302118738073337_1818175984081563033_n.jpg'><img decoding=\"async\" width=\"1024\" height=\"768\" data-src=\"https:\/\/obispadodelinares.cl\/ol\/wp-content\/uploads\/2025\/10\/561802119_1302118738073337_1818175984081563033_n-1024x768.jpg\" class=\"attachment-large size-large lazyload\" alt=\"\" data-srcset=\"https:\/\/obispadodelinares.cl\/ol\/wp-content\/uploads\/2025\/10\/561802119_1302118738073337_1818175984081563033_n-1024x768.jpg 1024w, https:\/\/obispadodelinares.cl\/ol\/wp-content\/uploads\/2025\/10\/561802119_1302118738073337_1818175984081563033_n-300x225.jpg 300w, https:\/\/obispadodelinares.cl\/ol\/wp-content\/uploads\/2025\/10\/561802119_1302118738073337_1818175984081563033_n-768x576.jpg 768w, https:\/\/obispadodelinares.cl\/ol\/wp-content\/uploads\/2025\/10\/561802119_1302118738073337_1818175984081563033_n.jpg 1159w\" data-sizes=\"(max-width: 1024px) 100vw, 1024px\" src=\"data:image\/svg+xml;base64,PHN2ZyB3aWR0aD0iMSIgaGVpZ2h0PSIxIiB4bWxucz0iaHR0cDovL3d3dy53My5vcmcvMjAwMC9zdmciPjwvc3ZnPg==\" style=\"--smush-placeholder-width: 1024px; --smush-placeholder-aspect-ratio: 1024\/768;\" \/><\/a>\n\t\t\t<\/dt><\/dl><dl class='gallery-item'>\n\t\t\t<dt class='gallery-icon landscape'>\n\t\t\t\t<a href='https:\/\/obispadodelinares.cl\/ol\/wp-content\/uploads\/2025\/10\/561779816_1302118654740012_4415088356891464072_n.jpg'><img decoding=\"async\" width=\"1024\" height=\"768\" data-src=\"https:\/\/obispadodelinares.cl\/ol\/wp-content\/uploads\/2025\/10\/561779816_1302118654740012_4415088356891464072_n-1024x768.jpg\" class=\"attachment-large size-large lazyload\" alt=\"\" data-srcset=\"https:\/\/obispadodelinares.cl\/ol\/wp-content\/uploads\/2025\/10\/561779816_1302118654740012_4415088356891464072_n-1024x768.jpg 1024w, https:\/\/obispadodelinares.cl\/ol\/wp-content\/uploads\/2025\/10\/561779816_1302118654740012_4415088356891464072_n-300x225.jpg 300w, https:\/\/obispadodelinares.cl\/ol\/wp-content\/uploads\/2025\/10\/561779816_1302118654740012_4415088356891464072_n-768x576.jpg 768w, https:\/\/obispadodelinares.cl\/ol\/wp-content\/uploads\/2025\/10\/561779816_1302118654740012_4415088356891464072_n.jpg 1159w\" data-sizes=\"(max-width: 1024px) 100vw, 1024px\" src=\"data:image\/svg+xml;base64,PHN2ZyB3aWR0aD0iMSIgaGVpZ2h0PSIxIiB4bWxucz0iaHR0cDovL3d3dy53My5vcmcvMjAwMC9zdmciPjwvc3ZnPg==\" style=\"--smush-placeholder-width: 1024px; --smush-placeholder-aspect-ratio: 1024\/768;\" \/><\/a>\n\t\t\t<\/dt><\/dl><br style=\"clear: both\" \/><dl class='gallery-item'>\n\t\t\t<dt class='gallery-icon landscape'>\n\t\t\t\t<a href='https:\/\/obispadodelinares.cl\/ol\/wp-content\/uploads\/2025\/10\/561754141_1302117798073431_2837529145614446434_n.jpg'><img decoding=\"async\" width=\"1024\" height=\"768\" data-src=\"https:\/\/obispadodelinares.cl\/ol\/wp-content\/uploads\/2025\/10\/561754141_1302117798073431_2837529145614446434_n-1024x768.jpg\" class=\"attachment-large size-large lazyload\" alt=\"\" data-srcset=\"https:\/\/obispadodelinares.cl\/ol\/wp-content\/uploads\/2025\/10\/561754141_1302117798073431_2837529145614446434_n-1024x768.jpg 1024w, https:\/\/obispadodelinares.cl\/ol\/wp-content\/uploads\/2025\/10\/561754141_1302117798073431_2837529145614446434_n-300x225.jpg 300w, https:\/\/obispadodelinares.cl\/ol\/wp-content\/uploads\/2025\/10\/561754141_1302117798073431_2837529145614446434_n-768x576.jpg 768w, https:\/\/obispadodelinares.cl\/ol\/wp-content\/uploads\/2025\/10\/561754141_1302117798073431_2837529145614446434_n.jpg 1159w\" data-sizes=\"(max-width: 1024px) 100vw, 1024px\" src=\"data:image\/svg+xml;base64,PHN2ZyB3aWR0aD0iMSIgaGVpZ2h0PSIxIiB4bWxucz0iaHR0cDovL3d3dy53My5vcmcvMjAwMC9zdmciPjwvc3ZnPg==\" style=\"--smush-placeholder-width: 1024px; --smush-placeholder-aspect-ratio: 1024\/768;\" \/><\/a>\n\t\t\t<\/dt><\/dl><dl class='gallery-item'>\n\t\t\t<dt class='gallery-icon landscape'>\n\t\t\t\t<a href='https:\/\/obispadodelinares.cl\/ol\/wp-content\/uploads\/2025\/10\/563982827_1302114271407117_8259564270009175613_n.jpg'><img decoding=\"async\" width=\"1024\" height=\"768\" data-src=\"https:\/\/obispadodelinares.cl\/ol\/wp-content\/uploads\/2025\/10\/563982827_1302114271407117_8259564270009175613_n-1024x768.jpg\" class=\"attachment-large size-large lazyload\" alt=\"\" data-srcset=\"https:\/\/obispadodelinares.cl\/ol\/wp-content\/uploads\/2025\/10\/563982827_1302114271407117_8259564270009175613_n-1024x768.jpg 1024w, https:\/\/obispadodelinares.cl\/ol\/wp-content\/uploads\/2025\/10\/563982827_1302114271407117_8259564270009175613_n-300x225.jpg 300w, https:\/\/obispadodelinares.cl\/ol\/wp-content\/uploads\/2025\/10\/563982827_1302114271407117_8259564270009175613_n-768x576.jpg 768w, https:\/\/obispadodelinares.cl\/ol\/wp-content\/uploads\/2025\/10\/563982827_1302114271407117_8259564270009175613_n.jpg 1159w\" data-sizes=\"(max-width: 1024px) 100vw, 1024px\" src=\"data:image\/svg+xml;base64,PHN2ZyB3aWR0aD0iMSIgaGVpZ2h0PSIxIiB4bWxucz0iaHR0cDovL3d3dy53My5vcmcvMjAwMC9zdmciPjwvc3ZnPg==\" style=\"--smush-placeholder-width: 1024px; --smush-placeholder-aspect-ratio: 1024\/768;\" \/><\/a>\n\t\t\t<\/dt><\/dl><dl class='gallery-item'>\n\t\t\t<dt class='gallery-icon landscape'>\n\t\t\t\t<a href='https:\/\/obispadodelinares.cl\/ol\/wp-content\/uploads\/2025\/10\/559099129_1301783398106871_2552365865508331764_n.jpg'><img decoding=\"async\" width=\"385\" height=\"289\" data-src=\"https:\/\/obispadodelinares.cl\/ol\/wp-content\/uploads\/2025\/10\/559099129_1301783398106871_2552365865508331764_n.jpg\" class=\"attachment-large size-large lazyload\" alt=\"\" data-srcset=\"https:\/\/obispadodelinares.cl\/ol\/wp-content\/uploads\/2025\/10\/559099129_1301783398106871_2552365865508331764_n.jpg 385w, https:\/\/obispadodelinares.cl\/ol\/wp-content\/uploads\/2025\/10\/559099129_1301783398106871_2552365865508331764_n-300x225.jpg 300w\" data-sizes=\"(max-width: 385px) 100vw, 385px\" src=\"data:image\/svg+xml;base64,PHN2ZyB3aWR0aD0iMSIgaGVpZ2h0PSIxIiB4bWxucz0iaHR0cDovL3d3dy53My5vcmcvMjAwMC9zdmciPjwvc3ZnPg==\" style=\"--smush-placeholder-width: 385px; --smush-placeholder-aspect-ratio: 385\/289;\" \/><\/a>\n\t\t\t<\/dt><\/dl><br style=\"clear: both\" \/><dl class='gallery-item'>\n\t\t\t<dt class='gallery-icon landscape'>\n\t\t\t\t<a href='https:\/\/obispadodelinares.cl\/ol\/wp-content\/uploads\/2025\/10\/564004898_1302117688073442_3947535839601458820_n.jpg'><img decoding=\"async\" width=\"1024\" height=\"768\" data-src=\"https:\/\/obispadodelinares.cl\/ol\/wp-content\/uploads\/2025\/10\/564004898_1302117688073442_3947535839601458820_n-1024x768.jpg\" class=\"attachment-large size-large lazyload\" alt=\"\" data-srcset=\"https:\/\/obispadodelinares.cl\/ol\/wp-content\/uploads\/2025\/10\/564004898_1302117688073442_3947535839601458820_n-1024x768.jpg 1024w, https:\/\/obispadodelinares.cl\/ol\/wp-content\/uploads\/2025\/10\/564004898_1302117688073442_3947535839601458820_n-300x225.jpg 300w, https:\/\/obispadodelinares.cl\/ol\/wp-content\/uploads\/2025\/10\/564004898_1302117688073442_3947535839601458820_n-768x576.jpg 768w, https:\/\/obispadodelinares.cl\/ol\/wp-content\/uploads\/2025\/10\/564004898_1302117688073442_3947535839601458820_n.jpg 1159w\" data-sizes=\"(max-width: 1024px) 100vw, 1024px\" src=\"data:image\/svg+xml;base64,PHN2ZyB3aWR0aD0iMSIgaGVpZ2h0PSIxIiB4bWxucz0iaHR0cDovL3d3dy53My5vcmcvMjAwMC9zdmciPjwvc3ZnPg==\" style=\"--smush-placeholder-width: 1024px; --smush-placeholder-aspect-ratio: 1024\/768;\" \/><\/a>\n\t\t\t<\/dt><\/dl><dl class='gallery-item'>\n\t\t\t<dt class='gallery-icon landscape'>\n\t\t\t\t<a href='https:\/\/obispadodelinares.cl\/ol\/wp-content\/uploads\/2025\/10\/564600649_1302118624740015_7773252268776838897_n.jpg'><img decoding=\"async\" width=\"1024\" height=\"768\" data-src=\"https:\/\/obispadodelinares.cl\/ol\/wp-content\/uploads\/2025\/10\/564600649_1302118624740015_7773252268776838897_n-1024x768.jpg\" class=\"attachment-large size-large lazyload\" alt=\"\" data-srcset=\"https:\/\/obispadodelinares.cl\/ol\/wp-content\/uploads\/2025\/10\/564600649_1302118624740015_7773252268776838897_n-1024x768.jpg 1024w, https:\/\/obispadodelinares.cl\/ol\/wp-content\/uploads\/2025\/10\/564600649_1302118624740015_7773252268776838897_n-300x225.jpg 300w, https:\/\/obispadodelinares.cl\/ol\/wp-content\/uploads\/2025\/10\/564600649_1302118624740015_7773252268776838897_n-768x576.jpg 768w, https:\/\/obispadodelinares.cl\/ol\/wp-content\/uploads\/2025\/10\/564600649_1302118624740015_7773252268776838897_n.jpg 1159w\" data-sizes=\"(max-width: 1024px) 100vw, 1024px\" src=\"data:image\/svg+xml;base64,PHN2ZyB3aWR0aD0iMSIgaGVpZ2h0PSIxIiB4bWxucz0iaHR0cDovL3d3dy53My5vcmcvMjAwMC9zdmciPjwvc3ZnPg==\" style=\"--smush-placeholder-width: 1024px; --smush-placeholder-aspect-ratio: 1024\/768;\" \/><\/a>\n\t\t\t<\/dt><\/dl>\n\t\t\t<br style='clear: both' \/>\n\t\t<\/div>\n\n","protected":false},"excerpt":{"rendered":"<p>Comunidades del decanato vivieron una jornada de fe, unidad y esperanza al peregrinar hasta la Catedral de Linares en el marco del A\u00f1o Jubilar y Centenario Diocesano. Con esta significativa celebraci\u00f3n se completan las peregrinaciones de todos los decanatos, fortaleciendo la comuni\u00f3n eclesial en el camino hacia el Jubileo 2025. Con gran alegr\u00eda y profundo [&hellip;]<\/p>\n","protected":false},"author":1,"featured_media":21706,"comment_status":"closed","ping_status":"closed","sticky":false,"template":"","format":"standard","meta":{"h5ap_radio_sources":[],"footnotes":""},"categories":[488,291],"tags":[492],"class_list":["post-21703","post","type-post","status-publish","format-standard","has-post-thumbnail","hentry","category-488","category-diocesana","tag-jubileo"],"_links":{"self":[{"href":"https:\/\/obispadodelinares.cl\/ol\/index.php?rest_route=\/wp\/v2\/posts\/21703","targetHints":{"allow":["GET"]}}],"collection":[{"href":"https:\/\/obispadodelinares.cl\/ol\/index.php?rest_route=\/wp\/v2\/posts"}],"about":[{"href":"https:\/\/obispadodelinares.cl\/ol\/index.php?rest_route=\/wp\/v2\/types\/post"}],"author":[{"embeddable":true,"href":"https:\/\/obispadodelinares.cl\/ol\/index.php?rest_route=\/wp\/v2\/users\/1"}],"replies":[{"embeddable":true,"href":"https:\/\/obispadodelinares.cl\/ol\/index.php?rest_route=%2Fwp%2Fv2%2Fcomments&post=21703"}],"version-history":[{"count":0,"href":"https:\/\/obispadodelinares.cl\/ol\/index.php?rest_route=\/wp\/v2\/posts\/21703\/revisions"}],"wp:featuredmedia":[{"embeddable":true,"href":"https:\/\/obispadodelinares.cl\/ol\/index.php?rest_route=\/wp\/v2\/media\/21706"}],"wp:attachment":[{"href":"https:\/\/obispadodelinares.cl\/ol\/index.php?rest_route=%2Fwp%2Fv2%2Fmedia&parent=21703"}],"wp:term":[{"taxonomy":"category","embeddable":true,"href":"https:\/\/obispadodelinares.cl\/ol\/index.php?rest_route=%2Fwp%2Fv2%2Fcategories&post=21703"},{"taxonomy":"post_tag","embeddable":true,"href":"https:\/\/obispadodelinares.cl\/ol\/index.php?rest_route=%2Fwp%2Fv2%2Ftags&post=21703"}],"curies":[{"name":"wp","href":"https:\/\/api.w.org\/{rel}","templated":true}]}}