{"id":21630,"date":"2025-09-25T20:37:53","date_gmt":"2025-09-25T23:37:53","guid":{"rendered":"https:\/\/obispadodelinares.cl\/ol\/?p=21630"},"modified":"2025-09-25T20:37:53","modified_gmt":"2025-09-25T23:37:53","slug":"la-imagen-de-la-virgen-del-rosario-volvio-a-su-casa-en-sauzal","status":"publish","type":"post","link":"https:\/\/obispadodelinares.cl\/ol\/?p=21630","title":{"rendered":"La imagen de la Virgen del Rosario volvi\u00f3 a su casa en Sauzal"},"content":{"rendered":"<p><b><i>Con emoci\u00f3n, fe y l\u00e1grimas en los ojos, la comunidad sauzalina en el secano interior de Cauquenes, recibi\u00f3 la imagen de su Madre la Virgen del Rosario, restaurada en el Centro Nacional de Conservaci\u00f3n y Restauraci\u00f3n (CNCR).<\/i><\/b><\/p>\n<p><span style=\"font-weight: 400;\">El cielo de Sauzal pareci\u00f3 iluminarse especialmente este mi\u00e9rcoles 24 de septiembre, cuando la querida imagen de la Virgen del Rosario volvi\u00f3 a su casa, tras casi nueve meses de restauraci\u00f3n. Y no regres\u00f3 sola: fue recibida con j\u00fabilo por una gran cantidad de vecinos que la esperaban en la Plaza del Pueblo, entre aplausos, c\u00e1nticos\u2026 y m\u00e1s de alguna l\u00e1grima emocionada.<\/span><\/p>\n<p><span style=\"font-weight: 400;\">Fue un reencuentro profundo, lleno de historia, devoci\u00f3n y tradici\u00f3n. La imagen restaurada \u2014representaci\u00f3n centenaria y entra\u00f1able de Nuestra Se\u00f1ora del Rosario\u2014 regres\u00f3 al coraz\u00f3n de la localidad de San Luis Gonzaga de Sauzal, donde la comunidad, con expectaci\u00f3n, la esperaban con los brazos abiertos. La celebraci\u00f3n incluy\u00f3 una Eucarist\u00eda de bienvenida presidida por el P. Jos\u00e9 Ulloa, p\u00e1rroco y principal impulsor de este proceso, y culmin\u00f3 con un alegre compartir comunitario que sell\u00f3 esta jornada de gracia y alegr\u00eda.<\/span><\/p>\n<p><span style=\"font-weight: 400;\">Este emotivo acontecimiento se da en el marco de las celebraciones por el Centenario de la Di\u00f3cesis de Linares, y marca un hito tanto espiritual como patrimonial. La imagen \u2014de madera policromada, con el Ni\u00f1o Jes\u00fas en brazos y coronas de pata sobre ambos\u2014 fue llevada el pasado 13 de enero al Centro Nacional de Conservaci\u00f3n y Restauraci\u00f3n (CNCR), donde un equipo de 22 profesionales se aboc\u00f3 con esmero, delicadeza y respeto a su restauraci\u00f3n.<\/span><\/p>\n<p><span style=\"font-weight: 400;\">El proceso contempl\u00f3 intervenciones m\u00ednimas, respetuosas del original y profundamente informadas gracias a estudios cient\u00edficos (estratigraf\u00edas, FTIR y XRF), que permitieron una puesta en valor que no s\u00f3lo conserv\u00f3 la belleza f\u00edsica de la imagen, sino tambi\u00e9n su esencia espiritual.<\/span><\/p>\n<p><span style=\"font-weight: 400;\">Adem\u00e1s, este trabajo fue vivido como una experiencia formativa para la comunidad, generando conciencia sobre la importancia de preservar el patrimonio religioso y cultural, tan vital en la identidad de nuestros pueblos.<\/span><\/p>\n<p><span style=\"font-weight: 400;\">La restauraci\u00f3n devuelve a los fieles no s\u00f3lo una escultura bellamente recuperada, sino un s\u00edmbolo cargado de memorias, plegarias y promesas. Esta imagen ha sido testigo silencioso de generaciones de devoci\u00f3n, procesiones, favores pedidos y tambi\u00e9n momentos de dolor, como lo fue su exposici\u00f3n tras el devastador terremoto del 27\/F., cuando la parroquia fue totalmente destruida.<\/span><\/p>\n<p><span style=\"font-weight: 400;\">El retorno de la Virgen se da justo en la antesala de la Fiesta de la Virgen del Rosario, que se celebrar\u00e1 el s\u00e1bado 11 de octubre con novenas, misas, procesi\u00f3n y expresiones de fe popular como el homenaje del Club de Huasos y los muchos sauzalinos que para esta fiesta tambi\u00e9n retornan a la casa donde dieron sus primeros pasos.<\/span><\/p>\n<p><span style=\"font-weight: 400;\">Desde la Parroquia, la comunidad cristiana, agradeci\u00f3 profundamente al Equipo del Obispado de Linares que apoyaron y acompa\u00f1aron al p\u00e1rroco en esta gesti\u00f3n desde sus inicios y a los profesionales del Centro Nacional de Conservaci\u00f3n y Restauraci\u00f3n por su labor, y a toda la comunidad que con fe, oraci\u00f3n y paciencia acompa\u00f1aron la espera.<\/span><\/p>\n<p><span style=\"font-weight: 400;\">Hoy, la imagen de la Virgen del Rosario volvi\u00f3 a su casa. Y con ella, retorna tambi\u00e9n una parte esencial del alma de Sauzal, que renace para la Fiesta de su Virgencita del Rosario, por eso, se invita a toda la comunidad a participar con renovada devoci\u00f3n en las celebraciones que vienen, cuidando con amor esta imagen que sigue siendo faro de fe, esperanza y unidad para todos.\u00a0<\/span><\/p>\n\n\t\t<style type=\"text\/css\">\n\t\t\t#gallery-1 {\n\t\t\t\tmargin: auto;\n\t\t\t}\n\t\t\t#gallery-1 .gallery-item {\n\t\t\t\tfloat: left;\n\t\t\t\tmargin-top: 10px;\n\t\t\t\ttext-align: center;\n\t\t\t\twidth: 33%;\n\t\t\t}\n\t\t\t#gallery-1 img {\n\t\t\t\tborder: 2px solid #cfcfcf;\n\t\t\t}\n\t\t\t#gallery-1 .gallery-caption {\n\t\t\t\tmargin-left: 0;\n\t\t\t}\n\t\t\t\/* see gallery_shortcode() in wp-includes\/media.php *\/\n\t\t<\/style>\n\t\t<div id='gallery-1' class='gallery galleryid-21630 gallery-columns-3 gallery-size-large'><dl class='gallery-item'>\n\t\t\t<dt class='gallery-icon landscape'>\n\t\t\t\t<a href='https:\/\/obispadodelinares.cl\/ol\/wp-content\/uploads\/2025\/09\/e36866f9-ce95-4dd3-8f1d-10d6cc3c2d87.jpg'><img fetchpriority=\"high\" decoding=\"async\" width=\"1024\" height=\"768\" src=\"https:\/\/obispadodelinares.cl\/ol\/wp-content\/uploads\/2025\/09\/e36866f9-ce95-4dd3-8f1d-10d6cc3c2d87-1024x768.jpg\" class=\"attachment-large size-large\" alt=\"\" srcset=\"https:\/\/obispadodelinares.cl\/ol\/wp-content\/uploads\/2025\/09\/e36866f9-ce95-4dd3-8f1d-10d6cc3c2d87-1024x768.jpg 1024w, https:\/\/obispadodelinares.cl\/ol\/wp-content\/uploads\/2025\/09\/e36866f9-ce95-4dd3-8f1d-10d6cc3c2d87-300x225.jpg 300w, https:\/\/obispadodelinares.cl\/ol\/wp-content\/uploads\/2025\/09\/e36866f9-ce95-4dd3-8f1d-10d6cc3c2d87-768x576.jpg 768w, https:\/\/obispadodelinares.cl\/ol\/wp-content\/uploads\/2025\/09\/e36866f9-ce95-4dd3-8f1d-10d6cc3c2d87-1536x1152.jpg 1536w, https:\/\/obispadodelinares.cl\/ol\/wp-content\/uploads\/2025\/09\/e36866f9-ce95-4dd3-8f1d-10d6cc3c2d87.jpg 1600w\" sizes=\"(max-width: 1024px) 100vw, 1024px\" \/><\/a>\n\t\t\t<\/dt><\/dl><dl class='gallery-item'>\n\t\t\t<dt class='gallery-icon landscape'>\n\t\t\t\t<a href='https:\/\/obispadodelinares.cl\/ol\/wp-content\/uploads\/2025\/09\/c943581d-142f-408b-98fe-5ddc48f8ae7f.jpg'><img decoding=\"async\" width=\"1024\" height=\"768\" data-src=\"https:\/\/obispadodelinares.cl\/ol\/wp-content\/uploads\/2025\/09\/c943581d-142f-408b-98fe-5ddc48f8ae7f-1024x768.jpg\" class=\"attachment-large size-large lazyload\" alt=\"\" data-srcset=\"https:\/\/obispadodelinares.cl\/ol\/wp-content\/uploads\/2025\/09\/c943581d-142f-408b-98fe-5ddc48f8ae7f-1024x768.jpg 1024w, https:\/\/obispadodelinares.cl\/ol\/wp-content\/uploads\/2025\/09\/c943581d-142f-408b-98fe-5ddc48f8ae7f-300x225.jpg 300w, https:\/\/obispadodelinares.cl\/ol\/wp-content\/uploads\/2025\/09\/c943581d-142f-408b-98fe-5ddc48f8ae7f-768x576.jpg 768w, https:\/\/obispadodelinares.cl\/ol\/wp-content\/uploads\/2025\/09\/c943581d-142f-408b-98fe-5ddc48f8ae7f-1536x1152.jpg 1536w, https:\/\/obispadodelinares.cl\/ol\/wp-content\/uploads\/2025\/09\/c943581d-142f-408b-98fe-5ddc48f8ae7f.jpg 1600w\" data-sizes=\"(max-width: 1024px) 100vw, 1024px\" src=\"data:image\/svg+xml;base64,PHN2ZyB3aWR0aD0iMSIgaGVpZ2h0PSIxIiB4bWxucz0iaHR0cDovL3d3dy53My5vcmcvMjAwMC9zdmciPjwvc3ZnPg==\" style=\"--smush-placeholder-width: 1024px; --smush-placeholder-aspect-ratio: 1024\/768;\" \/><\/a>\n\t\t\t<\/dt><\/dl><dl class='gallery-item'>\n\t\t\t<dt class='gallery-icon landscape'>\n\t\t\t\t<a href='https:\/\/obispadodelinares.cl\/ol\/wp-content\/uploads\/2025\/09\/c5642b83-d029-468c-90c6-b94fb812643c.jpg'><img decoding=\"async\" width=\"1024\" height=\"461\" data-src=\"https:\/\/obispadodelinares.cl\/ol\/wp-content\/uploads\/2025\/09\/c5642b83-d029-468c-90c6-b94fb812643c-1024x461.jpg\" class=\"attachment-large size-large lazyload\" alt=\"\" data-srcset=\"https:\/\/obispadodelinares.cl\/ol\/wp-content\/uploads\/2025\/09\/c5642b83-d029-468c-90c6-b94fb812643c-1024x461.jpg 1024w, https:\/\/obispadodelinares.cl\/ol\/wp-content\/uploads\/2025\/09\/c5642b83-d029-468c-90c6-b94fb812643c-300x135.jpg 300w, https:\/\/obispadodelinares.cl\/ol\/wp-content\/uploads\/2025\/09\/c5642b83-d029-468c-90c6-b94fb812643c-768x346.jpg 768w, https:\/\/obispadodelinares.cl\/ol\/wp-content\/uploads\/2025\/09\/c5642b83-d029-468c-90c6-b94fb812643c.jpg 1280w\" data-sizes=\"(max-width: 1024px) 100vw, 1024px\" src=\"data:image\/svg+xml;base64,PHN2ZyB3aWR0aD0iMSIgaGVpZ2h0PSIxIiB4bWxucz0iaHR0cDovL3d3dy53My5vcmcvMjAwMC9zdmciPjwvc3ZnPg==\" style=\"--smush-placeholder-width: 1024px; --smush-placeholder-aspect-ratio: 1024\/461;\" \/><\/a>\n\t\t\t<\/dt><\/dl><br style=\"clear: both\" \/><dl class='gallery-item'>\n\t\t\t<dt class='gallery-icon landscape'>\n\t\t\t\t<a href='https:\/\/obispadodelinares.cl\/ol\/wp-content\/uploads\/2025\/09\/859fef02-b75a-4bc3-a105-c9e381ad3e09.jpg'><img decoding=\"async\" width=\"1024\" height=\"461\" data-src=\"https:\/\/obispadodelinares.cl\/ol\/wp-content\/uploads\/2025\/09\/859fef02-b75a-4bc3-a105-c9e381ad3e09-1024x461.jpg\" class=\"attachment-large size-large lazyload\" alt=\"\" data-srcset=\"https:\/\/obispadodelinares.cl\/ol\/wp-content\/uploads\/2025\/09\/859fef02-b75a-4bc3-a105-c9e381ad3e09-1024x461.jpg 1024w, https:\/\/obispadodelinares.cl\/ol\/wp-content\/uploads\/2025\/09\/859fef02-b75a-4bc3-a105-c9e381ad3e09-300x135.jpg 300w, https:\/\/obispadodelinares.cl\/ol\/wp-content\/uploads\/2025\/09\/859fef02-b75a-4bc3-a105-c9e381ad3e09-768x346.jpg 768w, https:\/\/obispadodelinares.cl\/ol\/wp-content\/uploads\/2025\/09\/859fef02-b75a-4bc3-a105-c9e381ad3e09.jpg 1280w\" data-sizes=\"(max-width: 1024px) 100vw, 1024px\" src=\"data:image\/svg+xml;base64,PHN2ZyB3aWR0aD0iMSIgaGVpZ2h0PSIxIiB4bWxucz0iaHR0cDovL3d3dy53My5vcmcvMjAwMC9zdmciPjwvc3ZnPg==\" style=\"--smush-placeholder-width: 1024px; --smush-placeholder-aspect-ratio: 1024\/461;\" \/><\/a>\n\t\t\t<\/dt><\/dl>\n\t\t\t<br style='clear: both' \/>\n\t\t<\/div>\n\n","protected":false},"excerpt":{"rendered":"<p>Con emoci\u00f3n, fe y l\u00e1grimas en los ojos, la comunidad sauzalina en el secano interior de Cauquenes, recibi\u00f3 la imagen de su Madre la Virgen del Rosario, restaurada en el Centro Nacional de Conservaci\u00f3n y Restauraci\u00f3n (CNCR). El cielo de Sauzal pareci\u00f3 iluminarse especialmente este mi\u00e9rcoles 24 de septiembre, cuando la querida imagen de la [&hellip;]<\/p>\n","protected":false},"author":1,"featured_media":21631,"comment_status":"closed","ping_status":"closed","sticky":false,"template":"","format":"standard","meta":{"h5ap_radio_sources":[],"footnotes":""},"categories":[488,372],"tags":[497],"class_list":["post-21630","post","type-post","status-publish","format-standard","has-post-thumbnail","hentry","category-488","category-centenario","tag-patrimonio"],"_links":{"self":[{"href":"https:\/\/obispadodelinares.cl\/ol\/index.php?rest_route=\/wp\/v2\/posts\/21630","targetHints":{"allow":["GET"]}}],"collection":[{"href":"https:\/\/obispadodelinares.cl\/ol\/index.php?rest_route=\/wp\/v2\/posts"}],"about":[{"href":"https:\/\/obispadodelinares.cl\/ol\/index.php?rest_route=\/wp\/v2\/types\/post"}],"author":[{"embeddable":true,"href":"https:\/\/obispadodelinares.cl\/ol\/index.php?rest_route=\/wp\/v2\/users\/1"}],"replies":[{"embeddable":true,"href":"https:\/\/obispadodelinares.cl\/ol\/index.php?rest_route=%2Fwp%2Fv2%2Fcomments&post=21630"}],"version-history":[{"count":0,"href":"https:\/\/obispadodelinares.cl\/ol\/index.php?rest_route=\/wp\/v2\/posts\/21630\/revisions"}],"wp:featuredmedia":[{"embeddable":true,"href":"https:\/\/obispadodelinares.cl\/ol\/index.php?rest_route=\/wp\/v2\/media\/21631"}],"wp:attachment":[{"href":"https:\/\/obispadodelinares.cl\/ol\/index.php?rest_route=%2Fwp%2Fv2%2Fmedia&parent=21630"}],"wp:term":[{"taxonomy":"category","embeddable":true,"href":"https:\/\/obispadodelinares.cl\/ol\/index.php?rest_route=%2Fwp%2Fv2%2Fcategories&post=21630"},{"taxonomy":"post_tag","embeddable":true,"href":"https:\/\/obispadodelinares.cl\/ol\/index.php?rest_route=%2Fwp%2Fv2%2Ftags&post=21630"}],"curies":[{"name":"wp","href":"https:\/\/api.w.org\/{rel}","templated":true}]}}