{"id":21607,"date":"2025-09-15T20:06:15","date_gmt":"2025-09-15T23:06:15","guid":{"rendered":"https:\/\/obispadodelinares.cl\/ol\/?p=21607"},"modified":"2025-09-15T21:50:54","modified_gmt":"2025-09-16T00:50:54","slug":"peregrinos-de-esperanza-el-decanato-de-parral-cruzo-la-puerta-santa-en-linares","status":"publish","type":"post","link":"https:\/\/obispadodelinares.cl\/ol\/?p=21607","title":{"rendered":"Peregrinos de esperanza:  El Decanato de Parral cruz\u00f3 la Puerta Santa en Linares"},"content":{"rendered":"<p style=\"font-weight: 400;\">Pese a la lluvia, el viento y el intenso fr\u00edo matinal del s\u00e1bado 13 de septiembre, cientos de peregrinos del Decanato de Parral \u2014provenientes de las parroquias y comunidades de Parral, Retiro, Longav\u00ed y Los Cuarteles\u2014 llegaron con alegr\u00eda y esperanza hasta la Catedral de Linares para cruzar la Puerta Santa, como parte del camino jubilar por el Centenario de la Di\u00f3cesis, tal como ya lo han hechos los Decanatos de Cauquenes y Constituci\u00f3n.<\/p>\n<p style=\"font-weight: 400;\">Desde muy temprano, las delegaciones comenzaron a llegar, dando vida a una jornada marcada por la oraci\u00f3n, la comuni\u00f3n eclesial y la participaci\u00f3n activa de los fieles. Uno de los momentos m\u00e1s significativos fue la gran acogida al sacramento de la reconciliaci\u00f3n: gracias a la presencia de ocho sacerdotes y el Obispo, disponibles para la confesi\u00f3n, numerosos peregrinos pudieron renovar su coraz\u00f3n y abrirse a la gracia de Dios, en un ambiente de recogimiento y misericordia, cumpliendo as\u00ed con otra de las acciones para obtener la indulgencia plenaria.<\/p>\n<p style=\"font-weight: 400;\">La Santa Misa fue presidida por nuestro Mons. Tomislav Koljatic, quien en su homil\u00eda destac\u00f3:\u00a0<em>\u201cHan venido como peregrinos de esperanza. Con su caminar testimonian su fe y su amor a Dios.\u201d<\/em><\/p>\n<p style=\"font-weight: 400;\">En el ofertorio, adem\u00e1s de Pan y el Vino, se presentaron signos profundamente representativos de la vida pastoral, educativa y comunitaria del Decanato: alimentos t\u00edpicos, proyectos sociales, y materiales pastorales. De forma especial, los estudiantes de los Colegios Providencia ofrecieron un libro con respuestas a las preguntas de Pablo Neruda, como un delicado y valiente gesto que refleja la sensibilidad cultural que est\u00e1 despertando en el coraz\u00f3n de estos j\u00f3venes.<\/p>\n<p style=\"font-weight: 400;\">La participaci\u00f3n juvenil fue especialmente destacada, la presencia de tantos j\u00f3venes de las distintas parroquias anim\u00f3 la jornada con entusiasmo, alegr\u00eda y compromiso, dejando ver que la Iglesia joven est\u00e1, despierta, viva y en camino. El ambiente estaba impregnado de una alegr\u00eda contagiosa, signo claro de una comunidad que se sabe amada, convocada y enviada.<\/p>\n<p style=\"font-weight: 400;\">La liturgia fue embellecida por el coro de Longav\u00ed, que con gran calidad musical y profunda espiritualidad acompa\u00f1\u00f3 el canto y la oraci\u00f3n del pueblo peregrino.<\/p>\n<p style=\"font-weight: 400;\">Al concluir la celebraci\u00f3n, el Obispo guio a los asistentes en un recorrido hist\u00f3rico por la Catedral, resaltando su valor espiritual, patrimonial y simb\u00f3lico para la vida de toda la Di\u00f3cesis.<\/p>\n<p style=\"font-weight: 400;\">Este encuentro se suma a los ya realizados por los Decanatos de Cauquenes y Constituci\u00f3n, reafirmando que nuestra Iglesia diocesana camina unida, con fe, alegr\u00eda y esperanza, al encuentro del Se\u00f1or, celebrando con gratitud estos 100 a\u00f1os de historia evangelizadora.<\/p>\n<p style=\"font-weight: 400;\"><em>\u201cHermanos, hemos peregrinado, hemos celebrado, y ahora somos enviados como disc\u00edpulos misioneros, vamos con la bendici\u00f3n que hemos recibido.\u201d\u00a0<\/em><\/p>\n<p>&nbsp;<\/p>\n\n\t\t<style type=\"text\/css\">\n\t\t\t#gallery-1 {\n\t\t\t\tmargin: auto;\n\t\t\t}\n\t\t\t#gallery-1 .gallery-item {\n\t\t\t\tfloat: left;\n\t\t\t\tmargin-top: 10px;\n\t\t\t\ttext-align: center;\n\t\t\t\twidth: 33%;\n\t\t\t}\n\t\t\t#gallery-1 img {\n\t\t\t\tborder: 2px solid #cfcfcf;\n\t\t\t}\n\t\t\t#gallery-1 .gallery-caption {\n\t\t\t\tmargin-left: 0;\n\t\t\t}\n\t\t\t\/* see gallery_shortcode() in wp-includes\/media.php *\/\n\t\t<\/style>\n\t\t<div id='gallery-1' class='gallery galleryid-21607 gallery-columns-3 gallery-size-large'><dl class='gallery-item'>\n\t\t\t<dt class='gallery-icon landscape'>\n\t\t\t\t<a href='https:\/\/obispadodelinares.cl\/ol\/wp-content\/uploads\/2025\/09\/IMG_2557.jpg'><img fetchpriority=\"high\" decoding=\"async\" width=\"1024\" height=\"682\" src=\"https:\/\/obispadodelinares.cl\/ol\/wp-content\/uploads\/2025\/09\/IMG_2557-1024x682.jpg\" class=\"attachment-large size-large\" alt=\"\" srcset=\"https:\/\/obispadodelinares.cl\/ol\/wp-content\/uploads\/2025\/09\/IMG_2557-1024x682.jpg 1024w, https:\/\/obispadodelinares.cl\/ol\/wp-content\/uploads\/2025\/09\/IMG_2557-300x200.jpg 300w, https:\/\/obispadodelinares.cl\/ol\/wp-content\/uploads\/2025\/09\/IMG_2557-768x512.jpg 768w, https:\/\/obispadodelinares.cl\/ol\/wp-content\/uploads\/2025\/09\/IMG_2557.jpg 1304w\" sizes=\"(max-width: 1024px) 100vw, 1024px\" \/><\/a>\n\t\t\t<\/dt><\/dl><dl class='gallery-item'>\n\t\t\t<dt class='gallery-icon landscape'>\n\t\t\t\t<a href='https:\/\/obispadodelinares.cl\/ol\/wp-content\/uploads\/2025\/09\/IMG_2543.jpg'><img decoding=\"async\" width=\"1024\" height=\"682\" data-src=\"https:\/\/obispadodelinares.cl\/ol\/wp-content\/uploads\/2025\/09\/IMG_2543-1024x682.jpg\" class=\"attachment-large size-large lazyload\" alt=\"\" data-srcset=\"https:\/\/obispadodelinares.cl\/ol\/wp-content\/uploads\/2025\/09\/IMG_2543-1024x682.jpg 1024w, https:\/\/obispadodelinares.cl\/ol\/wp-content\/uploads\/2025\/09\/IMG_2543-300x200.jpg 300w, https:\/\/obispadodelinares.cl\/ol\/wp-content\/uploads\/2025\/09\/IMG_2543-768x512.jpg 768w, https:\/\/obispadodelinares.cl\/ol\/wp-content\/uploads\/2025\/09\/IMG_2543.jpg 1304w\" data-sizes=\"(max-width: 1024px) 100vw, 1024px\" src=\"data:image\/svg+xml;base64,PHN2ZyB3aWR0aD0iMSIgaGVpZ2h0PSIxIiB4bWxucz0iaHR0cDovL3d3dy53My5vcmcvMjAwMC9zdmciPjwvc3ZnPg==\" style=\"--smush-placeholder-width: 1024px; --smush-placeholder-aspect-ratio: 1024\/682;\" \/><\/a>\n\t\t\t<\/dt><\/dl><dl class='gallery-item'>\n\t\t\t<dt class='gallery-icon landscape'>\n\t\t\t\t<a href='https:\/\/obispadodelinares.cl\/ol\/wp-content\/uploads\/2025\/09\/IMG_2537.jpg'><img decoding=\"async\" width=\"1024\" height=\"682\" data-src=\"https:\/\/obispadodelinares.cl\/ol\/wp-content\/uploads\/2025\/09\/IMG_2537-1024x682.jpg\" class=\"attachment-large size-large lazyload\" alt=\"\" data-srcset=\"https:\/\/obispadodelinares.cl\/ol\/wp-content\/uploads\/2025\/09\/IMG_2537-1024x682.jpg 1024w, https:\/\/obispadodelinares.cl\/ol\/wp-content\/uploads\/2025\/09\/IMG_2537-300x200.jpg 300w, https:\/\/obispadodelinares.cl\/ol\/wp-content\/uploads\/2025\/09\/IMG_2537-768x512.jpg 768w, https:\/\/obispadodelinares.cl\/ol\/wp-content\/uploads\/2025\/09\/IMG_2537.jpg 1304w\" data-sizes=\"(max-width: 1024px) 100vw, 1024px\" src=\"data:image\/svg+xml;base64,PHN2ZyB3aWR0aD0iMSIgaGVpZ2h0PSIxIiB4bWxucz0iaHR0cDovL3d3dy53My5vcmcvMjAwMC9zdmciPjwvc3ZnPg==\" style=\"--smush-placeholder-width: 1024px; --smush-placeholder-aspect-ratio: 1024\/682;\" \/><\/a>\n\t\t\t<\/dt><\/dl><br style=\"clear: both\" \/><dl class='gallery-item'>\n\t\t\t<dt class='gallery-icon landscape'>\n\t\t\t\t<a href='https:\/\/obispadodelinares.cl\/ol\/wp-content\/uploads\/2025\/09\/20250913_121118-2.jpg'><img decoding=\"async\" width=\"718\" height=\"404\" data-src=\"https:\/\/obispadodelinares.cl\/ol\/wp-content\/uploads\/2025\/09\/20250913_121118-2.jpg\" class=\"attachment-large size-large lazyload\" alt=\"\" data-srcset=\"https:\/\/obispadodelinares.cl\/ol\/wp-content\/uploads\/2025\/09\/20250913_121118-2.jpg 718w, https:\/\/obispadodelinares.cl\/ol\/wp-content\/uploads\/2025\/09\/20250913_121118-2-300x169.jpg 300w\" data-sizes=\"(max-width: 718px) 100vw, 718px\" src=\"data:image\/svg+xml;base64,PHN2ZyB3aWR0aD0iMSIgaGVpZ2h0PSIxIiB4bWxucz0iaHR0cDovL3d3dy53My5vcmcvMjAwMC9zdmciPjwvc3ZnPg==\" style=\"--smush-placeholder-width: 718px; --smush-placeholder-aspect-ratio: 718\/404;\" \/><\/a>\n\t\t\t<\/dt><\/dl><dl class='gallery-item'>\n\t\t\t<dt class='gallery-icon landscape'>\n\t\t\t\t<a href='https:\/\/obispadodelinares.cl\/ol\/wp-content\/uploads\/2025\/09\/20250913_120629.jpg'><img decoding=\"async\" width=\"1024\" height=\"768\" data-src=\"https:\/\/obispadodelinares.cl\/ol\/wp-content\/uploads\/2025\/09\/20250913_120629-1024x768.jpg\" class=\"attachment-large size-large lazyload\" alt=\"\" data-srcset=\"https:\/\/obispadodelinares.cl\/ol\/wp-content\/uploads\/2025\/09\/20250913_120629-1024x768.jpg 1024w, https:\/\/obispadodelinares.cl\/ol\/wp-content\/uploads\/2025\/09\/20250913_120629-300x225.jpg 300w, https:\/\/obispadodelinares.cl\/ol\/wp-content\/uploads\/2025\/09\/20250913_120629-768x576.jpg 768w, https:\/\/obispadodelinares.cl\/ol\/wp-content\/uploads\/2025\/09\/20250913_120629.jpg 1159w\" data-sizes=\"(max-width: 1024px) 100vw, 1024px\" src=\"data:image\/svg+xml;base64,PHN2ZyB3aWR0aD0iMSIgaGVpZ2h0PSIxIiB4bWxucz0iaHR0cDovL3d3dy53My5vcmcvMjAwMC9zdmciPjwvc3ZnPg==\" style=\"--smush-placeholder-width: 1024px; --smush-placeholder-aspect-ratio: 1024\/768;\" \/><\/a>\n\t\t\t<\/dt><\/dl><dl class='gallery-item'>\n\t\t\t<dt class='gallery-icon landscape'>\n\t\t\t\t<a href='https:\/\/obispadodelinares.cl\/ol\/wp-content\/uploads\/2025\/09\/20250913_115844.jpg'><img decoding=\"async\" width=\"1024\" height=\"768\" data-src=\"https:\/\/obispadodelinares.cl\/ol\/wp-content\/uploads\/2025\/09\/20250913_115844-1024x768.jpg\" class=\"attachment-large size-large lazyload\" alt=\"\" data-srcset=\"https:\/\/obispadodelinares.cl\/ol\/wp-content\/uploads\/2025\/09\/20250913_115844-1024x768.jpg 1024w, https:\/\/obispadodelinares.cl\/ol\/wp-content\/uploads\/2025\/09\/20250913_115844-300x225.jpg 300w, https:\/\/obispadodelinares.cl\/ol\/wp-content\/uploads\/2025\/09\/20250913_115844-768x576.jpg 768w, https:\/\/obispadodelinares.cl\/ol\/wp-content\/uploads\/2025\/09\/20250913_115844.jpg 1159w\" data-sizes=\"(max-width: 1024px) 100vw, 1024px\" src=\"data:image\/svg+xml;base64,PHN2ZyB3aWR0aD0iMSIgaGVpZ2h0PSIxIiB4bWxucz0iaHR0cDovL3d3dy53My5vcmcvMjAwMC9zdmciPjwvc3ZnPg==\" style=\"--smush-placeholder-width: 1024px; --smush-placeholder-aspect-ratio: 1024\/768;\" \/><\/a>\n\t\t\t<\/dt><\/dl><br style=\"clear: both\" \/><dl class='gallery-item'>\n\t\t\t<dt class='gallery-icon landscape'>\n\t\t\t\t<a href='https:\/\/obispadodelinares.cl\/ol\/wp-content\/uploads\/2025\/09\/20250913_110450.jpg'><img decoding=\"async\" width=\"572\" height=\"322\" data-src=\"https:\/\/obispadodelinares.cl\/ol\/wp-content\/uploads\/2025\/09\/20250913_110450.jpg\" class=\"attachment-large size-large lazyload\" alt=\"\" data-srcset=\"https:\/\/obispadodelinares.cl\/ol\/wp-content\/uploads\/2025\/09\/20250913_110450.jpg 572w, https:\/\/obispadodelinares.cl\/ol\/wp-content\/uploads\/2025\/09\/20250913_110450-300x169.jpg 300w\" data-sizes=\"(max-width: 572px) 100vw, 572px\" src=\"data:image\/svg+xml;base64,PHN2ZyB3aWR0aD0iMSIgaGVpZ2h0PSIxIiB4bWxucz0iaHR0cDovL3d3dy53My5vcmcvMjAwMC9zdmciPjwvc3ZnPg==\" style=\"--smush-placeholder-width: 572px; --smush-placeholder-aspect-ratio: 572\/322;\" \/><\/a>\n\t\t\t<\/dt><\/dl><dl class='gallery-item'>\n\t\t\t<dt class='gallery-icon landscape'>\n\t\t\t\t<a href='https:\/\/obispadodelinares.cl\/ol\/wp-content\/uploads\/2025\/09\/20250913_105646.jpg'><img decoding=\"async\" width=\"495\" height=\"371\" data-src=\"https:\/\/obispadodelinares.cl\/ol\/wp-content\/uploads\/2025\/09\/20250913_105646.jpg\" class=\"attachment-large size-large lazyload\" alt=\"\" data-srcset=\"https:\/\/obispadodelinares.cl\/ol\/wp-content\/uploads\/2025\/09\/20250913_105646.jpg 495w, https:\/\/obispadodelinares.cl\/ol\/wp-content\/uploads\/2025\/09\/20250913_105646-300x225.jpg 300w\" data-sizes=\"(max-width: 495px) 100vw, 495px\" src=\"data:image\/svg+xml;base64,PHN2ZyB3aWR0aD0iMSIgaGVpZ2h0PSIxIiB4bWxucz0iaHR0cDovL3d3dy53My5vcmcvMjAwMC9zdmciPjwvc3ZnPg==\" style=\"--smush-placeholder-width: 495px; --smush-placeholder-aspect-ratio: 495\/371;\" \/><\/a>\n\t\t\t<\/dt><\/dl><dl class='gallery-item'>\n\t\t\t<dt class='gallery-icon landscape'>\n\t\t\t\t<a href='https:\/\/obispadodelinares.cl\/ol\/wp-content\/uploads\/2025\/09\/20250913_104638.jpg'><img decoding=\"async\" width=\"1024\" height=\"768\" data-src=\"https:\/\/obispadodelinares.cl\/ol\/wp-content\/uploads\/2025\/09\/20250913_104638-1024x768.jpg\" class=\"attachment-large size-large lazyload\" alt=\"\" data-srcset=\"https:\/\/obispadodelinares.cl\/ol\/wp-content\/uploads\/2025\/09\/20250913_104638-1024x768.jpg 1024w, https:\/\/obispadodelinares.cl\/ol\/wp-content\/uploads\/2025\/09\/20250913_104638-300x225.jpg 300w, https:\/\/obispadodelinares.cl\/ol\/wp-content\/uploads\/2025\/09\/20250913_104638-768x576.jpg 768w, https:\/\/obispadodelinares.cl\/ol\/wp-content\/uploads\/2025\/09\/20250913_104638.jpg 1159w\" data-sizes=\"(max-width: 1024px) 100vw, 1024px\" src=\"data:image\/svg+xml;base64,PHN2ZyB3aWR0aD0iMSIgaGVpZ2h0PSIxIiB4bWxucz0iaHR0cDovL3d3dy53My5vcmcvMjAwMC9zdmciPjwvc3ZnPg==\" style=\"--smush-placeholder-width: 1024px; --smush-placeholder-aspect-ratio: 1024\/768;\" \/><\/a>\n\t\t\t<\/dt><\/dl><br style=\"clear: both\" \/><dl class='gallery-item'>\n\t\t\t<dt class='gallery-icon landscape'>\n\t\t\t\t<a href='https:\/\/obispadodelinares.cl\/ol\/wp-content\/uploads\/2025\/09\/IMG_2572.jpg'><img decoding=\"async\" width=\"1024\" height=\"682\" data-src=\"https:\/\/obispadodelinares.cl\/ol\/wp-content\/uploads\/2025\/09\/IMG_2572-1024x682.jpg\" class=\"attachment-large size-large lazyload\" alt=\"\" data-srcset=\"https:\/\/obispadodelinares.cl\/ol\/wp-content\/uploads\/2025\/09\/IMG_2572-1024x682.jpg 1024w, https:\/\/obispadodelinares.cl\/ol\/wp-content\/uploads\/2025\/09\/IMG_2572-300x200.jpg 300w, https:\/\/obispadodelinares.cl\/ol\/wp-content\/uploads\/2025\/09\/IMG_2572-768x512.jpg 768w, https:\/\/obispadodelinares.cl\/ol\/wp-content\/uploads\/2025\/09\/IMG_2572.jpg 1304w\" data-sizes=\"(max-width: 1024px) 100vw, 1024px\" src=\"data:image\/svg+xml;base64,PHN2ZyB3aWR0aD0iMSIgaGVpZ2h0PSIxIiB4bWxucz0iaHR0cDovL3d3dy53My5vcmcvMjAwMC9zdmciPjwvc3ZnPg==\" style=\"--smush-placeholder-width: 1024px; --smush-placeholder-aspect-ratio: 1024\/682;\" \/><\/a>\n\t\t\t<\/dt><\/dl><dl class='gallery-item'>\n\t\t\t<dt class='gallery-icon landscape'>\n\t\t\t\t<a href='https:\/\/obispadodelinares.cl\/ol\/wp-content\/uploads\/2025\/09\/IMG_2581.jpg'><img decoding=\"async\" width=\"1024\" height=\"682\" data-src=\"https:\/\/obispadodelinares.cl\/ol\/wp-content\/uploads\/2025\/09\/IMG_2581-1024x682.jpg\" class=\"attachment-large size-large lazyload\" alt=\"\" data-srcset=\"https:\/\/obispadodelinares.cl\/ol\/wp-content\/uploads\/2025\/09\/IMG_2581-1024x682.jpg 1024w, https:\/\/obispadodelinares.cl\/ol\/wp-content\/uploads\/2025\/09\/IMG_2581-300x200.jpg 300w, https:\/\/obispadodelinares.cl\/ol\/wp-content\/uploads\/2025\/09\/IMG_2581-768x512.jpg 768w, https:\/\/obispadodelinares.cl\/ol\/wp-content\/uploads\/2025\/09\/IMG_2581.jpg 1304w\" data-sizes=\"(max-width: 1024px) 100vw, 1024px\" src=\"data:image\/svg+xml;base64,PHN2ZyB3aWR0aD0iMSIgaGVpZ2h0PSIxIiB4bWxucz0iaHR0cDovL3d3dy53My5vcmcvMjAwMC9zdmciPjwvc3ZnPg==\" style=\"--smush-placeholder-width: 1024px; --smush-placeholder-aspect-ratio: 1024\/682;\" \/><\/a>\n\t\t\t<\/dt><\/dl><dl class='gallery-item'>\n\t\t\t<dt class='gallery-icon landscape'>\n\t\t\t\t<a href='https:\/\/obispadodelinares.cl\/ol\/wp-content\/uploads\/2025\/09\/IMG_2589.jpg'><img decoding=\"async\" width=\"1024\" height=\"682\" data-src=\"https:\/\/obispadodelinares.cl\/ol\/wp-content\/uploads\/2025\/09\/IMG_2589-1024x682.jpg\" class=\"attachment-large size-large lazyload\" alt=\"\" data-srcset=\"https:\/\/obispadodelinares.cl\/ol\/wp-content\/uploads\/2025\/09\/IMG_2589-1024x682.jpg 1024w, https:\/\/obispadodelinares.cl\/ol\/wp-content\/uploads\/2025\/09\/IMG_2589-300x200.jpg 300w, https:\/\/obispadodelinares.cl\/ol\/wp-content\/uploads\/2025\/09\/IMG_2589-768x512.jpg 768w, https:\/\/obispadodelinares.cl\/ol\/wp-content\/uploads\/2025\/09\/IMG_2589.jpg 1304w\" data-sizes=\"(max-width: 1024px) 100vw, 1024px\" src=\"data:image\/svg+xml;base64,PHN2ZyB3aWR0aD0iMSIgaGVpZ2h0PSIxIiB4bWxucz0iaHR0cDovL3d3dy53My5vcmcvMjAwMC9zdmciPjwvc3ZnPg==\" style=\"--smush-placeholder-width: 1024px; --smush-placeholder-aspect-ratio: 1024\/682;\" \/><\/a>\n\t\t\t<\/dt><\/dl><br style=\"clear: both\" \/><dl class='gallery-item'>\n\t\t\t<dt class='gallery-icon landscape'>\n\t\t\t\t<a href='https:\/\/obispadodelinares.cl\/ol\/wp-content\/uploads\/2025\/09\/IMG_2593.jpg'><img decoding=\"async\" width=\"1024\" height=\"682\" data-src=\"https:\/\/obispadodelinares.cl\/ol\/wp-content\/uploads\/2025\/09\/IMG_2593-1024x682.jpg\" class=\"attachment-large size-large lazyload\" alt=\"\" data-srcset=\"https:\/\/obispadodelinares.cl\/ol\/wp-content\/uploads\/2025\/09\/IMG_2593-1024x682.jpg 1024w, https:\/\/obispadodelinares.cl\/ol\/wp-content\/uploads\/2025\/09\/IMG_2593-300x200.jpg 300w, https:\/\/obispadodelinares.cl\/ol\/wp-content\/uploads\/2025\/09\/IMG_2593-768x512.jpg 768w, https:\/\/obispadodelinares.cl\/ol\/wp-content\/uploads\/2025\/09\/IMG_2593.jpg 1304w\" data-sizes=\"(max-width: 1024px) 100vw, 1024px\" src=\"data:image\/svg+xml;base64,PHN2ZyB3aWR0aD0iMSIgaGVpZ2h0PSIxIiB4bWxucz0iaHR0cDovL3d3dy53My5vcmcvMjAwMC9zdmciPjwvc3ZnPg==\" style=\"--smush-placeholder-width: 1024px; --smush-placeholder-aspect-ratio: 1024\/682;\" \/><\/a>\n\t\t\t<\/dt><\/dl>\n\t\t\t<br style='clear: both' \/>\n\t\t<\/div>\n\n","protected":false},"excerpt":{"rendered":"<p>Pese a la lluvia, el viento y el intenso fr\u00edo matinal del s\u00e1bado 13 de septiembre, cientos de peregrinos del Decanato de Parral \u2014provenientes de las parroquias y comunidades de Parral, Retiro, Longav\u00ed y Los Cuarteles\u2014 llegaron con alegr\u00eda y esperanza hasta la Catedral de Linares para cruzar la Puerta Santa, como parte del camino [&hellip;]<\/p>\n","protected":false},"author":1,"featured_media":21610,"comment_status":"closed","ping_status":"closed","sticky":false,"template":"","format":"standard","meta":{"h5ap_radio_sources":[],"footnotes":""},"categories":[488,372],"tags":[496,477,409],"class_list":["post-21607","post","type-post","status-publish","format-standard","has-post-thumbnail","hentry","category-488","category-centenario","tag-decanato-parral","tag-jubileo-2025","tag-peregrinacion"],"_links":{"self":[{"href":"https:\/\/obispadodelinares.cl\/ol\/index.php?rest_route=\/wp\/v2\/posts\/21607","targetHints":{"allow":["GET"]}}],"collection":[{"href":"https:\/\/obispadodelinares.cl\/ol\/index.php?rest_route=\/wp\/v2\/posts"}],"about":[{"href":"https:\/\/obispadodelinares.cl\/ol\/index.php?rest_route=\/wp\/v2\/types\/post"}],"author":[{"embeddable":true,"href":"https:\/\/obispadodelinares.cl\/ol\/index.php?rest_route=\/wp\/v2\/users\/1"}],"replies":[{"embeddable":true,"href":"https:\/\/obispadodelinares.cl\/ol\/index.php?rest_route=%2Fwp%2Fv2%2Fcomments&post=21607"}],"version-history":[{"count":0,"href":"https:\/\/obispadodelinares.cl\/ol\/index.php?rest_route=\/wp\/v2\/posts\/21607\/revisions"}],"wp:featuredmedia":[{"embeddable":true,"href":"https:\/\/obispadodelinares.cl\/ol\/index.php?rest_route=\/wp\/v2\/media\/21610"}],"wp:attachment":[{"href":"https:\/\/obispadodelinares.cl\/ol\/index.php?rest_route=%2Fwp%2Fv2%2Fmedia&parent=21607"}],"wp:term":[{"taxonomy":"category","embeddable":true,"href":"https:\/\/obispadodelinares.cl\/ol\/index.php?rest_route=%2Fwp%2Fv2%2Fcategories&post=21607"},{"taxonomy":"post_tag","embeddable":true,"href":"https:\/\/obispadodelinares.cl\/ol\/index.php?rest_route=%2Fwp%2Fv2%2Ftags&post=21607"}],"curies":[{"name":"wp","href":"https:\/\/api.w.org\/{rel}","templated":true}]}}