{"id":21599,"date":"2025-09-15T20:30:40","date_gmt":"2025-09-15T23:30:40","guid":{"rendered":"https:\/\/obispadodelinares.cl\/ol\/?p=21599"},"modified":"2025-09-15T20:35:28","modified_gmt":"2025-09-15T23:35:28","slug":"solemne-te-deum-y-misa-de-accion-de-gracias-por-la-patria-en-la-catedral-de-linares","status":"publish","type":"post","link":"https:\/\/obispadodelinares.cl\/ol\/?p=21599","title":{"rendered":"Solemne Te Deum y Misa de Acci\u00f3n de Gracias por la Patria en la Catedral de Linares"},"content":{"rendered":"<p>Con una amplia participaci\u00f3n de la comunidad y autoridades, este domingo 14 de septiembre, en la Iglesia Catedral de Linares, el Obispo Mons. Tomislav Koljatic presidi\u00f3 la Eucarist\u00eda y el Te Deum de Fiestas Patrias, una tradici\u00f3n nacional que se remonta a 1811 y que expresa gratitud a Dios por los dones recibidos como naci\u00f3n.<br \/>\nLa solemne Misa y c\u00e1ntico del Te Deum cont\u00f3 con la presencia de la Delegada Presidencial Aly Valderrama, el Alcalde de Linares, representantes del Senado, concejales, miembros de las Fuerzas Armadas y de Orden, Carabineros, PDI, delegaciones del mundo educativo, social y comunitario, como Cruz Roja, C\u00e1mara de Comercio, Rotary Club, entre otros. Al finalizar, el esp\u00edritu chileno se hizo presente con una muestra de cueca en el atrio del templo.<br \/>\nEn su homil\u00eda, el Obispo record\u00f3 el origen de esta tradici\u00f3n, instaurada por Jos\u00e9 Miguel Carrera como un acto solemne de gratitud y compromiso con la Patria, y destac\u00f3 que este a\u00f1o se conmemora tambi\u00e9n el centenario de la Di\u00f3cesis de Linares, junto a otras seis di\u00f3cesis del pa\u00eds.<br \/>\nMons. Koljatic subray\u00f3 que, como lo dijera Mons. Crecente Err\u00e1zuriz, Arzobispo de Santiago en 1925 \u201caunque la Iglesia y el Estado est\u00e9n separados, la Iglesia nunca se separar\u00e1 del pueblo chileno\u00bb, reafirmando su misi\u00f3n de acompa\u00f1ar, servir y orar por todos, especialmente por nuestras autoridades, para que Dios les conceda sabidur\u00eda, prudencia y amor al servicio.<br \/>\nEste Te Deum fue un momento de reflexi\u00f3n, unidad y esperanza, en que como Iglesia y comunidad reafirmamos nuestro compromiso de construir una sociedad m\u00e1s justa, fraterna y en paz, bajo la mirada amorosa\u00a0de\u00a0Dios.<\/p>\n<p>&nbsp;<\/p>\n\n\t\t<style type=\"text\/css\">\n\t\t\t#gallery-1 {\n\t\t\t\tmargin: auto;\n\t\t\t}\n\t\t\t#gallery-1 .gallery-item {\n\t\t\t\tfloat: left;\n\t\t\t\tmargin-top: 10px;\n\t\t\t\ttext-align: center;\n\t\t\t\twidth: 33%;\n\t\t\t}\n\t\t\t#gallery-1 img {\n\t\t\t\tborder: 2px solid #cfcfcf;\n\t\t\t}\n\t\t\t#gallery-1 .gallery-caption {\n\t\t\t\tmargin-left: 0;\n\t\t\t}\n\t\t\t\/* see gallery_shortcode() in wp-includes\/media.php *\/\n\t\t<\/style>\n\t\t<div id='gallery-1' class='gallery galleryid-21599 gallery-columns-3 gallery-size-large'><dl class='gallery-item'>\n\t\t\t<dt class='gallery-icon landscape'>\n\t\t\t\t<a href='https:\/\/obispadodelinares.cl\/ol\/wp-content\/uploads\/2025\/09\/Imagen-de-WhatsApp-2025-09-15-a-las-15.08.03_e2fd20d2.jpg'><img fetchpriority=\"high\" decoding=\"async\" width=\"1024\" height=\"768\" src=\"https:\/\/obispadodelinares.cl\/ol\/wp-content\/uploads\/2025\/09\/Imagen-de-WhatsApp-2025-09-15-a-las-15.08.03_e2fd20d2-1024x768.jpg\" class=\"attachment-large size-large\" alt=\"\" srcset=\"https:\/\/obispadodelinares.cl\/ol\/wp-content\/uploads\/2025\/09\/Imagen-de-WhatsApp-2025-09-15-a-las-15.08.03_e2fd20d2-1024x768.jpg 1024w, https:\/\/obispadodelinares.cl\/ol\/wp-content\/uploads\/2025\/09\/Imagen-de-WhatsApp-2025-09-15-a-las-15.08.03_e2fd20d2-300x225.jpg 300w, https:\/\/obispadodelinares.cl\/ol\/wp-content\/uploads\/2025\/09\/Imagen-de-WhatsApp-2025-09-15-a-las-15.08.03_e2fd20d2-768x576.jpg 768w, https:\/\/obispadodelinares.cl\/ol\/wp-content\/uploads\/2025\/09\/Imagen-de-WhatsApp-2025-09-15-a-las-15.08.03_e2fd20d2.jpg 1440w\" sizes=\"(max-width: 1024px) 100vw, 1024px\" \/><\/a>\n\t\t\t<\/dt><\/dl><dl class='gallery-item'>\n\t\t\t<dt class='gallery-icon landscape'>\n\t\t\t\t<a href='https:\/\/obispadodelinares.cl\/ol\/wp-content\/uploads\/2025\/09\/Imagen-de-WhatsApp-2025-09-15-a-las-15.08.03_da6b0228.jpg'><img decoding=\"async\" width=\"1024\" height=\"768\" data-src=\"https:\/\/obispadodelinares.cl\/ol\/wp-content\/uploads\/2025\/09\/Imagen-de-WhatsApp-2025-09-15-a-las-15.08.03_da6b0228-1024x768.jpg\" class=\"attachment-large size-large lazyload\" alt=\"\" data-srcset=\"https:\/\/obispadodelinares.cl\/ol\/wp-content\/uploads\/2025\/09\/Imagen-de-WhatsApp-2025-09-15-a-las-15.08.03_da6b0228-1024x768.jpg 1024w, https:\/\/obispadodelinares.cl\/ol\/wp-content\/uploads\/2025\/09\/Imagen-de-WhatsApp-2025-09-15-a-las-15.08.03_da6b0228-300x225.jpg 300w, https:\/\/obispadodelinares.cl\/ol\/wp-content\/uploads\/2025\/09\/Imagen-de-WhatsApp-2025-09-15-a-las-15.08.03_da6b0228-768x576.jpg 768w, https:\/\/obispadodelinares.cl\/ol\/wp-content\/uploads\/2025\/09\/Imagen-de-WhatsApp-2025-09-15-a-las-15.08.03_da6b0228.jpg 1440w\" data-sizes=\"(max-width: 1024px) 100vw, 1024px\" src=\"data:image\/svg+xml;base64,PHN2ZyB3aWR0aD0iMSIgaGVpZ2h0PSIxIiB4bWxucz0iaHR0cDovL3d3dy53My5vcmcvMjAwMC9zdmciPjwvc3ZnPg==\" style=\"--smush-placeholder-width: 1024px; --smush-placeholder-aspect-ratio: 1024\/768;\" \/><\/a>\n\t\t\t<\/dt><\/dl><dl class='gallery-item'>\n\t\t\t<dt class='gallery-icon landscape'>\n\t\t\t\t<a href='https:\/\/obispadodelinares.cl\/ol\/wp-content\/uploads\/2025\/09\/Imagen-de-WhatsApp-2025-09-15-a-las-15.08.03_d594284d.jpg'><img decoding=\"async\" width=\"1024\" height=\"576\" data-src=\"https:\/\/obispadodelinares.cl\/ol\/wp-content\/uploads\/2025\/09\/Imagen-de-WhatsApp-2025-09-15-a-las-15.08.03_d594284d-1024x576.jpg\" class=\"attachment-large size-large lazyload\" alt=\"\" data-srcset=\"https:\/\/obispadodelinares.cl\/ol\/wp-content\/uploads\/2025\/09\/Imagen-de-WhatsApp-2025-09-15-a-las-15.08.03_d594284d-1024x576.jpg 1024w, https:\/\/obispadodelinares.cl\/ol\/wp-content\/uploads\/2025\/09\/Imagen-de-WhatsApp-2025-09-15-a-las-15.08.03_d594284d-300x169.jpg 300w, https:\/\/obispadodelinares.cl\/ol\/wp-content\/uploads\/2025\/09\/Imagen-de-WhatsApp-2025-09-15-a-las-15.08.03_d594284d-768x432.jpg 768w, https:\/\/obispadodelinares.cl\/ol\/wp-content\/uploads\/2025\/09\/Imagen-de-WhatsApp-2025-09-15-a-las-15.08.03_d594284d-1536x864.jpg 1536w, https:\/\/obispadodelinares.cl\/ol\/wp-content\/uploads\/2025\/09\/Imagen-de-WhatsApp-2025-09-15-a-las-15.08.03_d594284d.jpg 1600w\" data-sizes=\"(max-width: 1024px) 100vw, 1024px\" src=\"data:image\/svg+xml;base64,PHN2ZyB3aWR0aD0iMSIgaGVpZ2h0PSIxIiB4bWxucz0iaHR0cDovL3d3dy53My5vcmcvMjAwMC9zdmciPjwvc3ZnPg==\" style=\"--smush-placeholder-width: 1024px; --smush-placeholder-aspect-ratio: 1024\/576;\" \/><\/a>\n\t\t\t<\/dt><\/dl><br style=\"clear: both\" \/><dl class='gallery-item'>\n\t\t\t<dt class='gallery-icon landscape'>\n\t\t\t\t<a href='https:\/\/obispadodelinares.cl\/ol\/wp-content\/uploads\/2025\/09\/Imagen-de-WhatsApp-2025-09-15-a-las-15.08.03_76309665.jpg'><img decoding=\"async\" width=\"1024\" height=\"768\" data-src=\"https:\/\/obispadodelinares.cl\/ol\/wp-content\/uploads\/2025\/09\/Imagen-de-WhatsApp-2025-09-15-a-las-15.08.03_76309665-1024x768.jpg\" class=\"attachment-large size-large lazyload\" alt=\"\" data-srcset=\"https:\/\/obispadodelinares.cl\/ol\/wp-content\/uploads\/2025\/09\/Imagen-de-WhatsApp-2025-09-15-a-las-15.08.03_76309665-1024x768.jpg 1024w, https:\/\/obispadodelinares.cl\/ol\/wp-content\/uploads\/2025\/09\/Imagen-de-WhatsApp-2025-09-15-a-las-15.08.03_76309665-300x225.jpg 300w, https:\/\/obispadodelinares.cl\/ol\/wp-content\/uploads\/2025\/09\/Imagen-de-WhatsApp-2025-09-15-a-las-15.08.03_76309665-768x576.jpg 768w, https:\/\/obispadodelinares.cl\/ol\/wp-content\/uploads\/2025\/09\/Imagen-de-WhatsApp-2025-09-15-a-las-15.08.03_76309665.jpg 1440w\" data-sizes=\"(max-width: 1024px) 100vw, 1024px\" src=\"data:image\/svg+xml;base64,PHN2ZyB3aWR0aD0iMSIgaGVpZ2h0PSIxIiB4bWxucz0iaHR0cDovL3d3dy53My5vcmcvMjAwMC9zdmciPjwvc3ZnPg==\" style=\"--smush-placeholder-width: 1024px; --smush-placeholder-aspect-ratio: 1024\/768;\" \/><\/a>\n\t\t\t<\/dt><\/dl><dl class='gallery-item'>\n\t\t\t<dt class='gallery-icon landscape'>\n\t\t\t\t<a href='https:\/\/obispadodelinares.cl\/ol\/wp-content\/uploads\/2025\/09\/Imagen-de-WhatsApp-2025-09-15-a-las-15.08.03_7630197a.jpg'><img decoding=\"async\" width=\"1024\" height=\"768\" data-src=\"https:\/\/obispadodelinares.cl\/ol\/wp-content\/uploads\/2025\/09\/Imagen-de-WhatsApp-2025-09-15-a-las-15.08.03_7630197a-1024x768.jpg\" class=\"attachment-large size-large lazyload\" alt=\"\" data-srcset=\"https:\/\/obispadodelinares.cl\/ol\/wp-content\/uploads\/2025\/09\/Imagen-de-WhatsApp-2025-09-15-a-las-15.08.03_7630197a-1024x768.jpg 1024w, https:\/\/obispadodelinares.cl\/ol\/wp-content\/uploads\/2025\/09\/Imagen-de-WhatsApp-2025-09-15-a-las-15.08.03_7630197a-300x225.jpg 300w, https:\/\/obispadodelinares.cl\/ol\/wp-content\/uploads\/2025\/09\/Imagen-de-WhatsApp-2025-09-15-a-las-15.08.03_7630197a-768x576.jpg 768w, https:\/\/obispadodelinares.cl\/ol\/wp-content\/uploads\/2025\/09\/Imagen-de-WhatsApp-2025-09-15-a-las-15.08.03_7630197a-1536x1152.jpg 1536w, https:\/\/obispadodelinares.cl\/ol\/wp-content\/uploads\/2025\/09\/Imagen-de-WhatsApp-2025-09-15-a-las-15.08.03_7630197a.jpg 1600w\" data-sizes=\"(max-width: 1024px) 100vw, 1024px\" src=\"data:image\/svg+xml;base64,PHN2ZyB3aWR0aD0iMSIgaGVpZ2h0PSIxIiB4bWxucz0iaHR0cDovL3d3dy53My5vcmcvMjAwMC9zdmciPjwvc3ZnPg==\" style=\"--smush-placeholder-width: 1024px; --smush-placeholder-aspect-ratio: 1024\/768;\" \/><\/a>\n\t\t\t<\/dt><\/dl><dl class='gallery-item'>\n\t\t\t<dt class='gallery-icon landscape'>\n\t\t\t\t<a href='https:\/\/obispadodelinares.cl\/ol\/wp-content\/uploads\/2025\/09\/Imagen-de-WhatsApp-2025-09-15-a-las-15.08.03_88f30c83.jpg'><img decoding=\"async\" width=\"1024\" height=\"768\" data-src=\"https:\/\/obispadodelinares.cl\/ol\/wp-content\/uploads\/2025\/09\/Imagen-de-WhatsApp-2025-09-15-a-las-15.08.03_88f30c83-1024x768.jpg\" class=\"attachment-large size-large lazyload\" alt=\"\" data-srcset=\"https:\/\/obispadodelinares.cl\/ol\/wp-content\/uploads\/2025\/09\/Imagen-de-WhatsApp-2025-09-15-a-las-15.08.03_88f30c83-1024x768.jpg 1024w, https:\/\/obispadodelinares.cl\/ol\/wp-content\/uploads\/2025\/09\/Imagen-de-WhatsApp-2025-09-15-a-las-15.08.03_88f30c83-300x225.jpg 300w, https:\/\/obispadodelinares.cl\/ol\/wp-content\/uploads\/2025\/09\/Imagen-de-WhatsApp-2025-09-15-a-las-15.08.03_88f30c83-768x576.jpg 768w, https:\/\/obispadodelinares.cl\/ol\/wp-content\/uploads\/2025\/09\/Imagen-de-WhatsApp-2025-09-15-a-las-15.08.03_88f30c83.jpg 1440w\" data-sizes=\"(max-width: 1024px) 100vw, 1024px\" src=\"data:image\/svg+xml;base64,PHN2ZyB3aWR0aD0iMSIgaGVpZ2h0PSIxIiB4bWxucz0iaHR0cDovL3d3dy53My5vcmcvMjAwMC9zdmciPjwvc3ZnPg==\" style=\"--smush-placeholder-width: 1024px; --smush-placeholder-aspect-ratio: 1024\/768;\" \/><\/a>\n\t\t\t<\/dt><\/dl><br style=\"clear: both\" \/>\n\t\t<\/div>\n\n","protected":false},"excerpt":{"rendered":"<p>Con una amplia participaci\u00f3n de la comunidad y autoridades, este domingo 14 de septiembre, en la Iglesia Catedral de Linares, el Obispo Mons. Tomislav Koljatic presidi\u00f3 la Eucarist\u00eda y el Te Deum de Fiestas Patrias, una tradici\u00f3n nacional que se remonta a 1811 y que expresa gratitud a Dios por los dones recibidos como naci\u00f3n. [&hellip;]<\/p>\n","protected":false},"author":1,"featured_media":21600,"comment_status":"closed","ping_status":"closed","sticky":false,"template":"","format":"standard","meta":{"h5ap_radio_sources":[],"footnotes":""},"categories":[488,372],"tags":[88],"class_list":["post-21599","post","type-post","status-publish","format-standard","has-post-thumbnail","hentry","category-488","category-centenario","tag-te-deum"],"_links":{"self":[{"href":"https:\/\/obispadodelinares.cl\/ol\/index.php?rest_route=\/wp\/v2\/posts\/21599","targetHints":{"allow":["GET"]}}],"collection":[{"href":"https:\/\/obispadodelinares.cl\/ol\/index.php?rest_route=\/wp\/v2\/posts"}],"about":[{"href":"https:\/\/obispadodelinares.cl\/ol\/index.php?rest_route=\/wp\/v2\/types\/post"}],"author":[{"embeddable":true,"href":"https:\/\/obispadodelinares.cl\/ol\/index.php?rest_route=\/wp\/v2\/users\/1"}],"replies":[{"embeddable":true,"href":"https:\/\/obispadodelinares.cl\/ol\/index.php?rest_route=%2Fwp%2Fv2%2Fcomments&post=21599"}],"version-history":[{"count":0,"href":"https:\/\/obispadodelinares.cl\/ol\/index.php?rest_route=\/wp\/v2\/posts\/21599\/revisions"}],"wp:featuredmedia":[{"embeddable":true,"href":"https:\/\/obispadodelinares.cl\/ol\/index.php?rest_route=\/wp\/v2\/media\/21600"}],"wp:attachment":[{"href":"https:\/\/obispadodelinares.cl\/ol\/index.php?rest_route=%2Fwp%2Fv2%2Fmedia&parent=21599"}],"wp:term":[{"taxonomy":"category","embeddable":true,"href":"https:\/\/obispadodelinares.cl\/ol\/index.php?rest_route=%2Fwp%2Fv2%2Fcategories&post=21599"},{"taxonomy":"post_tag","embeddable":true,"href":"https:\/\/obispadodelinares.cl\/ol\/index.php?rest_route=%2Fwp%2Fv2%2Ftags&post=21599"}],"curies":[{"name":"wp","href":"https:\/\/api.w.org\/{rel}","templated":true}]}}