{"id":21470,"date":"2025-08-30T22:41:28","date_gmt":"2025-08-31T02:41:28","guid":{"rendered":"https:\/\/obispadodelinares.cl\/ol\/?p=21470"},"modified":"2025-08-30T22:41:28","modified_gmt":"2025-08-31T02:41:28","slug":"decanato-de-constitucion-peregrina-con-fe-y-alegria-en-el-ano-jubilar-diocesano","status":"publish","type":"post","link":"https:\/\/obispadodelinares.cl\/ol\/?p=21470","title":{"rendered":"Decanato de Constituci\u00f3n peregrina con fe y alegr\u00eda en el A\u00f1o Jubilar Diocesano"},"content":{"rendered":"<p><b>Puerta Santa, coraz\u00f3n abierto:<\/b><\/p>\n<p><span style=\"font-weight: 400;\">En el D\u00eda de Santa Rosa de Lima, Patrona de Am\u00e9rica Latina, desde la Perla del Maule, las comunidades del Decanato de Constituci\u00f3n peregrinaron hasta Linares para cruzar la Puerta Santa y celebrar el centenario de la Di\u00f3cesis de San Ambrosio de Linares, participando de una jornada marcada por la oraci\u00f3n, la identidad local y la comuni\u00f3n fraterna.<\/span><\/p>\n<p>&nbsp;<\/p>\n<p><span style=\"font-weight: 400;\">En el marco del A\u00f1o Jubilar por el Centenario de la Di\u00f3cesis de San Ambrosio de Linares, y en el d\u00eda lit\u00fargico de Santa Rosa de Lima, patrona de Am\u00e9rica Latina, el Decanato de Constituci\u00f3n vivi\u00f3 una jornada profundamente comunitaria al peregrinar hasta el Templo Catedral de Linares para cruzar la Puerta Santa y as\u00ed recibir la gracia de la Indulgencia Plenaria, signo del amor misericordioso de Dios hacia su Pueblo.<\/span><\/p>\n<p><span style=\"font-weight: 400;\">Desde muy temprano, los peregrinos provenientes de las parroquias San Ignacio de Empedrado, Nuestra Se\u00f1ora del Carmen de Nirivilo, Nuestra Se\u00f1ora del Tr\u00e1nsito de Put\u00fa y San Jos\u00e9 de Constituci\u00f3n, se congregaron en el frontis de la Plaza de Constituci\u00f3n, para emprender su caminata con esp\u00edritu orante y festivo, bajo la gu\u00eda del P. Gonzalo Aravena, Decano; acompa\u00f1ados por el P. Jos\u00e9 Ulloa, p\u00e1rroco de Nirivilo y Empedrado; el P. Ra\u00fal Moris, Vicario de Pastoral; di\u00e1conos permanentes del decanato, Ministro lector, ac\u00f3litos y el grupo de j\u00f3venes del Decanato que peregrinaron al Jubileo Juvenil en Roma.<\/span><\/p>\n<p><span style=\"font-weight: 400;\">Una vez en Linares, los peregrinos fueron recibidos en el Colegio San Miguel para compartir un fraterno desayuno y, posteriormente, continuar su andar por las calles de la ciudad hacia la Catedral, donde les esperaba el Obispo Diocesano, Monse\u00f1or Tomislav Koljatic, quien con palabras de acogida los anim\u00f3 a cruzar la Puerta Santa y vivir con intensidad este signo de renovaci\u00f3n espiritual.<\/span><\/p>\n<p><span style=\"font-weight: 400;\">Durante la celebraci\u00f3n de la Santa Misa, se cumplieron los ritos necesarios para obtener la Indulgencia: confesiones sacramentales, participaci\u00f3n en la Eucarist\u00eda y oraci\u00f3n por las intenciones del Santo Padre. En sinton\u00eda con la Iglesia Universal, que tambi\u00e9n celebra en este 2025 el A\u00f1o Santo convocado por el Papa Francisco, se elev\u00f3 la oraci\u00f3n por la Iglesia, el Santo Padre, las comunidades presentes y por todos quienes, con su testimonio de fe, han sembrado las semillas del Reino en nuestras tierras.<\/span><\/p>\n<p><b>En el Ofertorio<\/b><span style=\"font-weight: 400;\">, se presentaron signos cargados de sentido y representatividad de cada parroquia:<\/span><\/p>\n<p><span style=\"font-weight: 400;\">Colegio Buen Pastor ofreci\u00f3 una danza llena de arte y belleza, como expresi\u00f3n de alabanza previa a las ofrendas parroquiales.\u00a0<\/span><\/p>\n<p><span style=\"font-weight: 400;\">La Parroquia Nuestra Se\u00f1ora del Carmen de Nirivilo llev\u00f3 una fuente de greda con pan amasado y tortillas de rescoldo, frutos del trabajo cotidiano que se comparte en familia.<\/span><\/p>\n<p><span style=\"font-weight: 400;\">Desde Empedrado, la Parroquia San Ignacio present\u00f3 vino de la zona y las tradicionales callampas secas, patrimonio gastron\u00f3mico local.<\/span><\/p>\n<p><span style=\"font-weight: 400;\">La Parroquia Nuestra Se\u00f1ora del Tr\u00e1nsito de Put\u00fa ofreci\u00f3 miel, huevos y harina tostada, alimentos simples pero llenos de cari\u00f1o, coraz\u00f3n y tradici\u00f3n familiar.<\/span><\/p>\n<p><span style=\"font-weight: 400;\">\u00a0<\/span><\/p>\n<p><span style=\"font-weight: 400;\">La Parroquia San Jos\u00e9 de Constituci\u00f3n entreg\u00f3 un cuadro representando sus playas y la Piedra de la Iglesia, junto con una r\u00e9plica de la lancha Bruma, en memoria de los siete pescadores fallecidos, como s\u00faplica de justicia, consuelo para sus familias y paz eterna.<\/span><\/p>\n<p><span style=\"font-weight: 400;\">Finalmente, como ofrenda com\u00fan del decanato, se presentaron ramitas de aromo, evocando la figura de San Alberto Hurtado y el deseo de seguir su ejemplo de entrega y solidaridad.<\/span><\/p>\n<p><span style=\"font-weight: 400;\">Para acompa\u00f1ar la meditaci\u00f3n postcomuni\u00f3n, Colegio Buen Pastor y del Colegio San Alberto Hurtado ofrecieron una emotiva canci\u00f3n que ayud\u00f3 a interiorizar el encuentro con el Se\u00f1or.<\/span><\/p>\n<p><span style=\"font-weight: 400;\">\u00a0<\/span><\/p>\n<p><b>Un d\u00eda pleno de fe, fraternidad y esperanza<\/b><\/p>\n<p><span style=\"font-weight: 400;\">Luego de la Misa, los asistentes visitaron la cripta de la Catedral, compartieron un almuerzo comunitario en Colegio de Yerbas Buenas y culminaron la jornada con una visita al Monasterio Inmaculada del Maule, experiencia que dej\u00f3 en todos los corazones \u201cllenos de fraternidad y fe\u201d.<\/span><\/p>\n<p><span style=\"font-weight: 400;\">En este A\u00f1o Jubilar, la peregrinaci\u00f3n del Decanato de Constituci\u00f3n ha sido signo vivo de una Iglesia que camina unida, en comuni\u00f3n y esperanza. Agradecemos profundamente a cada persona que hizo posible esta jornada: peregrinos, equipos pastorales, voluntarios y comunidades, que con su entrega y generosidad han testimoniado la alegr\u00eda de pertenecer a una Iglesia que celebra su historia con gratitud y su presente con entusiasmo misionero.<\/span><\/p>\n<p><span style=\"font-weight: 400;\">\u00a1San Ambrosio de Linares, ruega por nosotros!<\/span><\/p>\n<p>&nbsp;<\/p>\n\n\t\t<style type=\"text\/css\">\n\t\t\t#gallery-1 {\n\t\t\t\tmargin: auto;\n\t\t\t}\n\t\t\t#gallery-1 .gallery-item {\n\t\t\t\tfloat: left;\n\t\t\t\tmargin-top: 10px;\n\t\t\t\ttext-align: center;\n\t\t\t\twidth: 33%;\n\t\t\t}\n\t\t\t#gallery-1 img {\n\t\t\t\tborder: 2px solid #cfcfcf;\n\t\t\t}\n\t\t\t#gallery-1 .gallery-caption {\n\t\t\t\tmargin-left: 0;\n\t\t\t}\n\t\t\t\/* see gallery_shortcode() in wp-includes\/media.php *\/\n\t\t<\/style>\n\t\t<div id='gallery-1' class='gallery galleryid-21470 gallery-columns-3 gallery-size-large'><dl class='gallery-item'>\n\t\t\t<dt class='gallery-icon landscape'>\n\t\t\t\t<a href='https:\/\/obispadodelinares.cl\/ol\/wp-content\/uploads\/2025\/08\/IMG_2428.jpg'><img fetchpriority=\"high\" decoding=\"async\" width=\"1024\" height=\"682\" src=\"https:\/\/obispadodelinares.cl\/ol\/wp-content\/uploads\/2025\/08\/IMG_2428-1024x682.jpg\" class=\"attachment-large size-large\" alt=\"\" srcset=\"https:\/\/obispadodelinares.cl\/ol\/wp-content\/uploads\/2025\/08\/IMG_2428-1024x682.jpg 1024w, https:\/\/obispadodelinares.cl\/ol\/wp-content\/uploads\/2025\/08\/IMG_2428-300x200.jpg 300w, https:\/\/obispadodelinares.cl\/ol\/wp-content\/uploads\/2025\/08\/IMG_2428-768x512.jpg 768w, https:\/\/obispadodelinares.cl\/ol\/wp-content\/uploads\/2025\/08\/IMG_2428.jpg 1304w\" sizes=\"(max-width: 1024px) 100vw, 1024px\" \/><\/a>\n\t\t\t<\/dt><\/dl><dl class='gallery-item'>\n\t\t\t<dt class='gallery-icon landscape'>\n\t\t\t\t<a href='https:\/\/obispadodelinares.cl\/ol\/wp-content\/uploads\/2025\/08\/1593f4ab-e3fd-4288-8ee7-e37aab8c9cb1.jpg'><img decoding=\"async\" width=\"1024\" height=\"576\" data-src=\"https:\/\/obispadodelinares.cl\/ol\/wp-content\/uploads\/2025\/08\/1593f4ab-e3fd-4288-8ee7-e37aab8c9cb1-1024x576.jpg\" class=\"attachment-large size-large lazyload\" alt=\"\" data-srcset=\"https:\/\/obispadodelinares.cl\/ol\/wp-content\/uploads\/2025\/08\/1593f4ab-e3fd-4288-8ee7-e37aab8c9cb1-1024x576.jpg 1024w, https:\/\/obispadodelinares.cl\/ol\/wp-content\/uploads\/2025\/08\/1593f4ab-e3fd-4288-8ee7-e37aab8c9cb1-300x169.jpg 300w, https:\/\/obispadodelinares.cl\/ol\/wp-content\/uploads\/2025\/08\/1593f4ab-e3fd-4288-8ee7-e37aab8c9cb1-768x432.jpg 768w, https:\/\/obispadodelinares.cl\/ol\/wp-content\/uploads\/2025\/08\/1593f4ab-e3fd-4288-8ee7-e37aab8c9cb1.jpg 1280w\" data-sizes=\"(max-width: 1024px) 100vw, 1024px\" src=\"data:image\/svg+xml;base64,PHN2ZyB3aWR0aD0iMSIgaGVpZ2h0PSIxIiB4bWxucz0iaHR0cDovL3d3dy53My5vcmcvMjAwMC9zdmciPjwvc3ZnPg==\" style=\"--smush-placeholder-width: 1024px; --smush-placeholder-aspect-ratio: 1024\/576;\" \/><\/a>\n\t\t\t<\/dt><\/dl><dl class='gallery-item'>\n\t\t\t<dt class='gallery-icon landscape'>\n\t\t\t\t<a href='https:\/\/obispadodelinares.cl\/ol\/wp-content\/uploads\/2025\/08\/91fb0990-70f4-439f-a8f1-6e6ea03d79b0.jpg'><img decoding=\"async\" width=\"1024\" height=\"768\" data-src=\"https:\/\/obispadodelinares.cl\/ol\/wp-content\/uploads\/2025\/08\/91fb0990-70f4-439f-a8f1-6e6ea03d79b0-1024x768.jpg\" class=\"attachment-large size-large lazyload\" alt=\"\" data-srcset=\"https:\/\/obispadodelinares.cl\/ol\/wp-content\/uploads\/2025\/08\/91fb0990-70f4-439f-a8f1-6e6ea03d79b0-1024x768.jpg 1024w, https:\/\/obispadodelinares.cl\/ol\/wp-content\/uploads\/2025\/08\/91fb0990-70f4-439f-a8f1-6e6ea03d79b0-300x225.jpg 300w, https:\/\/obispadodelinares.cl\/ol\/wp-content\/uploads\/2025\/08\/91fb0990-70f4-439f-a8f1-6e6ea03d79b0-768x576.jpg 768w, https:\/\/obispadodelinares.cl\/ol\/wp-content\/uploads\/2025\/08\/91fb0990-70f4-439f-a8f1-6e6ea03d79b0.jpg 1159w\" data-sizes=\"(max-width: 1024px) 100vw, 1024px\" src=\"data:image\/svg+xml;base64,PHN2ZyB3aWR0aD0iMSIgaGVpZ2h0PSIxIiB4bWxucz0iaHR0cDovL3d3dy53My5vcmcvMjAwMC9zdmciPjwvc3ZnPg==\" style=\"--smush-placeholder-width: 1024px; --smush-placeholder-aspect-ratio: 1024\/768;\" \/><\/a>\n\t\t\t<\/dt><\/dl><br style=\"clear: both\" \/><dl class='gallery-item'>\n\t\t\t<dt class='gallery-icon landscape'>\n\t\t\t\t<a href='https:\/\/obispadodelinares.cl\/ol\/wp-content\/uploads\/2025\/08\/20250830_124827.jpg'><img decoding=\"async\" width=\"1024\" height=\"768\" data-src=\"https:\/\/obispadodelinares.cl\/ol\/wp-content\/uploads\/2025\/08\/20250830_124827-1024x768.jpg\" class=\"attachment-large size-large lazyload\" alt=\"\" data-srcset=\"https:\/\/obispadodelinares.cl\/ol\/wp-content\/uploads\/2025\/08\/20250830_124827-1024x768.jpg 1024w, https:\/\/obispadodelinares.cl\/ol\/wp-content\/uploads\/2025\/08\/20250830_124827-300x225.jpg 300w, https:\/\/obispadodelinares.cl\/ol\/wp-content\/uploads\/2025\/08\/20250830_124827-768x576.jpg 768w, https:\/\/obispadodelinares.cl\/ol\/wp-content\/uploads\/2025\/08\/20250830_124827.jpg 1159w\" data-sizes=\"(max-width: 1024px) 100vw, 1024px\" src=\"data:image\/svg+xml;base64,PHN2ZyB3aWR0aD0iMSIgaGVpZ2h0PSIxIiB4bWxucz0iaHR0cDovL3d3dy53My5vcmcvMjAwMC9zdmciPjwvc3ZnPg==\" style=\"--smush-placeholder-width: 1024px; --smush-placeholder-aspect-ratio: 1024\/768;\" \/><\/a>\n\t\t\t<\/dt><\/dl><dl class='gallery-item'>\n\t\t\t<dt class='gallery-icon landscape'>\n\t\t\t\t<a href='https:\/\/obispadodelinares.cl\/ol\/wp-content\/uploads\/2025\/08\/20250830_124754.jpg'><img decoding=\"async\" width=\"1024\" height=\"768\" data-src=\"https:\/\/obispadodelinares.cl\/ol\/wp-content\/uploads\/2025\/08\/20250830_124754-1024x768.jpg\" class=\"attachment-large size-large lazyload\" alt=\"\" data-srcset=\"https:\/\/obispadodelinares.cl\/ol\/wp-content\/uploads\/2025\/08\/20250830_124754-1024x768.jpg 1024w, https:\/\/obispadodelinares.cl\/ol\/wp-content\/uploads\/2025\/08\/20250830_124754-300x225.jpg 300w, https:\/\/obispadodelinares.cl\/ol\/wp-content\/uploads\/2025\/08\/20250830_124754-768x576.jpg 768w, https:\/\/obispadodelinares.cl\/ol\/wp-content\/uploads\/2025\/08\/20250830_124754.jpg 1159w\" data-sizes=\"(max-width: 1024px) 100vw, 1024px\" src=\"data:image\/svg+xml;base64,PHN2ZyB3aWR0aD0iMSIgaGVpZ2h0PSIxIiB4bWxucz0iaHR0cDovL3d3dy53My5vcmcvMjAwMC9zdmciPjwvc3ZnPg==\" style=\"--smush-placeholder-width: 1024px; --smush-placeholder-aspect-ratio: 1024\/768;\" \/><\/a>\n\t\t\t<\/dt><\/dl><dl class='gallery-item'>\n\t\t\t<dt class='gallery-icon landscape'>\n\t\t\t\t<a href='https:\/\/obispadodelinares.cl\/ol\/wp-content\/uploads\/2025\/08\/20250830_124706.jpg'><img decoding=\"async\" width=\"1024\" height=\"768\" data-src=\"https:\/\/obispadodelinares.cl\/ol\/wp-content\/uploads\/2025\/08\/20250830_124706-1024x768.jpg\" class=\"attachment-large size-large lazyload\" alt=\"\" data-srcset=\"https:\/\/obispadodelinares.cl\/ol\/wp-content\/uploads\/2025\/08\/20250830_124706-1024x768.jpg 1024w, https:\/\/obispadodelinares.cl\/ol\/wp-content\/uploads\/2025\/08\/20250830_124706-300x225.jpg 300w, https:\/\/obispadodelinares.cl\/ol\/wp-content\/uploads\/2025\/08\/20250830_124706-768x576.jpg 768w, https:\/\/obispadodelinares.cl\/ol\/wp-content\/uploads\/2025\/08\/20250830_124706.jpg 1159w\" data-sizes=\"(max-width: 1024px) 100vw, 1024px\" src=\"data:image\/svg+xml;base64,PHN2ZyB3aWR0aD0iMSIgaGVpZ2h0PSIxIiB4bWxucz0iaHR0cDovL3d3dy53My5vcmcvMjAwMC9zdmciPjwvc3ZnPg==\" style=\"--smush-placeholder-width: 1024px; --smush-placeholder-aspect-ratio: 1024\/768;\" \/><\/a>\n\t\t\t<\/dt><\/dl><br style=\"clear: both\" \/><dl class='gallery-item'>\n\t\t\t<dt class='gallery-icon landscape'>\n\t\t\t\t<a href='https:\/\/obispadodelinares.cl\/ol\/wp-content\/uploads\/2025\/08\/20250830_112159.jpg'><img decoding=\"async\" width=\"457\" height=\"343\" data-src=\"https:\/\/obispadodelinares.cl\/ol\/wp-content\/uploads\/2025\/08\/20250830_112159.jpg\" class=\"attachment-large size-large lazyload\" alt=\"\" data-srcset=\"https:\/\/obispadodelinares.cl\/ol\/wp-content\/uploads\/2025\/08\/20250830_112159.jpg 457w, https:\/\/obispadodelinares.cl\/ol\/wp-content\/uploads\/2025\/08\/20250830_112159-300x225.jpg 300w\" data-sizes=\"(max-width: 457px) 100vw, 457px\" src=\"data:image\/svg+xml;base64,PHN2ZyB3aWR0aD0iMSIgaGVpZ2h0PSIxIiB4bWxucz0iaHR0cDovL3d3dy53My5vcmcvMjAwMC9zdmciPjwvc3ZnPg==\" style=\"--smush-placeholder-width: 457px; --smush-placeholder-aspect-ratio: 457\/343;\" \/><\/a>\n\t\t\t<\/dt><\/dl><dl class='gallery-item'>\n\t\t\t<dt class='gallery-icon landscape'>\n\t\t\t\t<a href='https:\/\/obispadodelinares.cl\/ol\/wp-content\/uploads\/2025\/08\/21982ac8-1af7-47e4-8ad4-9b1000b791e3.jpg'><img decoding=\"async\" width=\"1024\" height=\"576\" data-src=\"https:\/\/obispadodelinares.cl\/ol\/wp-content\/uploads\/2025\/08\/21982ac8-1af7-47e4-8ad4-9b1000b791e3-1024x576.jpg\" class=\"attachment-large size-large lazyload\" alt=\"\" data-srcset=\"https:\/\/obispadodelinares.cl\/ol\/wp-content\/uploads\/2025\/08\/21982ac8-1af7-47e4-8ad4-9b1000b791e3-1024x576.jpg 1024w, https:\/\/obispadodelinares.cl\/ol\/wp-content\/uploads\/2025\/08\/21982ac8-1af7-47e4-8ad4-9b1000b791e3-300x169.jpg 300w, https:\/\/obispadodelinares.cl\/ol\/wp-content\/uploads\/2025\/08\/21982ac8-1af7-47e4-8ad4-9b1000b791e3-768x432.jpg 768w, https:\/\/obispadodelinares.cl\/ol\/wp-content\/uploads\/2025\/08\/21982ac8-1af7-47e4-8ad4-9b1000b791e3.jpg 1280w\" data-sizes=\"(max-width: 1024px) 100vw, 1024px\" src=\"data:image\/svg+xml;base64,PHN2ZyB3aWR0aD0iMSIgaGVpZ2h0PSIxIiB4bWxucz0iaHR0cDovL3d3dy53My5vcmcvMjAwMC9zdmciPjwvc3ZnPg==\" style=\"--smush-placeholder-width: 1024px; --smush-placeholder-aspect-ratio: 1024\/576;\" \/><\/a>\n\t\t\t<\/dt><\/dl><dl class='gallery-item'>\n\t\t\t<dt class='gallery-icon landscape'>\n\t\t\t\t<a href='https:\/\/obispadodelinares.cl\/ol\/wp-content\/uploads\/2025\/08\/7b089722-79cb-4d79-ac0e-7e513d11f4ad.jpg'><img decoding=\"async\" width=\"1024\" height=\"576\" data-src=\"https:\/\/obispadodelinares.cl\/ol\/wp-content\/uploads\/2025\/08\/7b089722-79cb-4d79-ac0e-7e513d11f4ad-1024x576.jpg\" class=\"attachment-large size-large lazyload\" alt=\"\" data-srcset=\"https:\/\/obispadodelinares.cl\/ol\/wp-content\/uploads\/2025\/08\/7b089722-79cb-4d79-ac0e-7e513d11f4ad-1024x576.jpg 1024w, https:\/\/obispadodelinares.cl\/ol\/wp-content\/uploads\/2025\/08\/7b089722-79cb-4d79-ac0e-7e513d11f4ad-300x169.jpg 300w, https:\/\/obispadodelinares.cl\/ol\/wp-content\/uploads\/2025\/08\/7b089722-79cb-4d79-ac0e-7e513d11f4ad-768x432.jpg 768w, https:\/\/obispadodelinares.cl\/ol\/wp-content\/uploads\/2025\/08\/7b089722-79cb-4d79-ac0e-7e513d11f4ad.jpg 1280w\" data-sizes=\"(max-width: 1024px) 100vw, 1024px\" src=\"data:image\/svg+xml;base64,PHN2ZyB3aWR0aD0iMSIgaGVpZ2h0PSIxIiB4bWxucz0iaHR0cDovL3d3dy53My5vcmcvMjAwMC9zdmciPjwvc3ZnPg==\" style=\"--smush-placeholder-width: 1024px; --smush-placeholder-aspect-ratio: 1024\/576;\" \/><\/a>\n\t\t\t<\/dt><\/dl><br style=\"clear: both\" \/><dl class='gallery-item'>\n\t\t\t<dt class='gallery-icon landscape'>\n\t\t\t\t<a href='https:\/\/obispadodelinares.cl\/ol\/wp-content\/uploads\/2025\/08\/9aa1d938-6a26-4be0-871c-d84030d0caf1.jpg'><img decoding=\"async\" width=\"1024\" height=\"576\" data-src=\"https:\/\/obispadodelinares.cl\/ol\/wp-content\/uploads\/2025\/08\/9aa1d938-6a26-4be0-871c-d84030d0caf1-1024x576.jpg\" class=\"attachment-large size-large lazyload\" alt=\"\" data-srcset=\"https:\/\/obispadodelinares.cl\/ol\/wp-content\/uploads\/2025\/08\/9aa1d938-6a26-4be0-871c-d84030d0caf1-1024x576.jpg 1024w, https:\/\/obispadodelinares.cl\/ol\/wp-content\/uploads\/2025\/08\/9aa1d938-6a26-4be0-871c-d84030d0caf1-300x169.jpg 300w, https:\/\/obispadodelinares.cl\/ol\/wp-content\/uploads\/2025\/08\/9aa1d938-6a26-4be0-871c-d84030d0caf1-768x432.jpg 768w, https:\/\/obispadodelinares.cl\/ol\/wp-content\/uploads\/2025\/08\/9aa1d938-6a26-4be0-871c-d84030d0caf1.jpg 1280w\" data-sizes=\"(max-width: 1024px) 100vw, 1024px\" src=\"data:image\/svg+xml;base64,PHN2ZyB3aWR0aD0iMSIgaGVpZ2h0PSIxIiB4bWxucz0iaHR0cDovL3d3dy53My5vcmcvMjAwMC9zdmciPjwvc3ZnPg==\" style=\"--smush-placeholder-width: 1024px; --smush-placeholder-aspect-ratio: 1024\/576;\" \/><\/a>\n\t\t\t<\/dt><\/dl>\n\t\t\t<br style='clear: both' \/>\n\t\t<\/div>\n\n","protected":false},"excerpt":{"rendered":"<p>Puerta Santa, coraz\u00f3n abierto: En el D\u00eda de Santa Rosa de Lima, Patrona de Am\u00e9rica Latina, desde la Perla del Maule, las comunidades del Decanato de Constituci\u00f3n peregrinaron hasta Linares para cruzar la Puerta Santa y celebrar el centenario de la Di\u00f3cesis de San Ambrosio de Linares, participando de una jornada marcada por la oraci\u00f3n, [&hellip;]<\/p>\n","protected":false},"author":1,"featured_media":21476,"comment_status":"closed","ping_status":"closed","sticky":false,"template":"","format":"standard","meta":{"h5ap_radio_sources":[],"footnotes":""},"categories":[488,291],"tags":[492,477,409],"class_list":["post-21470","post","type-post","status-publish","format-standard","has-post-thumbnail","hentry","category-488","category-diocesana","tag-jubileo","tag-jubileo-2025","tag-peregrinacion"],"_links":{"self":[{"href":"https:\/\/obispadodelinares.cl\/ol\/index.php?rest_route=\/wp\/v2\/posts\/21470","targetHints":{"allow":["GET"]}}],"collection":[{"href":"https:\/\/obispadodelinares.cl\/ol\/index.php?rest_route=\/wp\/v2\/posts"}],"about":[{"href":"https:\/\/obispadodelinares.cl\/ol\/index.php?rest_route=\/wp\/v2\/types\/post"}],"author":[{"embeddable":true,"href":"https:\/\/obispadodelinares.cl\/ol\/index.php?rest_route=\/wp\/v2\/users\/1"}],"replies":[{"embeddable":true,"href":"https:\/\/obispadodelinares.cl\/ol\/index.php?rest_route=%2Fwp%2Fv2%2Fcomments&post=21470"}],"version-history":[{"count":0,"href":"https:\/\/obispadodelinares.cl\/ol\/index.php?rest_route=\/wp\/v2\/posts\/21470\/revisions"}],"wp:featuredmedia":[{"embeddable":true,"href":"https:\/\/obispadodelinares.cl\/ol\/index.php?rest_route=\/wp\/v2\/media\/21476"}],"wp:attachment":[{"href":"https:\/\/obispadodelinares.cl\/ol\/index.php?rest_route=%2Fwp%2Fv2%2Fmedia&parent=21470"}],"wp:term":[{"taxonomy":"category","embeddable":true,"href":"https:\/\/obispadodelinares.cl\/ol\/index.php?rest_route=%2Fwp%2Fv2%2Fcategories&post=21470"},{"taxonomy":"post_tag","embeddable":true,"href":"https:\/\/obispadodelinares.cl\/ol\/index.php?rest_route=%2Fwp%2Fv2%2Ftags&post=21470"}],"curies":[{"name":"wp","href":"https:\/\/api.w.org\/{rel}","templated":true}]}}