{"id":21440,"date":"2025-08-26T09:14:29","date_gmt":"2025-08-26T13:14:29","guid":{"rendered":"https:\/\/obispadodelinares.cl\/ol\/?p=21440"},"modified":"2025-08-26T09:14:29","modified_gmt":"2025-08-26T13:14:29","slug":"asamblea-decanal-en-parral-reflexion-reconciliacion-y-fraternidad-marcaron-la-jornada","status":"publish","type":"post","link":"https:\/\/obispadodelinares.cl\/ol\/?p=21440","title":{"rendered":"Asamblea Decanal en Parral: Reflexi\u00f3n, reconciliaci\u00f3n y fraternidad marcaron la jornada"},"content":{"rendered":"<p><b><i>El Colegio Providencia de Parral, abri\u00f3 sus puertas con hospitalidad a m\u00e1s de 240 participantes se reunieron con fe y entusiasmo en el A\u00f1o del Centenario, el reci\u00e9n pasado fin de semana. <\/i><\/b><i><span style=\"font-weight: 400;\">\u00a0<\/span><\/i><b><i>Un paso m\u00e1s hacia la Peregrinaci\u00f3n a la Puerta Santa, este 13 de septiembre.<\/i><\/b> <b><i>\u201cPeregrinos de la Esperanza\u201d: una Iglesia decanal viva y en camino.<\/i><\/b><\/p>\n<p><span style=\"font-weight: 400;\">En el marco del A\u00f1o del Centenario de nuestra querida Di\u00f3cesis de Linares, y bajo el lema \u201cPeregrinos de la Esperanza\u201d, el pasado s\u00e1bado se llev\u00f3 a cabo con gran entusiasmo la Jornada de Formaci\u00f3n Decanal, convocando a m\u00e1s de 240 participantes provenientes de las distintas parroquias y comunidades educativas del Decanato de Parral.<\/span><\/p>\n<p><span style=\"font-weight: 400;\">La jornada, realizada en las dependencias del Colegio Providencia, inici\u00f3 con din\u00e1micas de acogida que prepararon el ambiente para un profundo momento de oraci\u00f3n y adoraci\u00f3n al Sant\u00edsimo Sacramento, vivido con recogimiento, solemnidad y emoci\u00f3n. Fue un espacio de encuentro con el Se\u00f1or, que marc\u00f3 el tono espiritual de toda la jornada.<\/span><\/p>\n<p><span style=\"font-weight: 400;\">A continuaci\u00f3n, el Padre Jos\u00e9 Prado, p\u00e1rroco de San Ram\u00f3n de Retiro, ofreci\u00f3 una valiosa exposici\u00f3n sobre el significado del Jubileo, la riqueza de las indulgencias y c\u00f3mo obtenerlas en este tiempo especial de Gracia. Paralelamente, los sacerdotes del decanato estuvieron disponibles para impartir el sacramento de la Reconciliaci\u00f3n, brindando a los presentes la oportunidad de experimentar la misericordia del Se\u00f1or en sus vidas.<\/span><\/p>\n<p><span style=\"font-weight: 400;\">Durante la tarde, los participantes trabajaron en grupos de reflexi\u00f3n, compartiendo experiencias, inquietudes y propuestas, cuyos frutos fueron presentados en un plenario final, donde se vivi\u00f3 un verdadero esp\u00edritu de fraternidad y comuni\u00f3n. La jornada concluy\u00f3 con un \u00e1gape fraterno, expresi\u00f3n concreta de la alegr\u00eda y gratitud por lo compartido.<\/span><\/p>\n<p><b>Agradecimientos:<\/b><\/p>\n<p><span style=\"font-weight: 400;\">Agradecemos de coraz\u00f3n al Colegio Providencia de Parral, por su generosa hospitalidad, y al equipo organizador, por su dedicaci\u00f3n y esmero con que coordin\u00f3 cada detalle, que hicieron de esta jornada un verdadero testimonio de Iglesia viva y en camino. Al Equipo Sacerdotal de religiosas y religiosos, presente en las parroquias del Decanato.<\/span><\/p>\n<p><b>Pr\u00f3ximas actividades:<\/b><\/p>\n<p><span style=\"font-weight: 400;\">Con gran alegr\u00eda, invitamos a toda la comunidad diocesana a unirse a la Peregrinaci\u00f3n a la Catedral de Linares y al paso por la Puerta Santa, el pr\u00f3ximo s\u00e1bado 13 de septiembre, como un nuevo hito de este camino jubilar que nos impulsa a seguir siendo testigos de la esperanza en medio del mundo<\/span><b>, <\/b><span style=\"font-weight: 400;\">por eso a<\/span><i><span style=\"font-weight: 400;\">l Se\u00f1or pedimos que siga animando nuestro caminar como Iglesia decanal, en comuni\u00f3n y alegr\u00eda, al servicio del Evangelio.<\/span><\/i><\/p>\n\n\t\t<style type=\"text\/css\">\n\t\t\t#gallery-1 {\n\t\t\t\tmargin: auto;\n\t\t\t}\n\t\t\t#gallery-1 .gallery-item {\n\t\t\t\tfloat: left;\n\t\t\t\tmargin-top: 10px;\n\t\t\t\ttext-align: center;\n\t\t\t\twidth: 33%;\n\t\t\t}\n\t\t\t#gallery-1 img {\n\t\t\t\tborder: 2px solid #cfcfcf;\n\t\t\t}\n\t\t\t#gallery-1 .gallery-caption {\n\t\t\t\tmargin-left: 0;\n\t\t\t}\n\t\t\t\/* see gallery_shortcode() in wp-includes\/media.php *\/\n\t\t<\/style>\n\t\t<div id='gallery-1' class='gallery galleryid-21440 gallery-columns-3 gallery-size-large'><dl class='gallery-item'>\n\t\t\t<dt class='gallery-icon landscape'>\n\t\t\t\t<a href='https:\/\/obispadodelinares.cl\/ol\/wp-content\/uploads\/2025\/08\/9090bb89-5537-4a23-9f2f-4775ad600073.jpg'><img fetchpriority=\"high\" decoding=\"async\" width=\"1024\" height=\"768\" src=\"https:\/\/obispadodelinares.cl\/ol\/wp-content\/uploads\/2025\/08\/9090bb89-5537-4a23-9f2f-4775ad600073-1024x768.jpg\" class=\"attachment-large size-large\" alt=\"\" srcset=\"https:\/\/obispadodelinares.cl\/ol\/wp-content\/uploads\/2025\/08\/9090bb89-5537-4a23-9f2f-4775ad600073-1024x768.jpg 1024w, https:\/\/obispadodelinares.cl\/ol\/wp-content\/uploads\/2025\/08\/9090bb89-5537-4a23-9f2f-4775ad600073-300x225.jpg 300w, https:\/\/obispadodelinares.cl\/ol\/wp-content\/uploads\/2025\/08\/9090bb89-5537-4a23-9f2f-4775ad600073-768x576.jpg 768w, https:\/\/obispadodelinares.cl\/ol\/wp-content\/uploads\/2025\/08\/9090bb89-5537-4a23-9f2f-4775ad600073.jpg 1159w\" sizes=\"(max-width: 1024px) 100vw, 1024px\" \/><\/a>\n\t\t\t<\/dt><\/dl><dl class='gallery-item'>\n\t\t\t<dt class='gallery-icon landscape'>\n\t\t\t\t<a href='https:\/\/obispadodelinares.cl\/ol\/wp-content\/uploads\/2025\/08\/3983a042-ff9c-43c3-8e01-90f5a44697ff.jpg'><img decoding=\"async\" width=\"1024\" height=\"768\" data-src=\"https:\/\/obispadodelinares.cl\/ol\/wp-content\/uploads\/2025\/08\/3983a042-ff9c-43c3-8e01-90f5a44697ff-1024x768.jpg\" class=\"attachment-large size-large lazyload\" alt=\"\" data-srcset=\"https:\/\/obispadodelinares.cl\/ol\/wp-content\/uploads\/2025\/08\/3983a042-ff9c-43c3-8e01-90f5a44697ff-1024x768.jpg 1024w, https:\/\/obispadodelinares.cl\/ol\/wp-content\/uploads\/2025\/08\/3983a042-ff9c-43c3-8e01-90f5a44697ff-300x225.jpg 300w, https:\/\/obispadodelinares.cl\/ol\/wp-content\/uploads\/2025\/08\/3983a042-ff9c-43c3-8e01-90f5a44697ff-768x576.jpg 768w, https:\/\/obispadodelinares.cl\/ol\/wp-content\/uploads\/2025\/08\/3983a042-ff9c-43c3-8e01-90f5a44697ff.jpg 1159w\" data-sizes=\"(max-width: 1024px) 100vw, 1024px\" src=\"data:image\/svg+xml;base64,PHN2ZyB3aWR0aD0iMSIgaGVpZ2h0PSIxIiB4bWxucz0iaHR0cDovL3d3dy53My5vcmcvMjAwMC9zdmciPjwvc3ZnPg==\" style=\"--smush-placeholder-width: 1024px; --smush-placeholder-aspect-ratio: 1024\/768;\" \/><\/a>\n\t\t\t<\/dt><\/dl><dl class='gallery-item'>\n\t\t\t<dt class='gallery-icon landscape'>\n\t\t\t\t<a href='https:\/\/obispadodelinares.cl\/ol\/wp-content\/uploads\/2025\/08\/31ec6b0e-36f1-4efe-b708-7ea5579c5522.jpg'><img decoding=\"async\" width=\"1024\" height=\"768\" data-src=\"https:\/\/obispadodelinares.cl\/ol\/wp-content\/uploads\/2025\/08\/31ec6b0e-36f1-4efe-b708-7ea5579c5522-1024x768.jpg\" class=\"attachment-large size-large lazyload\" alt=\"\" data-srcset=\"https:\/\/obispadodelinares.cl\/ol\/wp-content\/uploads\/2025\/08\/31ec6b0e-36f1-4efe-b708-7ea5579c5522-1024x768.jpg 1024w, https:\/\/obispadodelinares.cl\/ol\/wp-content\/uploads\/2025\/08\/31ec6b0e-36f1-4efe-b708-7ea5579c5522-300x225.jpg 300w, https:\/\/obispadodelinares.cl\/ol\/wp-content\/uploads\/2025\/08\/31ec6b0e-36f1-4efe-b708-7ea5579c5522-768x576.jpg 768w, https:\/\/obispadodelinares.cl\/ol\/wp-content\/uploads\/2025\/08\/31ec6b0e-36f1-4efe-b708-7ea5579c5522.jpg 1159w\" data-sizes=\"(max-width: 1024px) 100vw, 1024px\" src=\"data:image\/svg+xml;base64,PHN2ZyB3aWR0aD0iMSIgaGVpZ2h0PSIxIiB4bWxucz0iaHR0cDovL3d3dy53My5vcmcvMjAwMC9zdmciPjwvc3ZnPg==\" style=\"--smush-placeholder-width: 1024px; --smush-placeholder-aspect-ratio: 1024\/768;\" \/><\/a>\n\t\t\t<\/dt><\/dl><br style=\"clear: both\" \/><dl class='gallery-item'>\n\t\t\t<dt class='gallery-icon portrait'>\n\t\t\t\t<a href='https:\/\/obispadodelinares.cl\/ol\/wp-content\/uploads\/2025\/08\/9be56728-2e2d-404c-8bdd-1a1bd9d4d95a.jpg'><img decoding=\"async\" width=\"489\" height=\"869\" data-src=\"https:\/\/obispadodelinares.cl\/ol\/wp-content\/uploads\/2025\/08\/9be56728-2e2d-404c-8bdd-1a1bd9d4d95a.jpg\" class=\"attachment-large size-large lazyload\" alt=\"\" data-srcset=\"https:\/\/obispadodelinares.cl\/ol\/wp-content\/uploads\/2025\/08\/9be56728-2e2d-404c-8bdd-1a1bd9d4d95a.jpg 489w, https:\/\/obispadodelinares.cl\/ol\/wp-content\/uploads\/2025\/08\/9be56728-2e2d-404c-8bdd-1a1bd9d4d95a-169x300.jpg 169w\" data-sizes=\"(max-width: 489px) 100vw, 489px\" src=\"data:image\/svg+xml;base64,PHN2ZyB3aWR0aD0iMSIgaGVpZ2h0PSIxIiB4bWxucz0iaHR0cDovL3d3dy53My5vcmcvMjAwMC9zdmciPjwvc3ZnPg==\" style=\"--smush-placeholder-width: 489px; --smush-placeholder-aspect-ratio: 489\/869;\" \/><\/a>\n\t\t\t<\/dt><\/dl><dl class='gallery-item'>\n\t\t\t<dt class='gallery-icon landscape'>\n\t\t\t\t<a href='https:\/\/obispadodelinares.cl\/ol\/wp-content\/uploads\/2025\/08\/4f290c1a-9ac7-4573-bde0-fe37d22c737a.jpg'><img decoding=\"async\" width=\"1024\" height=\"768\" data-src=\"https:\/\/obispadodelinares.cl\/ol\/wp-content\/uploads\/2025\/08\/4f290c1a-9ac7-4573-bde0-fe37d22c737a-1024x768.jpg\" class=\"attachment-large size-large lazyload\" alt=\"\" data-srcset=\"https:\/\/obispadodelinares.cl\/ol\/wp-content\/uploads\/2025\/08\/4f290c1a-9ac7-4573-bde0-fe37d22c737a-1024x768.jpg 1024w, https:\/\/obispadodelinares.cl\/ol\/wp-content\/uploads\/2025\/08\/4f290c1a-9ac7-4573-bde0-fe37d22c737a-300x225.jpg 300w, https:\/\/obispadodelinares.cl\/ol\/wp-content\/uploads\/2025\/08\/4f290c1a-9ac7-4573-bde0-fe37d22c737a-768x576.jpg 768w, https:\/\/obispadodelinares.cl\/ol\/wp-content\/uploads\/2025\/08\/4f290c1a-9ac7-4573-bde0-fe37d22c737a.jpg 1159w\" data-sizes=\"(max-width: 1024px) 100vw, 1024px\" src=\"data:image\/svg+xml;base64,PHN2ZyB3aWR0aD0iMSIgaGVpZ2h0PSIxIiB4bWxucz0iaHR0cDovL3d3dy53My5vcmcvMjAwMC9zdmciPjwvc3ZnPg==\" style=\"--smush-placeholder-width: 1024px; --smush-placeholder-aspect-ratio: 1024\/768;\" \/><\/a>\n\t\t\t<\/dt><\/dl><dl class='gallery-item'>\n\t\t\t<dt class='gallery-icon landscape'>\n\t\t\t\t<a href='https:\/\/obispadodelinares.cl\/ol\/wp-content\/uploads\/2025\/08\/1e056eaa-bb25-46da-adaf-e7cec2684cf1.jpg'><img decoding=\"async\" width=\"1024\" height=\"768\" data-src=\"https:\/\/obispadodelinares.cl\/ol\/wp-content\/uploads\/2025\/08\/1e056eaa-bb25-46da-adaf-e7cec2684cf1-1024x768.jpg\" class=\"attachment-large size-large lazyload\" alt=\"\" data-srcset=\"https:\/\/obispadodelinares.cl\/ol\/wp-content\/uploads\/2025\/08\/1e056eaa-bb25-46da-adaf-e7cec2684cf1-1024x768.jpg 1024w, https:\/\/obispadodelinares.cl\/ol\/wp-content\/uploads\/2025\/08\/1e056eaa-bb25-46da-adaf-e7cec2684cf1-300x225.jpg 300w, https:\/\/obispadodelinares.cl\/ol\/wp-content\/uploads\/2025\/08\/1e056eaa-bb25-46da-adaf-e7cec2684cf1-768x576.jpg 768w, https:\/\/obispadodelinares.cl\/ol\/wp-content\/uploads\/2025\/08\/1e056eaa-bb25-46da-adaf-e7cec2684cf1.jpg 1159w\" data-sizes=\"(max-width: 1024px) 100vw, 1024px\" src=\"data:image\/svg+xml;base64,PHN2ZyB3aWR0aD0iMSIgaGVpZ2h0PSIxIiB4bWxucz0iaHR0cDovL3d3dy53My5vcmcvMjAwMC9zdmciPjwvc3ZnPg==\" style=\"--smush-placeholder-width: 1024px; --smush-placeholder-aspect-ratio: 1024\/768;\" \/><\/a>\n\t\t\t<\/dt><\/dl><br style=\"clear: both\" \/>\n\t\t<\/div>\n\n","protected":false},"excerpt":{"rendered":"<p>El Colegio Providencia de Parral, abri\u00f3 sus puertas con hospitalidad a m\u00e1s de 240 participantes se reunieron con fe y entusiasmo en el A\u00f1o del Centenario, el reci\u00e9n pasado fin de semana. \u00a0Un paso m\u00e1s hacia la Peregrinaci\u00f3n a la Puerta Santa, este 13 de septiembre. \u201cPeregrinos de la Esperanza\u201d: una Iglesia decanal viva y [&hellip;]<\/p>\n","protected":false},"author":1,"featured_media":21442,"comment_status":"closed","ping_status":"closed","sticky":false,"template":"","format":"standard","meta":{"h5ap_radio_sources":[],"footnotes":""},"categories":[488,372],"tags":[493,492],"class_list":["post-21440","post","type-post","status-publish","format-standard","has-post-thumbnail","hentry","category-488","category-centenario","tag-asamblea-decanal","tag-jubileo"],"_links":{"self":[{"href":"https:\/\/obispadodelinares.cl\/ol\/index.php?rest_route=\/wp\/v2\/posts\/21440","targetHints":{"allow":["GET"]}}],"collection":[{"href":"https:\/\/obispadodelinares.cl\/ol\/index.php?rest_route=\/wp\/v2\/posts"}],"about":[{"href":"https:\/\/obispadodelinares.cl\/ol\/index.php?rest_route=\/wp\/v2\/types\/post"}],"author":[{"embeddable":true,"href":"https:\/\/obispadodelinares.cl\/ol\/index.php?rest_route=\/wp\/v2\/users\/1"}],"replies":[{"embeddable":true,"href":"https:\/\/obispadodelinares.cl\/ol\/index.php?rest_route=%2Fwp%2Fv2%2Fcomments&post=21440"}],"version-history":[{"count":0,"href":"https:\/\/obispadodelinares.cl\/ol\/index.php?rest_route=\/wp\/v2\/posts\/21440\/revisions"}],"wp:featuredmedia":[{"embeddable":true,"href":"https:\/\/obispadodelinares.cl\/ol\/index.php?rest_route=\/wp\/v2\/media\/21442"}],"wp:attachment":[{"href":"https:\/\/obispadodelinares.cl\/ol\/index.php?rest_route=%2Fwp%2Fv2%2Fmedia&parent=21440"}],"wp:term":[{"taxonomy":"category","embeddable":true,"href":"https:\/\/obispadodelinares.cl\/ol\/index.php?rest_route=%2Fwp%2Fv2%2Fcategories&post=21440"},{"taxonomy":"post_tag","embeddable":true,"href":"https:\/\/obispadodelinares.cl\/ol\/index.php?rest_route=%2Fwp%2Fv2%2Ftags&post=21440"}],"curies":[{"name":"wp","href":"https:\/\/api.w.org\/{rel}","templated":true}]}}