{"id":21371,"date":"2025-08-19T16:36:24","date_gmt":"2025-08-19T20:36:24","guid":{"rendered":"https:\/\/obispadodelinares.cl\/ol\/?p=21371"},"modified":"2025-08-19T16:36:24","modified_gmt":"2025-08-19T20:36:24","slug":"dia-de-la-solidaridad-una-jornada-para-recordar-y-comprometernos","status":"publish","type":"post","link":"https:\/\/obispadodelinares.cl\/ol\/?p=21371","title":{"rendered":"D\u00eda de la Solidaridad: Una jornada para recordar y comprometernos"},"content":{"rendered":"<p><span style=\"font-weight: 400;\">Con profunda alegr\u00eda y esp\u00edritu fraterno, la Di\u00f3cesis de Linares celebr\u00f3 el D\u00eda de la Solidaridad, conmemorando la Pascua de San Alberto Hurtado, sacerdote jesuita y testigo fiel del amor al pr\u00f3jimo, cuyo legado sigue encendiendo corazones dispuestos a servir a los m\u00e1s necesitados.<\/span><\/p>\n<p><span style=\"font-weight: 400;\">Durante esta jornada, marcada por la oraci\u00f3n, la comuni\u00f3n y el compromiso solidario, se dio gracias a Dios por la vida y obra del Padre Hurtado, renovando los prop\u00f3sitos de construir una sociedad m\u00e1s justa, fraterna y solidaria.<\/span><\/p>\n<p><span style=\"font-weight: 400;\">Pastoral Social de Fundaci\u00f3n Caritas, agradeci\u00f3 de manera especial la presencia de las delegaciones estudiantiles, instituciones sociales, voluntarios y fieles, quienes con su participaci\u00f3n activa reflejan el esp\u00edritu del Evangelio hecho vida. Cada uno de los presentes, con su testimonio, mantienen viva la llama de la solidaridad en nuestra Iglesia diocesana, que este a\u00f1o celebra su centenario, as\u00ed es \u201cCien a\u00f1os sembrando las semillas del Reino en tierras maulinas\u201d<\/span><\/p>\n<p><b>Oraci\u00f3n de los Fieles: Una s\u00faplica por el bien com\u00fan<\/b><\/p>\n<p><span style=\"font-weight: 400;\">Durante la Santa Misa, la oraci\u00f3n fue intencionada por diversos prop\u00f3sitos que reflejan los dolores y esperanzas de nuestro pueblo:<\/span><\/p>\n<p><span style=\"font-weight: 400;\">Por la Iglesia, para que unida al Papa Le\u00f3n XIV, a nuestro Obispo Tomislav y al pueblo cristiano, d\u00e9 testimonio de una solidaridad comprometida con la justicia y la dignidad humana.<\/span><\/p>\n<p><span style=\"font-weight: 400;\">Por la paz en el mundo y en Chile, tierra amada por San Alberto.<\/span><\/p>\n<p><span style=\"font-weight: 400;\">Por los trabajadores y voluntarios, chilenos y migrantes, para que sus esfuerzos sean valorados y recompensados con justicia.<\/span><\/p>\n<p><span style=\"font-weight: 400;\">Por los j\u00f3venes, para que encuentren caminos de esperanza, educaci\u00f3n y crecimiento.<\/span><\/p>\n<p><span style=\"font-weight: 400;\">Por los adultos mayores, para que vivan con dignidad y cuidados tras a\u00f1os de servicio.<\/span><\/p>\n<p><span style=\"font-weight: 400;\">Por cada uno de los presentes, para que, a pesar de las dificultades, vivan alegres y solidarios, como lo ense\u00f1\u00f3 el Padre Hurtado.<\/span><\/p>\n<p><b>Ofrendas cargadas de sentido y esperanza<\/b><\/p>\n<p><span style=\"font-weight: 400;\">Las ofrendas presentadas simbolizaron el caminar de la Iglesia y el compromiso concreto con la solidaridad:<\/span><\/p>\n<p><span style=\"font-weight: 400;\">Una ilustraci\u00f3n del Mapa Pastoral Diocesano, reflejo del centenario y de la vida de fe en nuestras 33 parroquias.<\/span><\/p>\n<p><span style=\"font-weight: 400;\">La Memoria Anual del Hogar de Cristo, signo del servicio constante a quienes m\u00e1s sufren.<\/span><\/p>\n<p><span style=\"font-weight: 400;\">La bandera chilena, como clamor por un pa\u00eds m\u00e1s justo y respetuoso de toda vida.<\/span><\/p>\n<p><span style=\"font-weight: 400;\">Una rama de aromo, se\u00f1al de esperanza y cuidado de la creaci\u00f3n.<\/span><\/p>\n<p><span style=\"font-weight: 400;\">Alimentos de la Pastoral de las Temporeras, testimonio de servicio humilde y generoso.<\/span><\/p>\n<p><span style=\"font-weight: 400;\">Pan y vino, fruto de nuestro trabajo, que en el altar se transforma en la presencia viva de Cristo.<\/span><\/p>\n<p><b>Reconocimientos: Gratitud a quienes sirven con amor<\/b><\/p>\n<p><span style=\"font-weight: 400;\">Al finalizar la celebraci\u00f3n, se entregaron reconocimientos a personas y organizaciones que han entregado su tiempo, esfuerzo y coraz\u00f3n al servicio de los m\u00e1s necesitados. Destacando especialmente:<\/span><\/p>\n<p><span style=\"font-weight: 400;\">Hogar de Cristo, Comedores Fraternos: San Antonio de Padua, Parral\u2026 Padre Ren\u00e9 Gonz\u00e1lez, Parral\u2026 Padre Alberto Hurtado, Longav\u00ed; San Francisco Javier, San Javier\u2026 San Jos\u00e9, Constituci\u00f3n\u2026 San Antonio de Padua, Linares; El Carmen, Linares\u2026 Olla Fraterna Flavio Torres, Linares\u2026 Comedor Esperanzas, Panim\u00e1vida; Casa de la Misericordia, Linares\u2026Residencias de Vida Familiar; Hogares de Personas Mayores.<\/span><\/p>\n<p><span style=\"font-weight: 400;\">San Alberto Hurtado nos recuerda que \u00abel que no vive para servir, no sirve para vivir\u00bb. Que su vida y obra sigan inspirando a nuestra Iglesia a ser cada d\u00eda m\u00e1s solidaria, samaritana y comprometida con la dignidad de todos. <\/span><\/p>\n\n\t\t<style type=\"text\/css\">\n\t\t\t#gallery-1 {\n\t\t\t\tmargin: auto;\n\t\t\t}\n\t\t\t#gallery-1 .gallery-item {\n\t\t\t\tfloat: left;\n\t\t\t\tmargin-top: 10px;\n\t\t\t\ttext-align: center;\n\t\t\t\twidth: 33%;\n\t\t\t}\n\t\t\t#gallery-1 img {\n\t\t\t\tborder: 2px solid #cfcfcf;\n\t\t\t}\n\t\t\t#gallery-1 .gallery-caption {\n\t\t\t\tmargin-left: 0;\n\t\t\t}\n\t\t\t\/* see gallery_shortcode() in wp-includes\/media.php *\/\n\t\t<\/style>\n\t\t<div id='gallery-1' class='gallery galleryid-21371 gallery-columns-3 gallery-size-large'><dl class='gallery-item'>\n\t\t\t<dt class='gallery-icon landscape'>\n\t\t\t\t<a href='https:\/\/obispadodelinares.cl\/ol\/?attachment_id=21380'><img fetchpriority=\"high\" decoding=\"async\" width=\"1024\" height=\"768\" src=\"https:\/\/obispadodelinares.cl\/ol\/wp-content\/uploads\/2025\/08\/IMG_5824-1024x768.jpg\" class=\"attachment-large size-large\" alt=\"\" srcset=\"https:\/\/obispadodelinares.cl\/ol\/wp-content\/uploads\/2025\/08\/IMG_5824-1024x768.jpg 1024w, https:\/\/obispadodelinares.cl\/ol\/wp-content\/uploads\/2025\/08\/IMG_5824-300x225.jpg 300w, https:\/\/obispadodelinares.cl\/ol\/wp-content\/uploads\/2025\/08\/IMG_5824-768x576.jpg 768w, https:\/\/obispadodelinares.cl\/ol\/wp-content\/uploads\/2025\/08\/IMG_5824.jpg 1159w\" sizes=\"(max-width: 1024px) 100vw, 1024px\" \/><\/a>\n\t\t\t<\/dt><\/dl><dl class='gallery-item'>\n\t\t\t<dt class='gallery-icon landscape'>\n\t\t\t\t<a href='https:\/\/obispadodelinares.cl\/ol\/?attachment_id=21379'><img decoding=\"async\" width=\"1024\" height=\"768\" data-src=\"https:\/\/obispadodelinares.cl\/ol\/wp-content\/uploads\/2025\/08\/IMG_5820-1024x768.jpg\" class=\"attachment-large size-large lazyload\" alt=\"\" data-srcset=\"https:\/\/obispadodelinares.cl\/ol\/wp-content\/uploads\/2025\/08\/IMG_5820-1024x768.jpg 1024w, https:\/\/obispadodelinares.cl\/ol\/wp-content\/uploads\/2025\/08\/IMG_5820-300x225.jpg 300w, https:\/\/obispadodelinares.cl\/ol\/wp-content\/uploads\/2025\/08\/IMG_5820-768x576.jpg 768w, https:\/\/obispadodelinares.cl\/ol\/wp-content\/uploads\/2025\/08\/IMG_5820.jpg 1159w\" data-sizes=\"(max-width: 1024px) 100vw, 1024px\" src=\"data:image\/svg+xml;base64,PHN2ZyB3aWR0aD0iMSIgaGVpZ2h0PSIxIiB4bWxucz0iaHR0cDovL3d3dy53My5vcmcvMjAwMC9zdmciPjwvc3ZnPg==\" style=\"--smush-placeholder-width: 1024px; --smush-placeholder-aspect-ratio: 1024\/768;\" \/><\/a>\n\t\t\t<\/dt><\/dl><dl class='gallery-item'>\n\t\t\t<dt class='gallery-icon landscape'>\n\t\t\t\t<a href='https:\/\/obispadodelinares.cl\/ol\/?attachment_id=21378'><img decoding=\"async\" width=\"1024\" height=\"768\" data-src=\"https:\/\/obispadodelinares.cl\/ol\/wp-content\/uploads\/2025\/08\/IMG_5812-1024x768.jpg\" class=\"attachment-large size-large lazyload\" alt=\"\" data-srcset=\"https:\/\/obispadodelinares.cl\/ol\/wp-content\/uploads\/2025\/08\/IMG_5812-1024x768.jpg 1024w, https:\/\/obispadodelinares.cl\/ol\/wp-content\/uploads\/2025\/08\/IMG_5812-300x225.jpg 300w, https:\/\/obispadodelinares.cl\/ol\/wp-content\/uploads\/2025\/08\/IMG_5812-768x576.jpg 768w, https:\/\/obispadodelinares.cl\/ol\/wp-content\/uploads\/2025\/08\/IMG_5812.jpg 1159w\" data-sizes=\"(max-width: 1024px) 100vw, 1024px\" src=\"data:image\/svg+xml;base64,PHN2ZyB3aWR0aD0iMSIgaGVpZ2h0PSIxIiB4bWxucz0iaHR0cDovL3d3dy53My5vcmcvMjAwMC9zdmciPjwvc3ZnPg==\" style=\"--smush-placeholder-width: 1024px; --smush-placeholder-aspect-ratio: 1024\/768;\" \/><\/a>\n\t\t\t<\/dt><\/dl><br style=\"clear: both\" \/><dl class='gallery-item'>\n\t\t\t<dt class='gallery-icon landscape'>\n\t\t\t\t<a href='https:\/\/obispadodelinares.cl\/ol\/?attachment_id=21377'><img decoding=\"async\" width=\"1024\" height=\"768\" data-src=\"https:\/\/obispadodelinares.cl\/ol\/wp-content\/uploads\/2025\/08\/IMG_5811-1024x768.jpg\" class=\"attachment-large size-large lazyload\" alt=\"\" data-srcset=\"https:\/\/obispadodelinares.cl\/ol\/wp-content\/uploads\/2025\/08\/IMG_5811-1024x768.jpg 1024w, https:\/\/obispadodelinares.cl\/ol\/wp-content\/uploads\/2025\/08\/IMG_5811-300x225.jpg 300w, https:\/\/obispadodelinares.cl\/ol\/wp-content\/uploads\/2025\/08\/IMG_5811-768x576.jpg 768w, https:\/\/obispadodelinares.cl\/ol\/wp-content\/uploads\/2025\/08\/IMG_5811.jpg 1159w\" data-sizes=\"(max-width: 1024px) 100vw, 1024px\" src=\"data:image\/svg+xml;base64,PHN2ZyB3aWR0aD0iMSIgaGVpZ2h0PSIxIiB4bWxucz0iaHR0cDovL3d3dy53My5vcmcvMjAwMC9zdmciPjwvc3ZnPg==\" style=\"--smush-placeholder-width: 1024px; --smush-placeholder-aspect-ratio: 1024\/768;\" \/><\/a>\n\t\t\t<\/dt><\/dl><dl class='gallery-item'>\n\t\t\t<dt class='gallery-icon landscape'>\n\t\t\t\t<a href='https:\/\/obispadodelinares.cl\/ol\/?attachment_id=21376'><img decoding=\"async\" width=\"1024\" height=\"768\" data-src=\"https:\/\/obispadodelinares.cl\/ol\/wp-content\/uploads\/2025\/08\/IMG_5807-1024x768.jpg\" class=\"attachment-large size-large lazyload\" alt=\"\" data-srcset=\"https:\/\/obispadodelinares.cl\/ol\/wp-content\/uploads\/2025\/08\/IMG_5807-1024x768.jpg 1024w, https:\/\/obispadodelinares.cl\/ol\/wp-content\/uploads\/2025\/08\/IMG_5807-300x225.jpg 300w, https:\/\/obispadodelinares.cl\/ol\/wp-content\/uploads\/2025\/08\/IMG_5807-768x576.jpg 768w, https:\/\/obispadodelinares.cl\/ol\/wp-content\/uploads\/2025\/08\/IMG_5807.jpg 1159w\" data-sizes=\"(max-width: 1024px) 100vw, 1024px\" src=\"data:image\/svg+xml;base64,PHN2ZyB3aWR0aD0iMSIgaGVpZ2h0PSIxIiB4bWxucz0iaHR0cDovL3d3dy53My5vcmcvMjAwMC9zdmciPjwvc3ZnPg==\" style=\"--smush-placeholder-width: 1024px; --smush-placeholder-aspect-ratio: 1024\/768;\" \/><\/a>\n\t\t\t<\/dt><\/dl><dl class='gallery-item'>\n\t\t\t<dt class='gallery-icon landscape'>\n\t\t\t\t<a href='https:\/\/obispadodelinares.cl\/ol\/?attachment_id=21375'><img decoding=\"async\" width=\"1024\" height=\"768\" data-src=\"https:\/\/obispadodelinares.cl\/ol\/wp-content\/uploads\/2025\/08\/IMG_5805-1024x768.jpg\" class=\"attachment-large size-large lazyload\" alt=\"\" data-srcset=\"https:\/\/obispadodelinares.cl\/ol\/wp-content\/uploads\/2025\/08\/IMG_5805-1024x768.jpg 1024w, https:\/\/obispadodelinares.cl\/ol\/wp-content\/uploads\/2025\/08\/IMG_5805-300x225.jpg 300w, https:\/\/obispadodelinares.cl\/ol\/wp-content\/uploads\/2025\/08\/IMG_5805-768x576.jpg 768w, https:\/\/obispadodelinares.cl\/ol\/wp-content\/uploads\/2025\/08\/IMG_5805.jpg 1159w\" data-sizes=\"(max-width: 1024px) 100vw, 1024px\" src=\"data:image\/svg+xml;base64,PHN2ZyB3aWR0aD0iMSIgaGVpZ2h0PSIxIiB4bWxucz0iaHR0cDovL3d3dy53My5vcmcvMjAwMC9zdmciPjwvc3ZnPg==\" style=\"--smush-placeholder-width: 1024px; --smush-placeholder-aspect-ratio: 1024\/768;\" \/><\/a>\n\t\t\t<\/dt><\/dl><br style=\"clear: both\" \/><dl class='gallery-item'>\n\t\t\t<dt class='gallery-icon landscape'>\n\t\t\t\t<a href='https:\/\/obispadodelinares.cl\/ol\/?attachment_id=21372'><img decoding=\"async\" width=\"1024\" height=\"768\" data-src=\"https:\/\/obispadodelinares.cl\/ol\/wp-content\/uploads\/2025\/08\/IMG_5801-1024x768.jpg\" class=\"attachment-large size-large lazyload\" alt=\"\" data-srcset=\"https:\/\/obispadodelinares.cl\/ol\/wp-content\/uploads\/2025\/08\/IMG_5801-1024x768.jpg 1024w, https:\/\/obispadodelinares.cl\/ol\/wp-content\/uploads\/2025\/08\/IMG_5801-300x225.jpg 300w, https:\/\/obispadodelinares.cl\/ol\/wp-content\/uploads\/2025\/08\/IMG_5801-768x576.jpg 768w, https:\/\/obispadodelinares.cl\/ol\/wp-content\/uploads\/2025\/08\/IMG_5801.jpg 1159w\" data-sizes=\"(max-width: 1024px) 100vw, 1024px\" src=\"data:image\/svg+xml;base64,PHN2ZyB3aWR0aD0iMSIgaGVpZ2h0PSIxIiB4bWxucz0iaHR0cDovL3d3dy53My5vcmcvMjAwMC9zdmciPjwvc3ZnPg==\" style=\"--smush-placeholder-width: 1024px; --smush-placeholder-aspect-ratio: 1024\/768;\" \/><\/a>\n\t\t\t<\/dt><\/dl><dl class='gallery-item'>\n\t\t\t<dt class='gallery-icon landscape'>\n\t\t\t\t<a href='https:\/\/obispadodelinares.cl\/ol\/?attachment_id=21373'><img decoding=\"async\" width=\"1024\" height=\"768\" data-src=\"https:\/\/obispadodelinares.cl\/ol\/wp-content\/uploads\/2025\/08\/IMG_5803-1024x768.jpg\" class=\"attachment-large size-large lazyload\" alt=\"\" data-srcset=\"https:\/\/obispadodelinares.cl\/ol\/wp-content\/uploads\/2025\/08\/IMG_5803-1024x768.jpg 1024w, https:\/\/obispadodelinares.cl\/ol\/wp-content\/uploads\/2025\/08\/IMG_5803-300x225.jpg 300w, https:\/\/obispadodelinares.cl\/ol\/wp-content\/uploads\/2025\/08\/IMG_5803-768x576.jpg 768w, https:\/\/obispadodelinares.cl\/ol\/wp-content\/uploads\/2025\/08\/IMG_5803.jpg 1159w\" data-sizes=\"(max-width: 1024px) 100vw, 1024px\" src=\"data:image\/svg+xml;base64,PHN2ZyB3aWR0aD0iMSIgaGVpZ2h0PSIxIiB4bWxucz0iaHR0cDovL3d3dy53My5vcmcvMjAwMC9zdmciPjwvc3ZnPg==\" style=\"--smush-placeholder-width: 1024px; --smush-placeholder-aspect-ratio: 1024\/768;\" \/><\/a>\n\t\t\t<\/dt><\/dl><dl class='gallery-item'>\n\t\t\t<dt class='gallery-icon landscape'>\n\t\t\t\t<a href='https:\/\/obispadodelinares.cl\/ol\/?attachment_id=21374'><img decoding=\"async\" width=\"1024\" height=\"768\" data-src=\"https:\/\/obispadodelinares.cl\/ol\/wp-content\/uploads\/2025\/08\/IMG_5804-1024x768.jpg\" class=\"attachment-large size-large lazyload\" alt=\"\" data-srcset=\"https:\/\/obispadodelinares.cl\/ol\/wp-content\/uploads\/2025\/08\/IMG_5804-1024x768.jpg 1024w, https:\/\/obispadodelinares.cl\/ol\/wp-content\/uploads\/2025\/08\/IMG_5804-300x225.jpg 300w, https:\/\/obispadodelinares.cl\/ol\/wp-content\/uploads\/2025\/08\/IMG_5804-768x576.jpg 768w, https:\/\/obispadodelinares.cl\/ol\/wp-content\/uploads\/2025\/08\/IMG_5804.jpg 1159w\" data-sizes=\"(max-width: 1024px) 100vw, 1024px\" src=\"data:image\/svg+xml;base64,PHN2ZyB3aWR0aD0iMSIgaGVpZ2h0PSIxIiB4bWxucz0iaHR0cDovL3d3dy53My5vcmcvMjAwMC9zdmciPjwvc3ZnPg==\" style=\"--smush-placeholder-width: 1024px; --smush-placeholder-aspect-ratio: 1024\/768;\" \/><\/a>\n\t\t\t<\/dt><\/dl><br style=\"clear: both\" \/>\n\t\t<\/div>\n\n","protected":false},"excerpt":{"rendered":"<p>Con profunda alegr\u00eda y esp\u00edritu fraterno, la Di\u00f3cesis de Linares celebr\u00f3 el D\u00eda de la Solidaridad, conmemorando la Pascua de San Alberto Hurtado, sacerdote jesuita y testigo fiel del amor al pr\u00f3jimo, cuyo legado sigue encendiendo corazones dispuestos a servir a los m\u00e1s necesitados. Durante esta jornada, marcada por la oraci\u00f3n, la comuni\u00f3n y el [&hellip;]<\/p>\n","protected":false},"author":1,"featured_media":21376,"comment_status":"closed","ping_status":"closed","sticky":false,"template":"","format":"standard","meta":{"h5ap_radio_sources":[],"footnotes":""},"categories":[488,57],"tags":[388,252],"class_list":["post-21371","post","type-post","status-publish","format-standard","has-post-thumbnail","hentry","category-488","category-pastoral-social","tag-dia-de-la-solidaridad","tag-mes-de-la-solidaridad"],"_links":{"self":[{"href":"https:\/\/obispadodelinares.cl\/ol\/index.php?rest_route=\/wp\/v2\/posts\/21371","targetHints":{"allow":["GET"]}}],"collection":[{"href":"https:\/\/obispadodelinares.cl\/ol\/index.php?rest_route=\/wp\/v2\/posts"}],"about":[{"href":"https:\/\/obispadodelinares.cl\/ol\/index.php?rest_route=\/wp\/v2\/types\/post"}],"author":[{"embeddable":true,"href":"https:\/\/obispadodelinares.cl\/ol\/index.php?rest_route=\/wp\/v2\/users\/1"}],"replies":[{"embeddable":true,"href":"https:\/\/obispadodelinares.cl\/ol\/index.php?rest_route=%2Fwp%2Fv2%2Fcomments&post=21371"}],"version-history":[{"count":0,"href":"https:\/\/obispadodelinares.cl\/ol\/index.php?rest_route=\/wp\/v2\/posts\/21371\/revisions"}],"wp:featuredmedia":[{"embeddable":true,"href":"https:\/\/obispadodelinares.cl\/ol\/index.php?rest_route=\/wp\/v2\/media\/21376"}],"wp:attachment":[{"href":"https:\/\/obispadodelinares.cl\/ol\/index.php?rest_route=%2Fwp%2Fv2%2Fmedia&parent=21371"}],"wp:term":[{"taxonomy":"category","embeddable":true,"href":"https:\/\/obispadodelinares.cl\/ol\/index.php?rest_route=%2Fwp%2Fv2%2Fcategories&post=21371"},{"taxonomy":"post_tag","embeddable":true,"href":"https:\/\/obispadodelinares.cl\/ol\/index.php?rest_route=%2Fwp%2Fv2%2Ftags&post=21371"}],"curies":[{"name":"wp","href":"https:\/\/api.w.org\/{rel}","templated":true}]}}