{"id":21284,"date":"2025-07-28T17:17:27","date_gmt":"2025-07-28T21:17:27","guid":{"rendered":"https:\/\/obispadodelinares.cl\/ol\/?p=21284"},"modified":"2025-07-28T17:17:27","modified_gmt":"2025-07-28T21:17:27","slug":"jornada-de-perdon-y-reconciliacion-reunio-a-familias-en-longavi","status":"publish","type":"post","link":"https:\/\/obispadodelinares.cl\/ol\/?p=21284","title":{"rendered":"Jornada de Perd\u00f3n y Reconciliaci\u00f3n reuni\u00f3 a familias en Longav\u00ed"},"content":{"rendered":"<p><span style=\"font-weight: 400;\">El viernes 25 de julio se realiz\u00f3 Jornada sobre Perd\u00f3n y Reconciliaci\u00f3n en la parroquia San Lorenzo M\u00e1rtir de Longav\u00ed, instancia organizada en conjunto por el Departamento de Familia del Obispado de Linares, el equipo de catequesis parroquial y el p\u00e1rroco P. Agustinus Saryanto, asesorados por el P. Wempi <\/span><span style=\"font-weight: 400;\">Mandagie Limbong, vicario parroquial.\u00a0<\/span><\/p>\n<p><span style=\"font-weight: 400;\">La actividad convoc\u00f3 a ni\u00f1os y padres que actualmente se preparan para recibir el sacramento de la Primera Comuni\u00f3n, en un ambiente fraterno, alegre y profundamente reflexivo, que fortalece la fe, la unidad familiar y el camino hacia una vivencia m\u00e1s plena del Evangelio.<\/span><\/p>\n<p><span style=\"font-weight: 400;\">Los ni\u00f1os trabajaron el tema del perd\u00f3n de forma l\u00fadica y adaptada a su edad, guiados por una psic\u00f3loga, quien con din\u00e1micas participativas y cercanas logr\u00f3 que los peque\u00f1os comprendieran el valor del perd\u00f3n desde la experiencia que cada cual vive. Por su parte, los padres abordaron el mismo tema a la luz del Evangelio, profundizando en el llamado cristiano a la reconciliaci\u00f3n y al amor misericordioso del Padre Dios.<\/span><\/p>\n<p><span style=\"font-weight: 400;\">El encuentro fue valorado por todos como una bella oportunidad para reflexionar en familia sobre temas tan profundos, vividos muchas veces desde la particularidad de cada coraz\u00f3n y que sin duda vividos en comunidad se hacen mucho m\u00e1s llevaderos.<\/span><\/p>\n<p><span style=\"font-weight: 400;\">El p\u00e1rroco, P. Agustinus Saryanto, agradeci\u00f3 especialmente la colaboraci\u00f3n del Departamento de Familia del Obispado, as\u00ed como el compromiso y participaci\u00f3n activa del equipo de catequesis parroquial y de todas las familias que comparten este proceso formativo.\u00a0<\/span><\/p>\n<p><span style=\"font-weight: 400;\">Por su parte el Equipo Coordinador Diocesano de Pastoral Familiar, agradeci\u00f3 el inter\u00e9s y la participaci\u00f3n de los asistentes, mientras les entregaban \u00a0 medallas alusivas al encuentro y las oraciones para rezar en familiares, invit\u00e1ndoles a seguir perseverando en fortalecer y transmitir su fe y continuar form\u00e1ndose en comunidad.<\/span><\/p>\n<p>&nbsp;<\/p>\n\n\t\t<style type=\"text\/css\">\n\t\t\t#gallery-1 {\n\t\t\t\tmargin: auto;\n\t\t\t}\n\t\t\t#gallery-1 .gallery-item {\n\t\t\t\tfloat: left;\n\t\t\t\tmargin-top: 10px;\n\t\t\t\ttext-align: center;\n\t\t\t\twidth: 33%;\n\t\t\t}\n\t\t\t#gallery-1 img {\n\t\t\t\tborder: 2px solid #cfcfcf;\n\t\t\t}\n\t\t\t#gallery-1 .gallery-caption {\n\t\t\t\tmargin-left: 0;\n\t\t\t}\n\t\t\t\/* see gallery_shortcode() in wp-includes\/media.php *\/\n\t\t<\/style>\n\t\t<div id='gallery-1' class='gallery galleryid-21284 gallery-columns-3 gallery-size-large'><dl class='gallery-item'>\n\t\t\t<dt class='gallery-icon landscape'>\n\t\t\t\t<a href='https:\/\/obispadodelinares.cl\/ol\/wp-content\/uploads\/2025\/07\/IMG_5681.jpg'><img fetchpriority=\"high\" decoding=\"async\" width=\"1024\" height=\"768\" src=\"https:\/\/obispadodelinares.cl\/ol\/wp-content\/uploads\/2025\/07\/IMG_5681-1024x768.jpg\" class=\"attachment-large size-large\" alt=\"\" srcset=\"https:\/\/obispadodelinares.cl\/ol\/wp-content\/uploads\/2025\/07\/IMG_5681-1024x768.jpg 1024w, https:\/\/obispadodelinares.cl\/ol\/wp-content\/uploads\/2025\/07\/IMG_5681-300x225.jpg 300w, https:\/\/obispadodelinares.cl\/ol\/wp-content\/uploads\/2025\/07\/IMG_5681-768x576.jpg 768w, https:\/\/obispadodelinares.cl\/ol\/wp-content\/uploads\/2025\/07\/IMG_5681.jpg 1159w\" sizes=\"(max-width: 1024px) 100vw, 1024px\" \/><\/a>\n\t\t\t<\/dt><\/dl><dl class='gallery-item'>\n\t\t\t<dt class='gallery-icon landscape'>\n\t\t\t\t<a href='https:\/\/obispadodelinares.cl\/ol\/wp-content\/uploads\/2025\/07\/IMG_5676.jpg'><img decoding=\"async\" width=\"1024\" height=\"768\" data-src=\"https:\/\/obispadodelinares.cl\/ol\/wp-content\/uploads\/2025\/07\/IMG_5676-1024x768.jpg\" class=\"attachment-large size-large lazyload\" alt=\"\" data-srcset=\"https:\/\/obispadodelinares.cl\/ol\/wp-content\/uploads\/2025\/07\/IMG_5676-1024x768.jpg 1024w, https:\/\/obispadodelinares.cl\/ol\/wp-content\/uploads\/2025\/07\/IMG_5676-300x225.jpg 300w, https:\/\/obispadodelinares.cl\/ol\/wp-content\/uploads\/2025\/07\/IMG_5676-768x576.jpg 768w, https:\/\/obispadodelinares.cl\/ol\/wp-content\/uploads\/2025\/07\/IMG_5676.jpg 1159w\" data-sizes=\"(max-width: 1024px) 100vw, 1024px\" src=\"data:image\/svg+xml;base64,PHN2ZyB3aWR0aD0iMSIgaGVpZ2h0PSIxIiB4bWxucz0iaHR0cDovL3d3dy53My5vcmcvMjAwMC9zdmciPjwvc3ZnPg==\" style=\"--smush-placeholder-width: 1024px; --smush-placeholder-aspect-ratio: 1024\/768;\" \/><\/a>\n\t\t\t<\/dt><\/dl><dl class='gallery-item'>\n\t\t\t<dt class='gallery-icon landscape'>\n\t\t\t\t<a href='https:\/\/obispadodelinares.cl\/ol\/wp-content\/uploads\/2025\/07\/IMG_5657.jpg'><img decoding=\"async\" width=\"1024\" height=\"768\" data-src=\"https:\/\/obispadodelinares.cl\/ol\/wp-content\/uploads\/2025\/07\/IMG_5657-1024x768.jpg\" class=\"attachment-large size-large lazyload\" alt=\"\" data-srcset=\"https:\/\/obispadodelinares.cl\/ol\/wp-content\/uploads\/2025\/07\/IMG_5657-1024x768.jpg 1024w, https:\/\/obispadodelinares.cl\/ol\/wp-content\/uploads\/2025\/07\/IMG_5657-300x225.jpg 300w, https:\/\/obispadodelinares.cl\/ol\/wp-content\/uploads\/2025\/07\/IMG_5657-768x576.jpg 768w, https:\/\/obispadodelinares.cl\/ol\/wp-content\/uploads\/2025\/07\/IMG_5657.jpg 1159w\" data-sizes=\"(max-width: 1024px) 100vw, 1024px\" src=\"data:image\/svg+xml;base64,PHN2ZyB3aWR0aD0iMSIgaGVpZ2h0PSIxIiB4bWxucz0iaHR0cDovL3d3dy53My5vcmcvMjAwMC9zdmciPjwvc3ZnPg==\" style=\"--smush-placeholder-width: 1024px; --smush-placeholder-aspect-ratio: 1024\/768;\" \/><\/a>\n\t\t\t<\/dt><\/dl><br style=\"clear: both\" \/><dl class='gallery-item'>\n\t\t\t<dt class='gallery-icon landscape'>\n\t\t\t\t<a href='https:\/\/obispadodelinares.cl\/ol\/wp-content\/uploads\/2025\/07\/IMG_5674.jpg'><img decoding=\"async\" width=\"1024\" height=\"768\" data-src=\"https:\/\/obispadodelinares.cl\/ol\/wp-content\/uploads\/2025\/07\/IMG_5674-1024x768.jpg\" class=\"attachment-large size-large lazyload\" alt=\"\" data-srcset=\"https:\/\/obispadodelinares.cl\/ol\/wp-content\/uploads\/2025\/07\/IMG_5674-1024x768.jpg 1024w, https:\/\/obispadodelinares.cl\/ol\/wp-content\/uploads\/2025\/07\/IMG_5674-300x225.jpg 300w, https:\/\/obispadodelinares.cl\/ol\/wp-content\/uploads\/2025\/07\/IMG_5674-768x576.jpg 768w, https:\/\/obispadodelinares.cl\/ol\/wp-content\/uploads\/2025\/07\/IMG_5674.jpg 1159w\" data-sizes=\"(max-width: 1024px) 100vw, 1024px\" src=\"data:image\/svg+xml;base64,PHN2ZyB3aWR0aD0iMSIgaGVpZ2h0PSIxIiB4bWxucz0iaHR0cDovL3d3dy53My5vcmcvMjAwMC9zdmciPjwvc3ZnPg==\" style=\"--smush-placeholder-width: 1024px; --smush-placeholder-aspect-ratio: 1024\/768;\" \/><\/a>\n\t\t\t<\/dt><\/dl><dl class='gallery-item'>\n\t\t\t<dt class='gallery-icon landscape'>\n\t\t\t\t<a href='https:\/\/obispadodelinares.cl\/ol\/wp-content\/uploads\/2025\/07\/IMG_5669.jpg'><img decoding=\"async\" width=\"1024\" height=\"768\" data-src=\"https:\/\/obispadodelinares.cl\/ol\/wp-content\/uploads\/2025\/07\/IMG_5669-1024x768.jpg\" class=\"attachment-large size-large lazyload\" alt=\"\" data-srcset=\"https:\/\/obispadodelinares.cl\/ol\/wp-content\/uploads\/2025\/07\/IMG_5669-1024x768.jpg 1024w, https:\/\/obispadodelinares.cl\/ol\/wp-content\/uploads\/2025\/07\/IMG_5669-300x225.jpg 300w, https:\/\/obispadodelinares.cl\/ol\/wp-content\/uploads\/2025\/07\/IMG_5669-768x576.jpg 768w, https:\/\/obispadodelinares.cl\/ol\/wp-content\/uploads\/2025\/07\/IMG_5669.jpg 1159w\" data-sizes=\"(max-width: 1024px) 100vw, 1024px\" src=\"data:image\/svg+xml;base64,PHN2ZyB3aWR0aD0iMSIgaGVpZ2h0PSIxIiB4bWxucz0iaHR0cDovL3d3dy53My5vcmcvMjAwMC9zdmciPjwvc3ZnPg==\" style=\"--smush-placeholder-width: 1024px; --smush-placeholder-aspect-ratio: 1024\/768;\" \/><\/a>\n\t\t\t<\/dt><\/dl><dl class='gallery-item'>\n\t\t\t<dt class='gallery-icon landscape'>\n\t\t\t\t<a href='https:\/\/obispadodelinares.cl\/ol\/wp-content\/uploads\/2025\/07\/IMG_5666.jpg'><img decoding=\"async\" width=\"1024\" height=\"768\" data-src=\"https:\/\/obispadodelinares.cl\/ol\/wp-content\/uploads\/2025\/07\/IMG_5666-1024x768.jpg\" class=\"attachment-large size-large lazyload\" alt=\"\" data-srcset=\"https:\/\/obispadodelinares.cl\/ol\/wp-content\/uploads\/2025\/07\/IMG_5666-1024x768.jpg 1024w, https:\/\/obispadodelinares.cl\/ol\/wp-content\/uploads\/2025\/07\/IMG_5666-300x225.jpg 300w, https:\/\/obispadodelinares.cl\/ol\/wp-content\/uploads\/2025\/07\/IMG_5666-768x576.jpg 768w, https:\/\/obispadodelinares.cl\/ol\/wp-content\/uploads\/2025\/07\/IMG_5666.jpg 1159w\" data-sizes=\"(max-width: 1024px) 100vw, 1024px\" src=\"data:image\/svg+xml;base64,PHN2ZyB3aWR0aD0iMSIgaGVpZ2h0PSIxIiB4bWxucz0iaHR0cDovL3d3dy53My5vcmcvMjAwMC9zdmciPjwvc3ZnPg==\" style=\"--smush-placeholder-width: 1024px; --smush-placeholder-aspect-ratio: 1024\/768;\" \/><\/a>\n\t\t\t<\/dt><\/dl><br style=\"clear: both\" \/><dl class='gallery-item'>\n\t\t\t<dt class='gallery-icon landscape'>\n\t\t\t\t<a href='https:\/\/obispadodelinares.cl\/ol\/wp-content\/uploads\/2025\/07\/IMG_5662.jpg'><img decoding=\"async\" width=\"1024\" height=\"768\" data-src=\"https:\/\/obispadodelinares.cl\/ol\/wp-content\/uploads\/2025\/07\/IMG_5662-1024x768.jpg\" class=\"attachment-large size-large lazyload\" alt=\"\" data-srcset=\"https:\/\/obispadodelinares.cl\/ol\/wp-content\/uploads\/2025\/07\/IMG_5662-1024x768.jpg 1024w, https:\/\/obispadodelinares.cl\/ol\/wp-content\/uploads\/2025\/07\/IMG_5662-300x225.jpg 300w, https:\/\/obispadodelinares.cl\/ol\/wp-content\/uploads\/2025\/07\/IMG_5662-768x576.jpg 768w, https:\/\/obispadodelinares.cl\/ol\/wp-content\/uploads\/2025\/07\/IMG_5662.jpg 1159w\" data-sizes=\"(max-width: 1024px) 100vw, 1024px\" src=\"data:image\/svg+xml;base64,PHN2ZyB3aWR0aD0iMSIgaGVpZ2h0PSIxIiB4bWxucz0iaHR0cDovL3d3dy53My5vcmcvMjAwMC9zdmciPjwvc3ZnPg==\" style=\"--smush-placeholder-width: 1024px; --smush-placeholder-aspect-ratio: 1024\/768;\" \/><\/a>\n\t\t\t<\/dt><\/dl>\n\t\t\t<br style='clear: both' \/>\n\t\t<\/div>\n\n","protected":false},"excerpt":{"rendered":"<p>El viernes 25 de julio se realiz\u00f3 Jornada sobre Perd\u00f3n y Reconciliaci\u00f3n en la parroquia San Lorenzo M\u00e1rtir de Longav\u00ed, instancia organizada en conjunto por el Departamento de Familia del Obispado de Linares, el equipo de catequesis parroquial y el p\u00e1rroco P. Agustinus Saryanto, asesorados por el P. Wempi Mandagie Limbong, vicario parroquial.\u00a0 La actividad [&hellip;]<\/p>\n","protected":false},"author":1,"featured_media":21291,"comment_status":"closed","ping_status":"closed","sticky":false,"template":"","format":"standard","meta":{"h5ap_radio_sources":[],"footnotes":""},"categories":[488,92],"tags":[132,281,483],"class_list":["post-21284","post","type-post","status-publish","format-standard","has-post-thumbnail","hentry","category-488","category-pastoral-familiar","tag-longavi","tag-parroquia-san-lorenzo","tag-pastoral-familiar"],"_links":{"self":[{"href":"https:\/\/obispadodelinares.cl\/ol\/index.php?rest_route=\/wp\/v2\/posts\/21284","targetHints":{"allow":["GET"]}}],"collection":[{"href":"https:\/\/obispadodelinares.cl\/ol\/index.php?rest_route=\/wp\/v2\/posts"}],"about":[{"href":"https:\/\/obispadodelinares.cl\/ol\/index.php?rest_route=\/wp\/v2\/types\/post"}],"author":[{"embeddable":true,"href":"https:\/\/obispadodelinares.cl\/ol\/index.php?rest_route=\/wp\/v2\/users\/1"}],"replies":[{"embeddable":true,"href":"https:\/\/obispadodelinares.cl\/ol\/index.php?rest_route=%2Fwp%2Fv2%2Fcomments&post=21284"}],"version-history":[{"count":0,"href":"https:\/\/obispadodelinares.cl\/ol\/index.php?rest_route=\/wp\/v2\/posts\/21284\/revisions"}],"wp:featuredmedia":[{"embeddable":true,"href":"https:\/\/obispadodelinares.cl\/ol\/index.php?rest_route=\/wp\/v2\/media\/21291"}],"wp:attachment":[{"href":"https:\/\/obispadodelinares.cl\/ol\/index.php?rest_route=%2Fwp%2Fv2%2Fmedia&parent=21284"}],"wp:term":[{"taxonomy":"category","embeddable":true,"href":"https:\/\/obispadodelinares.cl\/ol\/index.php?rest_route=%2Fwp%2Fv2%2Fcategories&post=21284"},{"taxonomy":"post_tag","embeddable":true,"href":"https:\/\/obispadodelinares.cl\/ol\/index.php?rest_route=%2Fwp%2Fv2%2Ftags&post=21284"}],"curies":[{"name":"wp","href":"https:\/\/api.w.org\/{rel}","templated":true}]}}