{"id":19971,"date":"2024-11-11T12:01:37","date_gmt":"2024-11-11T15:01:37","guid":{"rendered":"https:\/\/obispadodelinares.cl\/ol\/?p=19971"},"modified":"2024-11-11T12:15:00","modified_gmt":"2024-11-11T15:15:00","slug":"fiesta-del-encuentro-se-vivio-en-linares","status":"publish","type":"post","link":"https:\/\/obispadodelinares.cl\/ol\/?p=19971","title":{"rendered":"Fiesta del Encuentro se vivi\u00f3 en Linares"},"content":{"rendered":"<p><span style=\"font-weight: 400;\">Del 8 al 10 de noviembre, la Di\u00f3cesis de Linares fue sede de la XII Fiesta del Encuentro de Personas Mayores, de todo el Pa\u00eds, convocados con el lema \u201ccon las personas mayores sembramos las semillas\u201d, con el objetivo principal de generar un espacio para compartir experiencias, promover la convivencia y reflexi\u00f3n en torno a temas de inter\u00e9s de las personas mayores y que les permitan enfrentar una digna vejez y as\u00ed seguir dando testimonio de fe y humanidad.<\/span><\/p>\n<p><span style=\"font-weight: 400;\">La bienvenida se realiz\u00f3 el viernes 8 de noviembre en el Colegio San Miguel Arc\u00e1ngel de Linares, hasta donde llegaron alrededor de 700 personas, con sus delegaciones representando a todas las di\u00f3cesis y durante tres d\u00edas revolucionaron la tranquila ciudad de Linares.\u00a0<\/span><\/p>\n\n\t\t<style type=\"text\/css\">\n\t\t\t#gallery-1 {\n\t\t\t\tmargin: auto;\n\t\t\t}\n\t\t\t#gallery-1 .gallery-item {\n\t\t\t\tfloat: left;\n\t\t\t\tmargin-top: 10px;\n\t\t\t\ttext-align: center;\n\t\t\t\twidth: 33%;\n\t\t\t}\n\t\t\t#gallery-1 img {\n\t\t\t\tborder: 2px solid #cfcfcf;\n\t\t\t}\n\t\t\t#gallery-1 .gallery-caption {\n\t\t\t\tmargin-left: 0;\n\t\t\t}\n\t\t\t\/* see gallery_shortcode() in wp-includes\/media.php *\/\n\t\t<\/style>\n\t\t<div id='gallery-1' class='gallery galleryid-19971 gallery-columns-3 gallery-size-medium'><dl class='gallery-item'>\n\t\t\t<dt class='gallery-icon landscape'>\n\t\t\t\t<a href='https:\/\/obispadodelinares.cl\/ol\/wp-content\/uploads\/2024\/11\/DJI_0186-scaled.jpg'><img fetchpriority=\"high\" decoding=\"async\" width=\"300\" height=\"169\" src=\"https:\/\/obispadodelinares.cl\/ol\/wp-content\/uploads\/2024\/11\/DJI_0186-300x169.jpg\" class=\"attachment-medium size-medium\" alt=\"\" srcset=\"https:\/\/obispadodelinares.cl\/ol\/wp-content\/uploads\/2024\/11\/DJI_0186-300x169.jpg 300w, https:\/\/obispadodelinares.cl\/ol\/wp-content\/uploads\/2024\/11\/DJI_0186-1024x576.jpg 1024w, https:\/\/obispadodelinares.cl\/ol\/wp-content\/uploads\/2024\/11\/DJI_0186-768x432.jpg 768w, https:\/\/obispadodelinares.cl\/ol\/wp-content\/uploads\/2024\/11\/DJI_0186-1536x864.jpg 1536w, https:\/\/obispadodelinares.cl\/ol\/wp-content\/uploads\/2024\/11\/DJI_0186-2048x1152.jpg 2048w\" sizes=\"(max-width: 300px) 100vw, 300px\" \/><\/a>\n\t\t\t<\/dt><\/dl><dl class='gallery-item'>\n\t\t\t<dt class='gallery-icon landscape'>\n\t\t\t\t<a href='https:\/\/obispadodelinares.cl\/ol\/wp-content\/uploads\/2024\/11\/DJI_0174-scaled.jpg'><img decoding=\"async\" width=\"300\" height=\"169\" data-src=\"https:\/\/obispadodelinares.cl\/ol\/wp-content\/uploads\/2024\/11\/DJI_0174-300x169.jpg\" class=\"attachment-medium size-medium lazyload\" alt=\"\" data-srcset=\"https:\/\/obispadodelinares.cl\/ol\/wp-content\/uploads\/2024\/11\/DJI_0174-300x169.jpg 300w, https:\/\/obispadodelinares.cl\/ol\/wp-content\/uploads\/2024\/11\/DJI_0174-1024x576.jpg 1024w, https:\/\/obispadodelinares.cl\/ol\/wp-content\/uploads\/2024\/11\/DJI_0174-768x432.jpg 768w, https:\/\/obispadodelinares.cl\/ol\/wp-content\/uploads\/2024\/11\/DJI_0174-1536x864.jpg 1536w, https:\/\/obispadodelinares.cl\/ol\/wp-content\/uploads\/2024\/11\/DJI_0174-2048x1152.jpg 2048w\" data-sizes=\"(max-width: 300px) 100vw, 300px\" src=\"data:image\/svg+xml;base64,PHN2ZyB3aWR0aD0iMSIgaGVpZ2h0PSIxIiB4bWxucz0iaHR0cDovL3d3dy53My5vcmcvMjAwMC9zdmciPjwvc3ZnPg==\" style=\"--smush-placeholder-width: 300px; --smush-placeholder-aspect-ratio: 300\/169;\" \/><\/a>\n\t\t\t<\/dt><\/dl><dl class='gallery-item'>\n\t\t\t<dt class='gallery-icon landscape'>\n\t\t\t\t<a href='https:\/\/obispadodelinares.cl\/ol\/wp-content\/uploads\/2024\/11\/DJI_0161.jpg'><img decoding=\"async\" width=\"300\" height=\"169\" data-src=\"https:\/\/obispadodelinares.cl\/ol\/wp-content\/uploads\/2024\/11\/DJI_0161-300x169.jpg\" class=\"attachment-medium size-medium lazyload\" alt=\"\" data-srcset=\"https:\/\/obispadodelinares.cl\/ol\/wp-content\/uploads\/2024\/11\/DJI_0161-300x169.jpg 300w, https:\/\/obispadodelinares.cl\/ol\/wp-content\/uploads\/2024\/11\/DJI_0161-768x432.jpg 768w, https:\/\/obispadodelinares.cl\/ol\/wp-content\/uploads\/2024\/11\/DJI_0161.jpg 960w\" data-sizes=\"(max-width: 300px) 100vw, 300px\" src=\"data:image\/svg+xml;base64,PHN2ZyB3aWR0aD0iMSIgaGVpZ2h0PSIxIiB4bWxucz0iaHR0cDovL3d3dy53My5vcmcvMjAwMC9zdmciPjwvc3ZnPg==\" style=\"--smush-placeholder-width: 300px; --smush-placeholder-aspect-ratio: 300\/169;\" \/><\/a>\n\t\t\t<\/dt><\/dl><br style=\"clear: both\" \/><dl class='gallery-item'>\n\t\t\t<dt class='gallery-icon landscape'>\n\t\t\t\t<a href='https:\/\/obispadodelinares.cl\/ol\/wp-content\/uploads\/2024\/11\/IMG_5229-scaled.jpg'><img decoding=\"async\" width=\"300\" height=\"169\" data-src=\"https:\/\/obispadodelinares.cl\/ol\/wp-content\/uploads\/2024\/11\/IMG_5229-300x169.jpg\" class=\"attachment-medium size-medium lazyload\" alt=\"\" data-srcset=\"https:\/\/obispadodelinares.cl\/ol\/wp-content\/uploads\/2024\/11\/IMG_5229-300x169.jpg 300w, https:\/\/obispadodelinares.cl\/ol\/wp-content\/uploads\/2024\/11\/IMG_5229-1024x576.jpg 1024w, https:\/\/obispadodelinares.cl\/ol\/wp-content\/uploads\/2024\/11\/IMG_5229-768x432.jpg 768w, https:\/\/obispadodelinares.cl\/ol\/wp-content\/uploads\/2024\/11\/IMG_5229-1536x864.jpg 1536w, https:\/\/obispadodelinares.cl\/ol\/wp-content\/uploads\/2024\/11\/IMG_5229-2048x1152.jpg 2048w\" data-sizes=\"(max-width: 300px) 100vw, 300px\" src=\"data:image\/svg+xml;base64,PHN2ZyB3aWR0aD0iMSIgaGVpZ2h0PSIxIiB4bWxucz0iaHR0cDovL3d3dy53My5vcmcvMjAwMC9zdmciPjwvc3ZnPg==\" style=\"--smush-placeholder-width: 300px; --smush-placeholder-aspect-ratio: 300\/169;\" \/><\/a>\n\t\t\t<\/dt><\/dl><dl class='gallery-item'>\n\t\t\t<dt class='gallery-icon landscape'>\n\t\t\t\t<a href='https:\/\/obispadodelinares.cl\/ol\/wp-content\/uploads\/2024\/11\/IMG_4453-scaled.jpg'><img decoding=\"async\" width=\"300\" height=\"225\" data-src=\"https:\/\/obispadodelinares.cl\/ol\/wp-content\/uploads\/2024\/11\/IMG_4453-300x225.jpg\" class=\"attachment-medium size-medium lazyload\" alt=\"\" data-srcset=\"https:\/\/obispadodelinares.cl\/ol\/wp-content\/uploads\/2024\/11\/IMG_4453-300x225.jpg 300w, https:\/\/obispadodelinares.cl\/ol\/wp-content\/uploads\/2024\/11\/IMG_4453-1024x768.jpg 1024w, https:\/\/obispadodelinares.cl\/ol\/wp-content\/uploads\/2024\/11\/IMG_4453-768x576.jpg 768w, https:\/\/obispadodelinares.cl\/ol\/wp-content\/uploads\/2024\/11\/IMG_4453-1536x1152.jpg 1536w, https:\/\/obispadodelinares.cl\/ol\/wp-content\/uploads\/2024\/11\/IMG_4453-2048x1536.jpg 2048w\" data-sizes=\"(max-width: 300px) 100vw, 300px\" src=\"data:image\/svg+xml;base64,PHN2ZyB3aWR0aD0iMSIgaGVpZ2h0PSIxIiB4bWxucz0iaHR0cDovL3d3dy53My5vcmcvMjAwMC9zdmciPjwvc3ZnPg==\" style=\"--smush-placeholder-width: 300px; --smush-placeholder-aspect-ratio: 300\/225;\" \/><\/a>\n\t\t\t<\/dt><\/dl><dl class='gallery-item'>\n\t\t\t<dt class='gallery-icon landscape'>\n\t\t\t\t<a href='https:\/\/obispadodelinares.cl\/ol\/wp-content\/uploads\/2024\/11\/IMG_5240-scaled.jpg'><img decoding=\"async\" width=\"300\" height=\"169\" data-src=\"https:\/\/obispadodelinares.cl\/ol\/wp-content\/uploads\/2024\/11\/IMG_5240-300x169.jpg\" class=\"attachment-medium size-medium lazyload\" alt=\"\" data-srcset=\"https:\/\/obispadodelinares.cl\/ol\/wp-content\/uploads\/2024\/11\/IMG_5240-300x169.jpg 300w, https:\/\/obispadodelinares.cl\/ol\/wp-content\/uploads\/2024\/11\/IMG_5240-1024x576.jpg 1024w, https:\/\/obispadodelinares.cl\/ol\/wp-content\/uploads\/2024\/11\/IMG_5240-768x432.jpg 768w, https:\/\/obispadodelinares.cl\/ol\/wp-content\/uploads\/2024\/11\/IMG_5240-1536x864.jpg 1536w, https:\/\/obispadodelinares.cl\/ol\/wp-content\/uploads\/2024\/11\/IMG_5240-2048x1152.jpg 2048w\" data-sizes=\"(max-width: 300px) 100vw, 300px\" src=\"data:image\/svg+xml;base64,PHN2ZyB3aWR0aD0iMSIgaGVpZ2h0PSIxIiB4bWxucz0iaHR0cDovL3d3dy53My5vcmcvMjAwMC9zdmciPjwvc3ZnPg==\" style=\"--smush-placeholder-width: 300px; --smush-placeholder-aspect-ratio: 300\/169;\" \/><\/a>\n\t\t\t<\/dt><\/dl><br style=\"clear: both\" \/><dl class='gallery-item'>\n\t\t\t<dt class='gallery-icon landscape'>\n\t\t\t\t<a href='https:\/\/obispadodelinares.cl\/ol\/wp-content\/uploads\/2024\/11\/IMG_5217-scaled.jpg'><img decoding=\"async\" width=\"300\" height=\"169\" data-src=\"https:\/\/obispadodelinares.cl\/ol\/wp-content\/uploads\/2024\/11\/IMG_5217-300x169.jpg\" class=\"attachment-medium size-medium lazyload\" alt=\"\" data-srcset=\"https:\/\/obispadodelinares.cl\/ol\/wp-content\/uploads\/2024\/11\/IMG_5217-300x169.jpg 300w, https:\/\/obispadodelinares.cl\/ol\/wp-content\/uploads\/2024\/11\/IMG_5217-1024x576.jpg 1024w, https:\/\/obispadodelinares.cl\/ol\/wp-content\/uploads\/2024\/11\/IMG_5217-768x432.jpg 768w, https:\/\/obispadodelinares.cl\/ol\/wp-content\/uploads\/2024\/11\/IMG_5217-1536x864.jpg 1536w, https:\/\/obispadodelinares.cl\/ol\/wp-content\/uploads\/2024\/11\/IMG_5217-2048x1152.jpg 2048w\" data-sizes=\"(max-width: 300px) 100vw, 300px\" src=\"data:image\/svg+xml;base64,PHN2ZyB3aWR0aD0iMSIgaGVpZ2h0PSIxIiB4bWxucz0iaHR0cDovL3d3dy53My5vcmcvMjAwMC9zdmciPjwvc3ZnPg==\" style=\"--smush-placeholder-width: 300px; --smush-placeholder-aspect-ratio: 300\/169;\" \/><\/a>\n\t\t\t<\/dt><\/dl><dl class='gallery-item'>\n\t\t\t<dt class='gallery-icon landscape'>\n\t\t\t\t<a href='https:\/\/obispadodelinares.cl\/ol\/wp-content\/uploads\/2024\/11\/IMG_4448-scaled.jpg'><img decoding=\"async\" width=\"300\" height=\"225\" data-src=\"https:\/\/obispadodelinares.cl\/ol\/wp-content\/uploads\/2024\/11\/IMG_4448-300x225.jpg\" class=\"attachment-medium size-medium lazyload\" alt=\"\" data-srcset=\"https:\/\/obispadodelinares.cl\/ol\/wp-content\/uploads\/2024\/11\/IMG_4448-300x225.jpg 300w, https:\/\/obispadodelinares.cl\/ol\/wp-content\/uploads\/2024\/11\/IMG_4448-1024x768.jpg 1024w, https:\/\/obispadodelinares.cl\/ol\/wp-content\/uploads\/2024\/11\/IMG_4448-768x576.jpg 768w, https:\/\/obispadodelinares.cl\/ol\/wp-content\/uploads\/2024\/11\/IMG_4448-1536x1152.jpg 1536w, https:\/\/obispadodelinares.cl\/ol\/wp-content\/uploads\/2024\/11\/IMG_4448-2048x1536.jpg 2048w\" data-sizes=\"(max-width: 300px) 100vw, 300px\" src=\"data:image\/svg+xml;base64,PHN2ZyB3aWR0aD0iMSIgaGVpZ2h0PSIxIiB4bWxucz0iaHR0cDovL3d3dy53My5vcmcvMjAwMC9zdmciPjwvc3ZnPg==\" style=\"--smush-placeholder-width: 300px; --smush-placeholder-aspect-ratio: 300\/225;\" \/><\/a>\n\t\t\t<\/dt><\/dl><dl class='gallery-item'>\n\t\t\t<dt class='gallery-icon landscape'>\n\t\t\t\t<a href='https:\/\/obispadodelinares.cl\/ol\/wp-content\/uploads\/2024\/11\/af685329-e4d4-4837-953f-4684c748025b-scaled.jpg'><img decoding=\"async\" width=\"300\" height=\"225\" data-src=\"https:\/\/obispadodelinares.cl\/ol\/wp-content\/uploads\/2024\/11\/af685329-e4d4-4837-953f-4684c748025b-300x225.jpg\" class=\"attachment-medium size-medium lazyload\" alt=\"\" data-srcset=\"https:\/\/obispadodelinares.cl\/ol\/wp-content\/uploads\/2024\/11\/af685329-e4d4-4837-953f-4684c748025b-300x225.jpg 300w, https:\/\/obispadodelinares.cl\/ol\/wp-content\/uploads\/2024\/11\/af685329-e4d4-4837-953f-4684c748025b-1024x768.jpg 1024w, https:\/\/obispadodelinares.cl\/ol\/wp-content\/uploads\/2024\/11\/af685329-e4d4-4837-953f-4684c748025b-768x576.jpg 768w, https:\/\/obispadodelinares.cl\/ol\/wp-content\/uploads\/2024\/11\/af685329-e4d4-4837-953f-4684c748025b-1536x1152.jpg 1536w, https:\/\/obispadodelinares.cl\/ol\/wp-content\/uploads\/2024\/11\/af685329-e4d4-4837-953f-4684c748025b-2048x1536.jpg 2048w\" data-sizes=\"(max-width: 300px) 100vw, 300px\" src=\"data:image\/svg+xml;base64,PHN2ZyB3aWR0aD0iMSIgaGVpZ2h0PSIxIiB4bWxucz0iaHR0cDovL3d3dy53My5vcmcvMjAwMC9zdmciPjwvc3ZnPg==\" style=\"--smush-placeholder-width: 300px; --smush-placeholder-aspect-ratio: 300\/225;\" \/><\/a>\n\t\t\t<\/dt><\/dl><br style=\"clear: both\" \/><dl class='gallery-item'>\n\t\t\t<dt class='gallery-icon landscape'>\n\t\t\t\t<a href='https:\/\/obispadodelinares.cl\/ol\/wp-content\/uploads\/2024\/11\/cropped-IMG_4275-scaled-1.jpg'><img decoding=\"async\" width=\"300\" height=\"200\" data-src=\"https:\/\/obispadodelinares.cl\/ol\/wp-content\/uploads\/2024\/11\/cropped-IMG_4275-scaled-1-300x200.jpg\" class=\"attachment-medium size-medium lazyload\" alt=\"\" data-srcset=\"https:\/\/obispadodelinares.cl\/ol\/wp-content\/uploads\/2024\/11\/cropped-IMG_4275-scaled-1-300x200.jpg 300w, https:\/\/obispadodelinares.cl\/ol\/wp-content\/uploads\/2024\/11\/cropped-IMG_4275-scaled-1-1024x682.jpg 1024w, https:\/\/obispadodelinares.cl\/ol\/wp-content\/uploads\/2024\/11\/cropped-IMG_4275-scaled-1-768x512.jpg 768w, https:\/\/obispadodelinares.cl\/ol\/wp-content\/uploads\/2024\/11\/cropped-IMG_4275-scaled-1-1536x1023.jpg 1536w, https:\/\/obispadodelinares.cl\/ol\/wp-content\/uploads\/2024\/11\/cropped-IMG_4275-scaled-1-2048x1364.jpg 2048w\" data-sizes=\"(max-width: 300px) 100vw, 300px\" src=\"data:image\/svg+xml;base64,PHN2ZyB3aWR0aD0iMSIgaGVpZ2h0PSIxIiB4bWxucz0iaHR0cDovL3d3dy53My5vcmcvMjAwMC9zdmciPjwvc3ZnPg==\" style=\"--smush-placeholder-width: 300px; --smush-placeholder-aspect-ratio: 300\/200;\" \/><\/a>\n\t\t\t<\/dt><\/dl>\n\t\t\t<br style='clear: both' \/>\n\t\t<\/div>\n\n<p><span style=\"font-weight: 400;\">Despu\u00e9s de recibir sus acreditaciones, degustar su refrescante colaci\u00f3n y disfrutar un hermoso acto de apertura del XII Encuentro, las Delegaciones participaron de un entusiasta pasacalles, desde el Colegio San Miguel hasta el Templo Catedral, es as\u00ed como junto al grupo Tumbes que, con sus tambores, colorido y alegr\u00eda, marcaron el paso del grupo que recorri\u00f3 el centro de Linares, mostrando a la comunidad que las Personas Mayores, a\u00fan tienen mucho que entregar. La intervenci\u00f3n urbana, llam\u00f3 mucho la atenci\u00f3n de toda la comunidad que a esa hora terminaba su jornada laboral y detuvo su paso para ver pasar a los adultos mayores, aplaudiendo su alegr\u00eda y presencia tan activa.<\/span><\/p>\n<p><span style=\"font-weight: 400;\">Al llegar al Templo Catedral se abrieron las puertas para recibir a tan ilustres visitas, quienes cruzaron \u201cla Puerta Santa\u201d, pues en el marco del centenario de la Di\u00f3cesis este es un Templo Jubilar, al interior estaban los sacerdotes del Clero Diocesano y de algunos que acompa\u00f1aban a las delegaciones desde otras di\u00f3cesis ofreciendo el sacramento del perd\u00f3n. Culminando con la Eucarist\u00eda que daba inicio a este XII Encuentro.\u00a0<\/span><\/p>\n<p><span style=\"font-weight: 400;\">En su homil\u00eda el Obispo de Linares, Monse\u00f1or Tomislav Koljatic, agradeci\u00f3 al Clero que acompa\u00f1aba y a los asistentes: \u201cBienvenidos, gracias por estar aqu\u00ed que Dios nos acompa\u00f1e en esta XII Fiesta del Encuentro, que tengamos una experiencia muy linda, de comuni\u00f3n, de fraternidad y de conocimiento mutuo, que salgamos renovados para la misi\u00f3n, pues queremos ser sembradores de esperanzas, sembradores del Reino de Dios\u201d. Tambi\u00e9n destac\u00f3 la importancia de las personas mayores, su rol e injerencia en la transmisi\u00f3n de conocimientos, tradiciones y el valor de la fe a las nuevas generaciones.\u00a0<\/span><\/p>\n<p><span style=\"font-weight: 400;\">El programa continu\u00f3 el s\u00e1bado 9, con el foro sobre las \u201cPrioridades de las Personas Mayores\u201d, con el objetivo de fomentar un espacio de di\u00e1logo y reflexi\u00f3n que permita visibilizar la realidad de las personas mayores y su aporte a la sociedad, moderados por Gladys P\u00e9rez, de la Delegaci\u00f3n de Copiap\u00f3.<\/span><\/p>\n<ol>\n<li style=\"font-weight: 400;\" aria-level=\"1\"><span style=\"font-weight: 400;\">\u00a0<\/span><b>\u00bfC\u00f3mo va el Proyecto de Ley Integral de las personas mayores y de promoci\u00f3n del envejecimiento Digno, Activo y Saludable?<\/b><span style=\"font-weight: 400;\">, tema a cargo de una representante de SENAMA Nacional, Sra. Gladys Gonz\u00e1lez.<\/span><\/li>\n<li style=\"font-weight: 400;\" aria-level=\"1\"><b>\u201cLa soledad en las personas mayores\u201d<\/b><span style=\"font-weight: 400;\">, es un fen\u00f3meno preocupante que afecta a un n\u00famero significativo de personas mayores, algunas causas son el aislamiento social, la movilidad reducida o algunos cambios en la estructura familiar, todo esto trae problemas en la salud mental y aflora la depresi\u00f3n, la ansiedad y el deterioro cognitivo, entre otras consecuencias y para ahondar en este tema la invitada fue la Sra. Macarena Rojas, Directora Ejecutiva del Centro UC de Estudios de Vejez y Envejecimiento, Directora de Gesti\u00f3n del Observatorio del Envejecimiento UC-Confuturo.<\/span><\/li>\n<li style=\"font-weight: 400;\" aria-level=\"1\"><b>\u201cEl aporte de las personas mayores en la sociedad\u201d<\/b><span style=\"font-weight: 400;\"> Las personas mayores hoy en d\u00eda aportan de diversas maneras, enriqueciendo la vida comunitaria y espiritual, desde la sabidur\u00eda y la experiencia, ocupando muchos roles dentro de las comunidades en especial en el \u00e1mbito parroquial, transmitiendo tradiciones y valores de fe, comparti\u00f3 su reflexi\u00f3n en torno a este importante punto fue Don Marcelo Pi\u00f1a, Acad\u00e9mico de la Universidad Cat\u00f3lica del Maule, Trabajador Social, Master en Gerontolog\u00eda Social Aplicada, Diplomado en Atenci\u00f3n Gerontol\u00f3gica y Posdoctorado en Gerontolog\u00eda Social.\u00a0<\/span><\/li>\n<\/ol>\n\n\t\t<style type=\"text\/css\">\n\t\t\t#gallery-2 {\n\t\t\t\tmargin: auto;\n\t\t\t}\n\t\t\t#gallery-2 .gallery-item {\n\t\t\t\tfloat: left;\n\t\t\t\tmargin-top: 10px;\n\t\t\t\ttext-align: center;\n\t\t\t\twidth: 33%;\n\t\t\t}\n\t\t\t#gallery-2 img {\n\t\t\t\tborder: 2px solid #cfcfcf;\n\t\t\t}\n\t\t\t#gallery-2 .gallery-caption {\n\t\t\t\tmargin-left: 0;\n\t\t\t}\n\t\t\t\/* see gallery_shortcode() in wp-includes\/media.php *\/\n\t\t<\/style>\n\t\t<div id='gallery-2' class='gallery galleryid-19971 gallery-columns-3 gallery-size-medium'><dl class='gallery-item'>\n\t\t\t<dt class='gallery-icon landscape'>\n\t\t\t\t<a href='https:\/\/obispadodelinares.cl\/ol\/wp-content\/uploads\/2024\/11\/IMG_5317-scaled.jpg'><img decoding=\"async\" width=\"300\" height=\"169\" data-src=\"https:\/\/obispadodelinares.cl\/ol\/wp-content\/uploads\/2024\/11\/IMG_5317-300x169.jpg\" class=\"attachment-medium size-medium lazyload\" alt=\"\" data-srcset=\"https:\/\/obispadodelinares.cl\/ol\/wp-content\/uploads\/2024\/11\/IMG_5317-300x169.jpg 300w, https:\/\/obispadodelinares.cl\/ol\/wp-content\/uploads\/2024\/11\/IMG_5317-1024x576.jpg 1024w, https:\/\/obispadodelinares.cl\/ol\/wp-content\/uploads\/2024\/11\/IMG_5317-768x432.jpg 768w, https:\/\/obispadodelinares.cl\/ol\/wp-content\/uploads\/2024\/11\/IMG_5317-1536x864.jpg 1536w, https:\/\/obispadodelinares.cl\/ol\/wp-content\/uploads\/2024\/11\/IMG_5317-2048x1152.jpg 2048w\" data-sizes=\"(max-width: 300px) 100vw, 300px\" src=\"data:image\/svg+xml;base64,PHN2ZyB3aWR0aD0iMSIgaGVpZ2h0PSIxIiB4bWxucz0iaHR0cDovL3d3dy53My5vcmcvMjAwMC9zdmciPjwvc3ZnPg==\" style=\"--smush-placeholder-width: 300px; --smush-placeholder-aspect-ratio: 300\/169;\" \/><\/a>\n\t\t\t<\/dt><\/dl><dl class='gallery-item'>\n\t\t\t<dt class='gallery-icon landscape'>\n\t\t\t\t<a href='https:\/\/obispadodelinares.cl\/ol\/wp-content\/uploads\/2024\/11\/IMG_5320-scaled.jpg'><img decoding=\"async\" width=\"300\" height=\"169\" data-src=\"https:\/\/obispadodelinares.cl\/ol\/wp-content\/uploads\/2024\/11\/IMG_5320-300x169.jpg\" class=\"attachment-medium size-medium lazyload\" alt=\"\" data-srcset=\"https:\/\/obispadodelinares.cl\/ol\/wp-content\/uploads\/2024\/11\/IMG_5320-300x169.jpg 300w, https:\/\/obispadodelinares.cl\/ol\/wp-content\/uploads\/2024\/11\/IMG_5320-1024x576.jpg 1024w, https:\/\/obispadodelinares.cl\/ol\/wp-content\/uploads\/2024\/11\/IMG_5320-768x432.jpg 768w, https:\/\/obispadodelinares.cl\/ol\/wp-content\/uploads\/2024\/11\/IMG_5320-1536x864.jpg 1536w, https:\/\/obispadodelinares.cl\/ol\/wp-content\/uploads\/2024\/11\/IMG_5320-2048x1152.jpg 2048w\" data-sizes=\"(max-width: 300px) 100vw, 300px\" src=\"data:image\/svg+xml;base64,PHN2ZyB3aWR0aD0iMSIgaGVpZ2h0PSIxIiB4bWxucz0iaHR0cDovL3d3dy53My5vcmcvMjAwMC9zdmciPjwvc3ZnPg==\" style=\"--smush-placeholder-width: 300px; --smush-placeholder-aspect-ratio: 300\/169;\" \/><\/a>\n\t\t\t<\/dt><\/dl><dl class='gallery-item'>\n\t\t\t<dt class='gallery-icon landscape'>\n\t\t\t\t<a href='https:\/\/obispadodelinares.cl\/ol\/wp-content\/uploads\/2024\/11\/IMG_5316-scaled.jpg'><img decoding=\"async\" width=\"300\" height=\"169\" data-src=\"https:\/\/obispadodelinares.cl\/ol\/wp-content\/uploads\/2024\/11\/IMG_5316-300x169.jpg\" class=\"attachment-medium size-medium lazyload\" alt=\"\" data-srcset=\"https:\/\/obispadodelinares.cl\/ol\/wp-content\/uploads\/2024\/11\/IMG_5316-300x169.jpg 300w, https:\/\/obispadodelinares.cl\/ol\/wp-content\/uploads\/2024\/11\/IMG_5316-1024x576.jpg 1024w, https:\/\/obispadodelinares.cl\/ol\/wp-content\/uploads\/2024\/11\/IMG_5316-768x432.jpg 768w, https:\/\/obispadodelinares.cl\/ol\/wp-content\/uploads\/2024\/11\/IMG_5316-1536x864.jpg 1536w, https:\/\/obispadodelinares.cl\/ol\/wp-content\/uploads\/2024\/11\/IMG_5316-2048x1152.jpg 2048w\" data-sizes=\"(max-width: 300px) 100vw, 300px\" src=\"data:image\/svg+xml;base64,PHN2ZyB3aWR0aD0iMSIgaGVpZ2h0PSIxIiB4bWxucz0iaHR0cDovL3d3dy53My5vcmcvMjAwMC9zdmciPjwvc3ZnPg==\" style=\"--smush-placeholder-width: 300px; --smush-placeholder-aspect-ratio: 300\/169;\" \/><\/a>\n\t\t\t<\/dt><\/dl><br style=\"clear: both\" \/>\n\t\t<\/div>\n\n<p><span style=\"font-weight: 400;\">Posterior a la exposici\u00f3n del Foro, se compartieron algunas preguntas de los asistentes a los expositores, quienes con el mismo entusiasmo respondieron y extendieron sus reflexiones.<\/span><\/p>\n<p><span style=\"font-weight: 400;\">Luego se tom\u00f3 una de las tantas fotos grupales, para graficar el importante acontecimiento que se estaba viviendo en las tierras del Maule Sur.<\/span><\/p>\n<p><span style=\"font-weight: 400;\">Despu\u00e9s del almuerzo las delegaciones se distribuyeron en diversos puntos de la Di\u00f3cesis para realizar sus recorridos tur\u00edsticos por la zona, algunos eligieron parajes precordilleranos, otros siguieron las rutas de importantes Vi\u00f1as, en tanto otros conocieron zonas t\u00edpicas y patrimoniales.\u00a0<\/span><\/p>\n<p><img decoding=\"async\" class=\"wp-image-19986 size-medium alignleft lazyload\" data-src=\"https:\/\/obispadodelinares.cl\/ol\/wp-content\/uploads\/2024\/11\/IMG_5439-300x169.jpg\" alt=\"\" width=\"300\" height=\"169\" data-srcset=\"https:\/\/obispadodelinares.cl\/ol\/wp-content\/uploads\/2024\/11\/IMG_5439-300x169.jpg 300w, https:\/\/obispadodelinares.cl\/ol\/wp-content\/uploads\/2024\/11\/IMG_5439-1024x576.jpg 1024w, https:\/\/obispadodelinares.cl\/ol\/wp-content\/uploads\/2024\/11\/IMG_5439-768x432.jpg 768w, https:\/\/obispadodelinares.cl\/ol\/wp-content\/uploads\/2024\/11\/IMG_5439-1536x864.jpg 1536w, https:\/\/obispadodelinares.cl\/ol\/wp-content\/uploads\/2024\/11\/IMG_5439-2048x1152.jpg 2048w\" data-sizes=\"(max-width: 300px) 100vw, 300px\" src=\"data:image\/svg+xml;base64,PHN2ZyB3aWR0aD0iMSIgaGVpZ2h0PSIxIiB4bWxucz0iaHR0cDovL3d3dy53My5vcmcvMjAwMC9zdmciPjwvc3ZnPg==\" style=\"--smush-placeholder-width: 300px; --smush-placeholder-aspect-ratio: 300\/169;\" \/><\/p>\n<p><span style=\"font-weight: 400;\">A partir de las 19:00 hrs. retornando a la ciudad, continu\u00f3 la Fiesta del Encuentro en el Gimnasio Municipal, ocasi\u00f3n en la que cada Di\u00f3cesis compartir la presentaci\u00f3n art\u00edstica y gastron\u00f3mica, as\u00ed como tambi\u00e9n un grato momento de baile, para retornar a sus alojamientos, descansar y continuar.<\/span><\/p>\n<p>&nbsp;<\/p>\n<p>&nbsp;<\/p>\n<p><span style=\"font-weight: 400;\">El d\u00eda domingo, despu\u00e9s de un reparador descanso, se comparti\u00f3 la Fiesta del Esp\u00edritu, en la Plaza de Linares, momento de alabanza, comuni\u00f3n y fraternidad que emocion\u00f3 a los asistentes.\u00a0<\/span><\/p>\n<p><span style=\"font-weight: 400;\">Para luego cruzar hasta la Catedral, disfrutar de una presentaci\u00f3n de Canto a lo Divino, que fue muy bien recibida por los presentes.\u00a0 Para concluir con la Misa de env\u00edo, presidida por Monse\u00f1or Tomislav Koljatic, quien reiter\u00f3 su alegr\u00eda por la presencia de cada uno de las Delegaciones, su esfuerzo y alegr\u00eda para dar vida a este XII Encuentro de Personas Mayores, en la Di\u00f3cesis de Linares. Destac\u00f3 y agradeci\u00f3 tambi\u00e9n a los Equipos de Caritas Nacional y Caritas Diocesana, que desde hace meses vienen trabajando junto a tantos voluntarios para que todo resulte lo mejor posible. \u201cQue el Se\u00f1or bendiga sus vidas, les cuide en su retorno a casa, para que puedan compartir con sus pares lo que han vivido en esta Di\u00f3cesis, donde seguiremos sembrando las semillas del Reino en tierras maulinas\u201d.<\/span><\/p>\n<p><b>Despedida de las Delegaciones:<\/b><\/p>\n<p><span style=\"font-weight: 400;\">Una vez despedidas las Delegaciones, bendecidas y enviadas, Monse\u00f1or Tomislav Koljatic, se\u00f1al\u00f3: \u201cla verdad es que nuestro balance es muy positivo, estamos muy contentos, siempre hay cosas que se pueden mejorar, sin duda, y hay que hacerlo. En general muy linda asistencia, si pensamos que hab\u00eda delegaciones de Arica hasta Punta Arenas, Coyhaique. Digno de destacar el esfuerzo que han desplegado, han sido largas horas de viaje cruzando el Pa\u00eds para participar del XII encuentro, manteniendo el entusiasmo siempre en alto.\u00a0 En estas instancias s\u00f3lo podemos constatar que ellos, las personas mayores, a\u00fan tienen tanto para dar y se ve reflejado en esta capacidad de organizaci\u00f3n, en la alegr\u00eda que no decae, es este deseo de participar, a veces con dificultades para caminar, pero no quieren quedarse ajenos a la vida. Hemos vivido una muy linda experiencia para la Di\u00f3cesis ha sido un agrado recibir a todas las delegaciones. La verdad es que sumando y restando estamos contentos y agradecidos Se\u00f1or, ayer noche llovi\u00f3, pero fue de noche, as\u00ed es que no entorpeci\u00f3 las actividades del domingo y la clausura en la plaza de Linares. Nuestra gratitud tambi\u00e9n a los equipos de apoyo que han sido fundamentales y han estado presentes en cada momento de este encuentro, trabajando y cuidado cada detalle para que todo resultara de la mejor forma posible. Al Se\u00f1or y a Mar\u00eda Sant\u00edsima le pedimos por cada uno de los participantes de esta actividad, para sigan siendo, desde su experiencia vivida, agentes de cambio y modelos para sus comunidades, en pos de una sociedad m\u00e1s inclusiva y protectora de las personas mayores\u201d.<\/span><\/p>\n<p>Puede encontrar las transmisiones en vivo, fotograf\u00edas y\u00a0 todo lo vivido en este cncuentro en la p\u00e1gina web oficial: https:\/\/obispadodelinares.cl\/ol\/?page_id=19153<\/p>\n<p>&nbsp;<\/p>\n\n\t\t<style type=\"text\/css\">\n\t\t\t#gallery-3 {\n\t\t\t\tmargin: auto;\n\t\t\t}\n\t\t\t#gallery-3 .gallery-item {\n\t\t\t\tfloat: left;\n\t\t\t\tmargin-top: 10px;\n\t\t\t\ttext-align: center;\n\t\t\t\twidth: 33%;\n\t\t\t}\n\t\t\t#gallery-3 img {\n\t\t\t\tborder: 2px solid #cfcfcf;\n\t\t\t}\n\t\t\t#gallery-3 .gallery-caption {\n\t\t\t\tmargin-left: 0;\n\t\t\t}\n\t\t\t\/* see gallery_shortcode() in wp-includes\/media.php *\/\n\t\t<\/style>\n\t\t<div id='gallery-3' class='gallery galleryid-19971 gallery-columns-3 gallery-size-medium'><dl class='gallery-item'>\n\t\t\t<dt class='gallery-icon landscape'>\n\t\t\t\t<a href='https:\/\/obispadodelinares.cl\/ol\/wp-content\/uploads\/2024\/11\/IMG_5505-scaled.jpg'><img decoding=\"async\" width=\"300\" height=\"169\" data-src=\"https:\/\/obispadodelinares.cl\/ol\/wp-content\/uploads\/2024\/11\/IMG_5505-300x169.jpg\" class=\"attachment-medium size-medium lazyload\" alt=\"\" data-srcset=\"https:\/\/obispadodelinares.cl\/ol\/wp-content\/uploads\/2024\/11\/IMG_5505-300x169.jpg 300w, https:\/\/obispadodelinares.cl\/ol\/wp-content\/uploads\/2024\/11\/IMG_5505-1024x576.jpg 1024w, https:\/\/obispadodelinares.cl\/ol\/wp-content\/uploads\/2024\/11\/IMG_5505-768x432.jpg 768w, https:\/\/obispadodelinares.cl\/ol\/wp-content\/uploads\/2024\/11\/IMG_5505-1536x864.jpg 1536w, https:\/\/obispadodelinares.cl\/ol\/wp-content\/uploads\/2024\/11\/IMG_5505-2048x1152.jpg 2048w\" data-sizes=\"(max-width: 300px) 100vw, 300px\" src=\"data:image\/svg+xml;base64,PHN2ZyB3aWR0aD0iMSIgaGVpZ2h0PSIxIiB4bWxucz0iaHR0cDovL3d3dy53My5vcmcvMjAwMC9zdmciPjwvc3ZnPg==\" style=\"--smush-placeholder-width: 300px; --smush-placeholder-aspect-ratio: 300\/169;\" \/><\/a>\n\t\t\t<\/dt><\/dl><dl class='gallery-item'>\n\t\t\t<dt class='gallery-icon landscape'>\n\t\t\t\t<a href='https:\/\/obispadodelinares.cl\/ol\/wp-content\/uploads\/2024\/11\/IMG_5470-scaled.jpg'><img decoding=\"async\" width=\"300\" height=\"169\" data-src=\"https:\/\/obispadodelinares.cl\/ol\/wp-content\/uploads\/2024\/11\/IMG_5470-300x169.jpg\" class=\"attachment-medium size-medium lazyload\" alt=\"\" data-srcset=\"https:\/\/obispadodelinares.cl\/ol\/wp-content\/uploads\/2024\/11\/IMG_5470-300x169.jpg 300w, https:\/\/obispadodelinares.cl\/ol\/wp-content\/uploads\/2024\/11\/IMG_5470-1024x576.jpg 1024w, https:\/\/obispadodelinares.cl\/ol\/wp-content\/uploads\/2024\/11\/IMG_5470-768x432.jpg 768w, https:\/\/obispadodelinares.cl\/ol\/wp-content\/uploads\/2024\/11\/IMG_5470-1536x864.jpg 1536w, https:\/\/obispadodelinares.cl\/ol\/wp-content\/uploads\/2024\/11\/IMG_5470-2048x1152.jpg 2048w\" data-sizes=\"(max-width: 300px) 100vw, 300px\" src=\"data:image\/svg+xml;base64,PHN2ZyB3aWR0aD0iMSIgaGVpZ2h0PSIxIiB4bWxucz0iaHR0cDovL3d3dy53My5vcmcvMjAwMC9zdmciPjwvc3ZnPg==\" style=\"--smush-placeholder-width: 300px; --smush-placeholder-aspect-ratio: 300\/169;\" \/><\/a>\n\t\t\t<\/dt><\/dl><dl class='gallery-item'>\n\t\t\t<dt class='gallery-icon landscape'>\n\t\t\t\t<a href='https:\/\/obispadodelinares.cl\/ol\/wp-content\/uploads\/2024\/11\/IMG_5469-scaled.jpg'><img decoding=\"async\" width=\"300\" height=\"169\" data-src=\"https:\/\/obispadodelinares.cl\/ol\/wp-content\/uploads\/2024\/11\/IMG_5469-300x169.jpg\" class=\"attachment-medium size-medium lazyload\" alt=\"\" data-srcset=\"https:\/\/obispadodelinares.cl\/ol\/wp-content\/uploads\/2024\/11\/IMG_5469-300x169.jpg 300w, https:\/\/obispadodelinares.cl\/ol\/wp-content\/uploads\/2024\/11\/IMG_5469-1024x576.jpg 1024w, https:\/\/obispadodelinares.cl\/ol\/wp-content\/uploads\/2024\/11\/IMG_5469-768x432.jpg 768w, https:\/\/obispadodelinares.cl\/ol\/wp-content\/uploads\/2024\/11\/IMG_5469-1536x864.jpg 1536w, https:\/\/obispadodelinares.cl\/ol\/wp-content\/uploads\/2024\/11\/IMG_5469-2048x1152.jpg 2048w\" data-sizes=\"(max-width: 300px) 100vw, 300px\" src=\"data:image\/svg+xml;base64,PHN2ZyB3aWR0aD0iMSIgaGVpZ2h0PSIxIiB4bWxucz0iaHR0cDovL3d3dy53My5vcmcvMjAwMC9zdmciPjwvc3ZnPg==\" style=\"--smush-placeholder-width: 300px; --smush-placeholder-aspect-ratio: 300\/169;\" \/><\/a>\n\t\t\t<\/dt><\/dl><br style=\"clear: both\" \/><dl class='gallery-item'>\n\t\t\t<dt class='gallery-icon landscape'>\n\t\t\t\t<a href='https:\/\/obispadodelinares.cl\/ol\/wp-content\/uploads\/2024\/11\/DJI_0198-scaled.jpg'><img decoding=\"async\" width=\"300\" height=\"169\" data-src=\"https:\/\/obispadodelinares.cl\/ol\/wp-content\/uploads\/2024\/11\/DJI_0198-300x169.jpg\" class=\"attachment-medium size-medium lazyload\" alt=\"\" data-srcset=\"https:\/\/obispadodelinares.cl\/ol\/wp-content\/uploads\/2024\/11\/DJI_0198-300x169.jpg 300w, https:\/\/obispadodelinares.cl\/ol\/wp-content\/uploads\/2024\/11\/DJI_0198-1024x576.jpg 1024w, https:\/\/obispadodelinares.cl\/ol\/wp-content\/uploads\/2024\/11\/DJI_0198-768x432.jpg 768w, https:\/\/obispadodelinares.cl\/ol\/wp-content\/uploads\/2024\/11\/DJI_0198-1536x864.jpg 1536w, https:\/\/obispadodelinares.cl\/ol\/wp-content\/uploads\/2024\/11\/DJI_0198-2048x1152.jpg 2048w\" data-sizes=\"(max-width: 300px) 100vw, 300px\" src=\"data:image\/svg+xml;base64,PHN2ZyB3aWR0aD0iMSIgaGVpZ2h0PSIxIiB4bWxucz0iaHR0cDovL3d3dy53My5vcmcvMjAwMC9zdmciPjwvc3ZnPg==\" style=\"--smush-placeholder-width: 300px; --smush-placeholder-aspect-ratio: 300\/169;\" \/><\/a>\n\t\t\t<\/dt><\/dl><dl class='gallery-item'>\n\t\t\t<dt class='gallery-icon landscape'>\n\t\t\t\t<a href='https:\/\/obispadodelinares.cl\/ol\/wp-content\/uploads\/2024\/11\/DJI_0199-scaled.jpg'><img decoding=\"async\" width=\"300\" height=\"169\" data-src=\"https:\/\/obispadodelinares.cl\/ol\/wp-content\/uploads\/2024\/11\/DJI_0199-300x169.jpg\" class=\"attachment-medium size-medium lazyload\" alt=\"\" data-srcset=\"https:\/\/obispadodelinares.cl\/ol\/wp-content\/uploads\/2024\/11\/DJI_0199-300x169.jpg 300w, https:\/\/obispadodelinares.cl\/ol\/wp-content\/uploads\/2024\/11\/DJI_0199-1024x576.jpg 1024w, https:\/\/obispadodelinares.cl\/ol\/wp-content\/uploads\/2024\/11\/DJI_0199-768x432.jpg 768w, https:\/\/obispadodelinares.cl\/ol\/wp-content\/uploads\/2024\/11\/DJI_0199-1536x864.jpg 1536w, https:\/\/obispadodelinares.cl\/ol\/wp-content\/uploads\/2024\/11\/DJI_0199-2048x1152.jpg 2048w\" data-sizes=\"(max-width: 300px) 100vw, 300px\" src=\"data:image\/svg+xml;base64,PHN2ZyB3aWR0aD0iMSIgaGVpZ2h0PSIxIiB4bWxucz0iaHR0cDovL3d3dy53My5vcmcvMjAwMC9zdmciPjwvc3ZnPg==\" style=\"--smush-placeholder-width: 300px; --smush-placeholder-aspect-ratio: 300\/169;\" \/><\/a>\n\t\t\t<\/dt><\/dl><dl class='gallery-item'>\n\t\t\t<dt class='gallery-icon landscape'>\n\t\t\t\t<a href='https:\/\/obispadodelinares.cl\/ol\/wp-content\/uploads\/2024\/11\/DJI_0200-scaled.jpg'><img decoding=\"async\" width=\"300\" height=\"169\" data-src=\"https:\/\/obispadodelinares.cl\/ol\/wp-content\/uploads\/2024\/11\/DJI_0200-300x169.jpg\" class=\"attachment-medium size-medium lazyload\" alt=\"\" data-srcset=\"https:\/\/obispadodelinares.cl\/ol\/wp-content\/uploads\/2024\/11\/DJI_0200-300x169.jpg 300w, https:\/\/obispadodelinares.cl\/ol\/wp-content\/uploads\/2024\/11\/DJI_0200-1024x576.jpg 1024w, https:\/\/obispadodelinares.cl\/ol\/wp-content\/uploads\/2024\/11\/DJI_0200-768x432.jpg 768w, https:\/\/obispadodelinares.cl\/ol\/wp-content\/uploads\/2024\/11\/DJI_0200-1536x864.jpg 1536w, https:\/\/obispadodelinares.cl\/ol\/wp-content\/uploads\/2024\/11\/DJI_0200-2048x1152.jpg 2048w\" data-sizes=\"(max-width: 300px) 100vw, 300px\" src=\"data:image\/svg+xml;base64,PHN2ZyB3aWR0aD0iMSIgaGVpZ2h0PSIxIiB4bWxucz0iaHR0cDovL3d3dy53My5vcmcvMjAwMC9zdmciPjwvc3ZnPg==\" style=\"--smush-placeholder-width: 300px; --smush-placeholder-aspect-ratio: 300\/169;\" \/><\/a>\n\t\t\t<\/dt><\/dl><br style=\"clear: both\" \/>\n\t\t<\/div>\n\n","protected":false},"excerpt":{"rendered":"<p>Del 8 al 10 de noviembre, la Di\u00f3cesis de Linares fue sede de la XII Fiesta del Encuentro de Personas Mayores, de todo el Pa\u00eds, convocados con el lema \u201ccon las personas mayores sembramos las semillas\u201d, con el objetivo principal de generar un espacio para compartir experiencias, promover la convivencia y reflexi\u00f3n en torno a [&hellip;]<\/p>\n","protected":false},"author":1,"featured_media":19975,"comment_status":"closed","ping_status":"closed","sticky":false,"template":"","format":"standard","meta":{"h5ap_radio_sources":[],"footnotes":""},"categories":[468,291,57],"tags":[486,419,485],"class_list":["post-19971","post","type-post","status-publish","format-standard","has-post-thumbnail","hentry","category-468","category-diocesana","category-pastoral-social","tag-encuentro-nacional","tag-pastoral-adulto-mayor","tag-personas-mayores"],"_links":{"self":[{"href":"https:\/\/obispadodelinares.cl\/ol\/index.php?rest_route=\/wp\/v2\/posts\/19971","targetHints":{"allow":["GET"]}}],"collection":[{"href":"https:\/\/obispadodelinares.cl\/ol\/index.php?rest_route=\/wp\/v2\/posts"}],"about":[{"href":"https:\/\/obispadodelinares.cl\/ol\/index.php?rest_route=\/wp\/v2\/types\/post"}],"author":[{"embeddable":true,"href":"https:\/\/obispadodelinares.cl\/ol\/index.php?rest_route=\/wp\/v2\/users\/1"}],"replies":[{"embeddable":true,"href":"https:\/\/obispadodelinares.cl\/ol\/index.php?rest_route=%2Fwp%2Fv2%2Fcomments&post=19971"}],"version-history":[{"count":0,"href":"https:\/\/obispadodelinares.cl\/ol\/index.php?rest_route=\/wp\/v2\/posts\/19971\/revisions"}],"wp:featuredmedia":[{"embeddable":true,"href":"https:\/\/obispadodelinares.cl\/ol\/index.php?rest_route=\/wp\/v2\/media\/19975"}],"wp:attachment":[{"href":"https:\/\/obispadodelinares.cl\/ol\/index.php?rest_route=%2Fwp%2Fv2%2Fmedia&parent=19971"}],"wp:term":[{"taxonomy":"category","embeddable":true,"href":"https:\/\/obispadodelinares.cl\/ol\/index.php?rest_route=%2Fwp%2Fv2%2Fcategories&post=19971"},{"taxonomy":"post_tag","embeddable":true,"href":"https:\/\/obispadodelinares.cl\/ol\/index.php?rest_route=%2Fwp%2Fv2%2Ftags&post=19971"}],"curies":[{"name":"wp","href":"https:\/\/api.w.org\/{rel}","templated":true}]}}