{"id":19646,"date":"2024-10-21T10:14:40","date_gmt":"2024-10-21T13:14:40","guid":{"rendered":"https:\/\/obispadodelinares.cl\/ol\/?p=19646"},"modified":"2024-10-21T10:14:40","modified_gmt":"2024-10-21T13:14:40","slug":"diocesis-de-linares-celebro-99-anos-sembrando-las-semillas-del-reino-en-tierras-maulinas","status":"publish","type":"post","link":"https:\/\/obispadodelinares.cl\/ol\/?p=19646","title":{"rendered":"Di\u00f3cesis de Linares celebr\u00f3 99 a\u00f1os \u201cSembrando las semillas del Reino en tierras maulinas\u201d"},"content":{"rendered":"<p><i><span style=\"font-weight: 400;\">Con una masiva asistencia de delegados pastorales se desarroll\u00f3 la 44\u00b0 Asamblea Sinodal Diocesana en Linares, los d\u00edas 18 y 19 de octubre, en el Colegio Bicentenario San Miguel Arc\u00e1ngel.<\/span><\/i><\/p>\n<p><span style=\"font-weight: 400;\">Es la cuadrag\u00e9sima cuarta vez que la Di\u00f3cesis de San Ambrosio de Linares se congrega para testimoniar la unidad de la Iglesia y lo hizo saliendo con alegr\u00eda a peregrinar por las calles de la ciudad, desde el Colegio San Miguel hasta el Templo Catedral, para abrir la Puerta Santa, que recibir\u00e1 a los feligreses durante todo este a\u00f1o de Jubileo por la celebraci\u00f3n del Primer Centenario y recibir la gracia inagotable del Se\u00f1or que se expresa a trav\u00e9s de la Indulgencia Plenaria.<\/span><\/p>\n<p><span style=\"font-weight: 400;\">La apertura de la Puerta Santa del Jubileo del Centenario, fue el Rito inicial de la celebraci\u00f3n del pr\u00f3ximo a\u00f1o, en que la Di\u00f3cesis celebra su Centenario bajo el lema \u201cCien a\u00f1os Sembrando las Semillas del Reino en tierras maulinas\u201d. La procesi\u00f3n se realiz\u00f3 con cantos y rezos de algunas decenas del Santo Rosario, llamando la atenci\u00f3n de los transe\u00fantes que se encontraron con la larga caravana.\u00a0\u00a0<\/span><\/p>\n<p><span style=\"font-weight: 400;\">Una vez en el Frontis del Templo Catedral, el Obispo de Linares, Monse\u00f1or Tomislav Koljatic, golpe\u00f3 tres veces con su b\u00e1culo, para abrir la puerta, que estaba hermosamente adornada con un arco de flores, y por la cual ingres\u00f3 el Pueblo fiel de Dios que camina en tierras maulinas, religiosas, religiosos, di\u00e1conos y sacerdotes, en tanto el Obispo asperjaba a quienes hac\u00edan ingreso al Templo Catedral.<\/span><\/p>\n<p><span style=\"font-weight: 400;\">En la ocasi\u00f3n, con un coraz\u00f3n arrepentido, los asistentes pudieron acercarse al Sacramento de la Reconciliaci\u00f3n, fuente de gracia abundante, iniciando as\u00ed la cuadrag\u00e9sima cuarta Asamblea Sinodal Diocesana, con un coraz\u00f3n renovado y purificado.<\/span><\/p>\n<p><b>Desarrollo de la 44\u00b0 Asamblea Sinodal Diocesana<\/b><\/p>\n<p><span style=\"font-weight: 400;\">Despu\u00e9s de todas las emociones vividas el viernes 18 de octubre con la alegr\u00eda del reencuentro, la apertura de la Puerta Santa, y la Liturgia de Reconciliaci\u00f3n. El s\u00e1bado 19, los sinodales llegaron desde muy temprano hasta el Colegio San Miguel, alrededor de 400 personas, compartieron el desayuno, la Oraci\u00f3n de la ma\u00f1ana con Adoraci\u00f3n al Sant\u00edsimo.<\/span><\/p>\n<p><span style=\"font-weight: 400;\">Y comenz\u00f3 el trabajo de los temas, con la \u201cPresentaci\u00f3n de la Vocaci\u00f3n Bautismal, clave para la Iglesia Sinodal del siglo XXI\u201d, con la participaci\u00f3n del panel compuesto por el matrimonio de Juan Carlos Bravo y Graciela Saavedra, con la Orientaci\u00f3n Pastoral sobre Renovaci\u00f3n de la Parroquia; Pbro. Ra\u00fal Moris, abord\u00f3 la Orientaci\u00f3n Pastoral de Comuni\u00f3n y Sinodalidad; Di\u00e1cono Jaime Mora con Hacernos cargo de las fragilidades; y la Hna. Pilar Tapia, religiosa de Nuestra Se\u00f1ora de la Consolaci\u00f3n, motivando la Orientaci\u00f3n Pastoral de Iglesia en Salida Misionera.<\/span><\/p>\n<p><span style=\"font-weight: 400;\">Luego de las exposiciones del Panel de invitados, los sinodales compartieron el break, y comenz\u00f3 el trabajo por comisiones, previamente asignadas los asistentes se distribuyeron entre las 20 comisiones. Abordando cada comisi\u00f3n una Orientaci\u00f3n Pastoral previamente asignada: es as\u00ed que desde el 1 al grupo 5 reflexionaron en torno a la Renovaci\u00f3n de la Parroquia; desde el grupo 6 al 10, repasaron la orientaci\u00f3n de Hacernos cargo de las fragilidades; la comisi\u00f3n 11 hasta la 15, trabajaron Comuni\u00f3n y Sinodalidad; y desde el grupo 16 al 20, abordaron el tema de Iglesia en Salida Misionera. Entregando todas las conclusiones de sus di\u00e1logos al Equipo de Reflexi\u00f3n de la Vicar\u00eda Pastoral, para su posterior sistematizaci\u00f3n.<\/span><\/p>\n<p><span style=\"font-weight: 400;\">Concluido en trabajo en grupo y seg\u00fan las disposiciones del programa se realiz\u00f3 la fotograf\u00eda oficial, testimonio gr\u00e1fico del encuentro, para pasar luego a disfrutar del rico almuerzo, en el mismo Establecimiento.<\/span><\/p>\n<p><span style=\"font-weight: 400;\">Por la tarde y luego de un breve descanso, que m\u00e1s bien extendi\u00f3 el di\u00e1logo y la camarader\u00eda. Comenz\u00f3 otro hermoso momento dedicado a la celebraci\u00f3n de la Memoria Agradecida, teniendo siempre presente, los rostros y nombres de tantas personas que con su servicio y dedicaci\u00f3n han formado parte de esta hermosa historia diocesana.<\/span><\/p>\n<p><span style=\"font-weight: 400;\">Este momento contempl\u00f3 la presentaci\u00f3n art\u00edstica de cada decanato, siendo muy aplaudida cada intervenci\u00f3n.\u00a0<\/span><\/p>\n<p><span style=\"font-weight: 400;\">La entrega de su reconocimiento al Primer Lugar del Concurso Literario para Personas Mayores, a don Luis Hern\u00e1n Silva, del sector El Llano de Colb\u00fan que gan\u00f3 este concurso con su Cr\u00f3nica sobre la formaci\u00f3n de su Capilla Perpetuo Socorro.<\/span><\/p>\n<p><span style=\"font-weight: 400;\">Tambi\u00e9n se entreg\u00f3 un breve y preliminar resumen del trabajo por comisiones realizado en la ma\u00f1ana, esto contemplaba avances y dificultades, obtenidos en este di\u00e1logo de esperanza.<\/span><\/p>\n<p><span style=\"font-weight: 400;\">Como se ha hecho tradici\u00f3n en la Asamblea Sinodal, el Administrador de Bienes del Obispado de Linares, don Rodrigo Barrera, entrega un resumen del informe econ\u00f3mico y en esta ocasi\u00f3n tambi\u00e9n inform\u00f3 sobre la utilizaci\u00f3n de la Plataforma Donando.<\/span><\/p>\n<p><span style=\"font-weight: 400;\">Luego de un breve break, los sinodales participaron activa y entusiastamente en la Eucarist\u00eda inaugural del Jubileo Diocesano del Centenario.<\/span><\/p>\n<p><span style=\"font-weight: 400;\">As\u00ed lleg\u00f3 el momento de cerrar la Asamblea Sinodal en su versi\u00f3n 44\u00b0 y abrir con la solemne Eucarist\u00eda el A\u00f1o Jubilar del Primer Centenario de la Di\u00f3cesis, dando gracias a Dios que nos ha llamado a ser su Pueblo y que ha suscitado entre nosotros los testigos que durante los primeros cien a\u00f1os de andar se prodigaron sembrando las semillas del Reino por estas tierras del Maule Sur. En esta Eucarist\u00eda se presentaron tambi\u00e9n las esperanzas puestas en esta cuadrag\u00e9sima cuarta Asamblea Sinodal y el deseo de comprometernos m\u00e1s en la misi\u00f3n de recoger el relevo para ser esos nuevos testigos en el caminar de los siguientes cien a\u00f1os de la Di\u00f3cesis de San Ambrosio de Linares, que ya comenzaron.<\/span><\/p>\n<p><b>Agradecimientos especiales<\/b><\/p>\n<p><span style=\"font-weight: 400;\">Con un coraz\u00f3n alegre y agradecido es justo mencionar y destacar el trabajo humano y profesional dispuesto para que este S\u00ednodo se desarrollara, como cada a\u00f1o, es un trabajo con meses de dedicaci\u00f3n, las diferentes comisiones ponen todo su empe\u00f1o y creatividad para cuidar hasta el m\u00e1s m\u00ednimo detalle, que haga sentir a los delegados sinodales que son esperados y recibidos con cari\u00f1o.<\/span><\/p>\n<p><span style=\"font-weight: 400;\">Destacamos al Colegio San Miguel que dispone sus instalaciones para este gran acontecimiento, a quienes colaboran en el equipo de inscripci\u00f3n, secretar\u00eda, ornamentaci\u00f3n, cocina, servicio, difusi\u00f3n y comunicaci\u00f3n, aseo de los ba\u00f1os, animaci\u00f3n, monitores, y apoyos, todos coordinados desde el Equipo de Reflexi\u00f3n de la Vicar\u00eda Pastoral. Gracias al esfuerzo y dedicaci\u00f3n de cada uno de ellos, podemos decir que somos un Pueblo que camina y con gran esperanza seguimos \u201cSembrando las semillas del Reino en tierras maulinas\u201d.<\/span><\/p>\n<p>&nbsp;<\/p>\n\n\t\t<style type=\"text\/css\">\n\t\t\t#gallery-1 {\n\t\t\t\tmargin: auto;\n\t\t\t}\n\t\t\t#gallery-1 .gallery-item {\n\t\t\t\tfloat: left;\n\t\t\t\tmargin-top: 10px;\n\t\t\t\ttext-align: center;\n\t\t\t\twidth: 33%;\n\t\t\t}\n\t\t\t#gallery-1 img {\n\t\t\t\tborder: 2px solid #cfcfcf;\n\t\t\t}\n\t\t\t#gallery-1 .gallery-caption {\n\t\t\t\tmargin-left: 0;\n\t\t\t}\n\t\t\t\/* see gallery_shortcode() in wp-includes\/media.php *\/\n\t\t<\/style>\n\t\t<div id='gallery-1' class='gallery galleryid-19646 gallery-columns-3 gallery-size-large'><dl class='gallery-item'>\n\t\t\t<dt class='gallery-icon landscape'>\n\t\t\t\t<a href='https:\/\/obispadodelinares.cl\/ol\/wp-content\/uploads\/2024\/10\/IMG_4591-scaled.jpg'><img fetchpriority=\"high\" decoding=\"async\" width=\"1024\" height=\"576\" src=\"https:\/\/obispadodelinares.cl\/ol\/wp-content\/uploads\/2024\/10\/IMG_4591-1024x576.jpg\" class=\"attachment-large size-large\" alt=\"\" srcset=\"https:\/\/obispadodelinares.cl\/ol\/wp-content\/uploads\/2024\/10\/IMG_4591-1024x576.jpg 1024w, https:\/\/obispadodelinares.cl\/ol\/wp-content\/uploads\/2024\/10\/IMG_4591-300x169.jpg 300w, https:\/\/obispadodelinares.cl\/ol\/wp-content\/uploads\/2024\/10\/IMG_4591-768x432.jpg 768w, https:\/\/obispadodelinares.cl\/ol\/wp-content\/uploads\/2024\/10\/IMG_4591-1536x864.jpg 1536w, https:\/\/obispadodelinares.cl\/ol\/wp-content\/uploads\/2024\/10\/IMG_4591-2048x1152.jpg 2048w\" sizes=\"(max-width: 1024px) 100vw, 1024px\" \/><\/a>\n\t\t\t<\/dt><\/dl><dl class='gallery-item'>\n\t\t\t<dt class='gallery-icon landscape'>\n\t\t\t\t<a href='https:\/\/obispadodelinares.cl\/ol\/wp-content\/uploads\/2024\/10\/IMG_4625-scaled.jpg'><img decoding=\"async\" width=\"1024\" height=\"576\" data-src=\"https:\/\/obispadodelinares.cl\/ol\/wp-content\/uploads\/2024\/10\/IMG_4625-1024x576.jpg\" class=\"attachment-large size-large lazyload\" alt=\"\" data-srcset=\"https:\/\/obispadodelinares.cl\/ol\/wp-content\/uploads\/2024\/10\/IMG_4625-1024x576.jpg 1024w, https:\/\/obispadodelinares.cl\/ol\/wp-content\/uploads\/2024\/10\/IMG_4625-300x169.jpg 300w, https:\/\/obispadodelinares.cl\/ol\/wp-content\/uploads\/2024\/10\/IMG_4625-768x432.jpg 768w, https:\/\/obispadodelinares.cl\/ol\/wp-content\/uploads\/2024\/10\/IMG_4625-1536x864.jpg 1536w, https:\/\/obispadodelinares.cl\/ol\/wp-content\/uploads\/2024\/10\/IMG_4625-2048x1152.jpg 2048w\" data-sizes=\"(max-width: 1024px) 100vw, 1024px\" src=\"data:image\/svg+xml;base64,PHN2ZyB3aWR0aD0iMSIgaGVpZ2h0PSIxIiB4bWxucz0iaHR0cDovL3d3dy53My5vcmcvMjAwMC9zdmciPjwvc3ZnPg==\" style=\"--smush-placeholder-width: 1024px; --smush-placeholder-aspect-ratio: 1024\/576;\" \/><\/a>\n\t\t\t<\/dt><\/dl><dl class='gallery-item'>\n\t\t\t<dt class='gallery-icon landscape'>\n\t\t\t\t<a href='https:\/\/obispadodelinares.cl\/ol\/wp-content\/uploads\/2024\/10\/IMG_4584-scaled.jpg'><img decoding=\"async\" width=\"1024\" height=\"576\" data-src=\"https:\/\/obispadodelinares.cl\/ol\/wp-content\/uploads\/2024\/10\/IMG_4584-1024x576.jpg\" class=\"attachment-large size-large lazyload\" alt=\"\" data-srcset=\"https:\/\/obispadodelinares.cl\/ol\/wp-content\/uploads\/2024\/10\/IMG_4584-1024x576.jpg 1024w, https:\/\/obispadodelinares.cl\/ol\/wp-content\/uploads\/2024\/10\/IMG_4584-300x169.jpg 300w, https:\/\/obispadodelinares.cl\/ol\/wp-content\/uploads\/2024\/10\/IMG_4584-768x432.jpg 768w, https:\/\/obispadodelinares.cl\/ol\/wp-content\/uploads\/2024\/10\/IMG_4584-1536x864.jpg 1536w, https:\/\/obispadodelinares.cl\/ol\/wp-content\/uploads\/2024\/10\/IMG_4584-2048x1152.jpg 2048w\" data-sizes=\"(max-width: 1024px) 100vw, 1024px\" src=\"data:image\/svg+xml;base64,PHN2ZyB3aWR0aD0iMSIgaGVpZ2h0PSIxIiB4bWxucz0iaHR0cDovL3d3dy53My5vcmcvMjAwMC9zdmciPjwvc3ZnPg==\" style=\"--smush-placeholder-width: 1024px; --smush-placeholder-aspect-ratio: 1024\/576;\" \/><\/a>\n\t\t\t<\/dt><\/dl><br style=\"clear: both\" \/><dl class='gallery-item'>\n\t\t\t<dt class='gallery-icon landscape'>\n\t\t\t\t<a href='https:\/\/obispadodelinares.cl\/ol\/wp-content\/uploads\/2024\/10\/IMG_4582-scaled.jpg'><img decoding=\"async\" width=\"1024\" height=\"576\" data-src=\"https:\/\/obispadodelinares.cl\/ol\/wp-content\/uploads\/2024\/10\/IMG_4582-1024x576.jpg\" class=\"attachment-large size-large lazyload\" alt=\"\" data-srcset=\"https:\/\/obispadodelinares.cl\/ol\/wp-content\/uploads\/2024\/10\/IMG_4582-1024x576.jpg 1024w, https:\/\/obispadodelinares.cl\/ol\/wp-content\/uploads\/2024\/10\/IMG_4582-300x169.jpg 300w, https:\/\/obispadodelinares.cl\/ol\/wp-content\/uploads\/2024\/10\/IMG_4582-768x432.jpg 768w, https:\/\/obispadodelinares.cl\/ol\/wp-content\/uploads\/2024\/10\/IMG_4582-1536x864.jpg 1536w, https:\/\/obispadodelinares.cl\/ol\/wp-content\/uploads\/2024\/10\/IMG_4582-2048x1152.jpg 2048w\" data-sizes=\"(max-width: 1024px) 100vw, 1024px\" src=\"data:image\/svg+xml;base64,PHN2ZyB3aWR0aD0iMSIgaGVpZ2h0PSIxIiB4bWxucz0iaHR0cDovL3d3dy53My5vcmcvMjAwMC9zdmciPjwvc3ZnPg==\" style=\"--smush-placeholder-width: 1024px; --smush-placeholder-aspect-ratio: 1024\/576;\" \/><\/a>\n\t\t\t<\/dt><\/dl><dl class='gallery-item'>\n\t\t\t<dt class='gallery-icon landscape'>\n\t\t\t\t<a href='https:\/\/obispadodelinares.cl\/ol\/wp-content\/uploads\/2024\/10\/IMG_4575-scaled.jpg'><img decoding=\"async\" width=\"1024\" height=\"576\" data-src=\"https:\/\/obispadodelinares.cl\/ol\/wp-content\/uploads\/2024\/10\/IMG_4575-1024x576.jpg\" class=\"attachment-large size-large lazyload\" alt=\"\" data-srcset=\"https:\/\/obispadodelinares.cl\/ol\/wp-content\/uploads\/2024\/10\/IMG_4575-1024x576.jpg 1024w, https:\/\/obispadodelinares.cl\/ol\/wp-content\/uploads\/2024\/10\/IMG_4575-300x169.jpg 300w, https:\/\/obispadodelinares.cl\/ol\/wp-content\/uploads\/2024\/10\/IMG_4575-768x432.jpg 768w, https:\/\/obispadodelinares.cl\/ol\/wp-content\/uploads\/2024\/10\/IMG_4575-1536x864.jpg 1536w, https:\/\/obispadodelinares.cl\/ol\/wp-content\/uploads\/2024\/10\/IMG_4575-2048x1152.jpg 2048w\" data-sizes=\"(max-width: 1024px) 100vw, 1024px\" src=\"data:image\/svg+xml;base64,PHN2ZyB3aWR0aD0iMSIgaGVpZ2h0PSIxIiB4bWxucz0iaHR0cDovL3d3dy53My5vcmcvMjAwMC9zdmciPjwvc3ZnPg==\" style=\"--smush-placeholder-width: 1024px; --smush-placeholder-aspect-ratio: 1024\/576;\" \/><\/a>\n\t\t\t<\/dt><\/dl><dl class='gallery-item'>\n\t\t\t<dt class='gallery-icon landscape'>\n\t\t\t\t<a href='https:\/\/obispadodelinares.cl\/ol\/wp-content\/uploads\/2024\/10\/IMG_4564-scaled.jpg'><img decoding=\"async\" width=\"1024\" height=\"576\" data-src=\"https:\/\/obispadodelinares.cl\/ol\/wp-content\/uploads\/2024\/10\/IMG_4564-1024x576.jpg\" class=\"attachment-large size-large lazyload\" alt=\"\" data-srcset=\"https:\/\/obispadodelinares.cl\/ol\/wp-content\/uploads\/2024\/10\/IMG_4564-1024x576.jpg 1024w, https:\/\/obispadodelinares.cl\/ol\/wp-content\/uploads\/2024\/10\/IMG_4564-300x169.jpg 300w, https:\/\/obispadodelinares.cl\/ol\/wp-content\/uploads\/2024\/10\/IMG_4564-768x432.jpg 768w, https:\/\/obispadodelinares.cl\/ol\/wp-content\/uploads\/2024\/10\/IMG_4564-1536x864.jpg 1536w, https:\/\/obispadodelinares.cl\/ol\/wp-content\/uploads\/2024\/10\/IMG_4564-2048x1152.jpg 2048w\" data-sizes=\"(max-width: 1024px) 100vw, 1024px\" src=\"data:image\/svg+xml;base64,PHN2ZyB3aWR0aD0iMSIgaGVpZ2h0PSIxIiB4bWxucz0iaHR0cDovL3d3dy53My5vcmcvMjAwMC9zdmciPjwvc3ZnPg==\" style=\"--smush-placeholder-width: 1024px; --smush-placeholder-aspect-ratio: 1024\/576;\" \/><\/a>\n\t\t\t<\/dt><\/dl><br style=\"clear: both\" \/><dl class='gallery-item'>\n\t\t\t<dt class='gallery-icon landscape'>\n\t\t\t\t<a href='https:\/\/obispadodelinares.cl\/ol\/wp-content\/uploads\/2024\/10\/IMG_4558-scaled.jpg'><img decoding=\"async\" width=\"1024\" height=\"576\" data-src=\"https:\/\/obispadodelinares.cl\/ol\/wp-content\/uploads\/2024\/10\/IMG_4558-1024x576.jpg\" class=\"attachment-large size-large lazyload\" alt=\"\" data-srcset=\"https:\/\/obispadodelinares.cl\/ol\/wp-content\/uploads\/2024\/10\/IMG_4558-1024x576.jpg 1024w, https:\/\/obispadodelinares.cl\/ol\/wp-content\/uploads\/2024\/10\/IMG_4558-300x169.jpg 300w, https:\/\/obispadodelinares.cl\/ol\/wp-content\/uploads\/2024\/10\/IMG_4558-768x432.jpg 768w, https:\/\/obispadodelinares.cl\/ol\/wp-content\/uploads\/2024\/10\/IMG_4558-1536x864.jpg 1536w, https:\/\/obispadodelinares.cl\/ol\/wp-content\/uploads\/2024\/10\/IMG_4558-2048x1152.jpg 2048w\" data-sizes=\"(max-width: 1024px) 100vw, 1024px\" src=\"data:image\/svg+xml;base64,PHN2ZyB3aWR0aD0iMSIgaGVpZ2h0PSIxIiB4bWxucz0iaHR0cDovL3d3dy53My5vcmcvMjAwMC9zdmciPjwvc3ZnPg==\" style=\"--smush-placeholder-width: 1024px; --smush-placeholder-aspect-ratio: 1024\/576;\" \/><\/a>\n\t\t\t<\/dt><\/dl><dl class='gallery-item'>\n\t\t\t<dt class='gallery-icon landscape'>\n\t\t\t\t<a href='https:\/\/obispadodelinares.cl\/ol\/wp-content\/uploads\/2024\/10\/IMG_4505-scaled.jpg'><img decoding=\"async\" width=\"1024\" height=\"576\" data-src=\"https:\/\/obispadodelinares.cl\/ol\/wp-content\/uploads\/2024\/10\/IMG_4505-1024x576.jpg\" class=\"attachment-large size-large lazyload\" alt=\"\" data-srcset=\"https:\/\/obispadodelinares.cl\/ol\/wp-content\/uploads\/2024\/10\/IMG_4505-1024x576.jpg 1024w, https:\/\/obispadodelinares.cl\/ol\/wp-content\/uploads\/2024\/10\/IMG_4505-300x169.jpg 300w, https:\/\/obispadodelinares.cl\/ol\/wp-content\/uploads\/2024\/10\/IMG_4505-768x432.jpg 768w, https:\/\/obispadodelinares.cl\/ol\/wp-content\/uploads\/2024\/10\/IMG_4505-1536x864.jpg 1536w, https:\/\/obispadodelinares.cl\/ol\/wp-content\/uploads\/2024\/10\/IMG_4505-2048x1152.jpg 2048w\" data-sizes=\"(max-width: 1024px) 100vw, 1024px\" src=\"data:image\/svg+xml;base64,PHN2ZyB3aWR0aD0iMSIgaGVpZ2h0PSIxIiB4bWxucz0iaHR0cDovL3d3dy53My5vcmcvMjAwMC9zdmciPjwvc3ZnPg==\" style=\"--smush-placeholder-width: 1024px; --smush-placeholder-aspect-ratio: 1024\/576;\" \/><\/a>\n\t\t\t<\/dt><\/dl><dl class='gallery-item'>\n\t\t\t<dt class='gallery-icon landscape'>\n\t\t\t\t<a href='https:\/\/obispadodelinares.cl\/ol\/wp-content\/uploads\/2024\/10\/20241018_175820.jpg'><img decoding=\"async\" width=\"1024\" height=\"768\" data-src=\"https:\/\/obispadodelinares.cl\/ol\/wp-content\/uploads\/2024\/10\/20241018_175820-1024x768.jpg\" class=\"attachment-large size-large lazyload\" alt=\"\" data-srcset=\"https:\/\/obispadodelinares.cl\/ol\/wp-content\/uploads\/2024\/10\/20241018_175820-1024x768.jpg 1024w, https:\/\/obispadodelinares.cl\/ol\/wp-content\/uploads\/2024\/10\/20241018_175820-300x225.jpg 300w, https:\/\/obispadodelinares.cl\/ol\/wp-content\/uploads\/2024\/10\/20241018_175820-768x576.jpg 768w, https:\/\/obispadodelinares.cl\/ol\/wp-content\/uploads\/2024\/10\/20241018_175820-1536x1152.jpg 1536w, https:\/\/obispadodelinares.cl\/ol\/wp-content\/uploads\/2024\/10\/20241018_175820.jpg 1950w\" data-sizes=\"(max-width: 1024px) 100vw, 1024px\" src=\"data:image\/svg+xml;base64,PHN2ZyB3aWR0aD0iMSIgaGVpZ2h0PSIxIiB4bWxucz0iaHR0cDovL3d3dy53My5vcmcvMjAwMC9zdmciPjwvc3ZnPg==\" style=\"--smush-placeholder-width: 1024px; --smush-placeholder-aspect-ratio: 1024\/768;\" \/><\/a>\n\t\t\t<\/dt><\/dl><br style=\"clear: both\" \/><dl class='gallery-item'>\n\t\t\t<dt class='gallery-icon landscape'>\n\t\t\t\t<a href='https:\/\/obispadodelinares.cl\/ol\/wp-content\/uploads\/2024\/10\/20241019_123909.jpg'><img decoding=\"async\" width=\"461\" height=\"346\" data-src=\"https:\/\/obispadodelinares.cl\/ol\/wp-content\/uploads\/2024\/10\/20241019_123909.jpg\" class=\"attachment-large size-large lazyload\" alt=\"\" data-srcset=\"https:\/\/obispadodelinares.cl\/ol\/wp-content\/uploads\/2024\/10\/20241019_123909.jpg 461w, https:\/\/obispadodelinares.cl\/ol\/wp-content\/uploads\/2024\/10\/20241019_123909-300x225.jpg 300w\" data-sizes=\"(max-width: 461px) 100vw, 461px\" src=\"data:image\/svg+xml;base64,PHN2ZyB3aWR0aD0iMSIgaGVpZ2h0PSIxIiB4bWxucz0iaHR0cDovL3d3dy53My5vcmcvMjAwMC9zdmciPjwvc3ZnPg==\" style=\"--smush-placeholder-width: 461px; --smush-placeholder-aspect-ratio: 461\/346;\" \/><\/a>\n\t\t\t<\/dt><\/dl><dl class='gallery-item'>\n\t\t\t<dt class='gallery-icon landscape'>\n\t\t\t\t<a href='https:\/\/obispadodelinares.cl\/ol\/wp-content\/uploads\/2024\/10\/IMG_4444-scaled.jpg'><img decoding=\"async\" width=\"1024\" height=\"576\" data-src=\"https:\/\/obispadodelinares.cl\/ol\/wp-content\/uploads\/2024\/10\/IMG_4444-1024x576.jpg\" class=\"attachment-large size-large lazyload\" alt=\"\" data-srcset=\"https:\/\/obispadodelinares.cl\/ol\/wp-content\/uploads\/2024\/10\/IMG_4444-1024x576.jpg 1024w, https:\/\/obispadodelinares.cl\/ol\/wp-content\/uploads\/2024\/10\/IMG_4444-300x169.jpg 300w, https:\/\/obispadodelinares.cl\/ol\/wp-content\/uploads\/2024\/10\/IMG_4444-768x432.jpg 768w, https:\/\/obispadodelinares.cl\/ol\/wp-content\/uploads\/2024\/10\/IMG_4444-1536x864.jpg 1536w, https:\/\/obispadodelinares.cl\/ol\/wp-content\/uploads\/2024\/10\/IMG_4444-2048x1152.jpg 2048w\" data-sizes=\"(max-width: 1024px) 100vw, 1024px\" src=\"data:image\/svg+xml;base64,PHN2ZyB3aWR0aD0iMSIgaGVpZ2h0PSIxIiB4bWxucz0iaHR0cDovL3d3dy53My5vcmcvMjAwMC9zdmciPjwvc3ZnPg==\" style=\"--smush-placeholder-width: 1024px; --smush-placeholder-aspect-ratio: 1024\/576;\" \/><\/a>\n\t\t\t<\/dt><\/dl><dl class='gallery-item'>\n\t\t\t<dt class='gallery-icon landscape'>\n\t\t\t\t<a href='https:\/\/obispadodelinares.cl\/ol\/wp-content\/uploads\/2024\/10\/IMG_4484-scaled.jpg'><img decoding=\"async\" width=\"1024\" height=\"576\" data-src=\"https:\/\/obispadodelinares.cl\/ol\/wp-content\/uploads\/2024\/10\/IMG_4484-1024x576.jpg\" class=\"attachment-large size-large lazyload\" alt=\"\" data-srcset=\"https:\/\/obispadodelinares.cl\/ol\/wp-content\/uploads\/2024\/10\/IMG_4484-1024x576.jpg 1024w, https:\/\/obispadodelinares.cl\/ol\/wp-content\/uploads\/2024\/10\/IMG_4484-300x169.jpg 300w, https:\/\/obispadodelinares.cl\/ol\/wp-content\/uploads\/2024\/10\/IMG_4484-768x432.jpg 768w, https:\/\/obispadodelinares.cl\/ol\/wp-content\/uploads\/2024\/10\/IMG_4484-1536x864.jpg 1536w, https:\/\/obispadodelinares.cl\/ol\/wp-content\/uploads\/2024\/10\/IMG_4484-2048x1152.jpg 2048w\" data-sizes=\"(max-width: 1024px) 100vw, 1024px\" src=\"data:image\/svg+xml;base64,PHN2ZyB3aWR0aD0iMSIgaGVpZ2h0PSIxIiB4bWxucz0iaHR0cDovL3d3dy53My5vcmcvMjAwMC9zdmciPjwvc3ZnPg==\" style=\"--smush-placeholder-width: 1024px; --smush-placeholder-aspect-ratio: 1024\/576;\" \/><\/a>\n\t\t\t<\/dt><\/dl><br style=\"clear: both\" \/><dl class='gallery-item'>\n\t\t\t<dt class='gallery-icon landscape'>\n\t\t\t\t<a href='https:\/\/obispadodelinares.cl\/ol\/wp-content\/uploads\/2024\/10\/IMG_4487-scaled.jpg'><img decoding=\"async\" width=\"1024\" height=\"576\" data-src=\"https:\/\/obispadodelinares.cl\/ol\/wp-content\/uploads\/2024\/10\/IMG_4487-1024x576.jpg\" class=\"attachment-large size-large lazyload\" alt=\"\" data-srcset=\"https:\/\/obispadodelinares.cl\/ol\/wp-content\/uploads\/2024\/10\/IMG_4487-1024x576.jpg 1024w, https:\/\/obispadodelinares.cl\/ol\/wp-content\/uploads\/2024\/10\/IMG_4487-300x169.jpg 300w, https:\/\/obispadodelinares.cl\/ol\/wp-content\/uploads\/2024\/10\/IMG_4487-768x432.jpg 768w, https:\/\/obispadodelinares.cl\/ol\/wp-content\/uploads\/2024\/10\/IMG_4487-1536x864.jpg 1536w, https:\/\/obispadodelinares.cl\/ol\/wp-content\/uploads\/2024\/10\/IMG_4487-2048x1152.jpg 2048w\" data-sizes=\"(max-width: 1024px) 100vw, 1024px\" src=\"data:image\/svg+xml;base64,PHN2ZyB3aWR0aD0iMSIgaGVpZ2h0PSIxIiB4bWxucz0iaHR0cDovL3d3dy53My5vcmcvMjAwMC9zdmciPjwvc3ZnPg==\" style=\"--smush-placeholder-width: 1024px; --smush-placeholder-aspect-ratio: 1024\/576;\" \/><\/a>\n\t\t\t<\/dt><\/dl>\n\t\t\t<br style='clear: both' \/>\n\t\t<\/div>\n\n","protected":false},"excerpt":{"rendered":"<p>Con una masiva asistencia de delegados pastorales se desarroll\u00f3 la 44\u00b0 Asamblea Sinodal Diocesana en Linares, los d\u00edas 18 y 19 de octubre, en el Colegio Bicentenario San Miguel Arc\u00e1ngel. Es la cuadrag\u00e9sima cuarta vez que la Di\u00f3cesis de San Ambrosio de Linares se congrega para testimoniar la unidad de la Iglesia y lo hizo [&hellip;]<\/p>\n","protected":false},"author":1,"featured_media":19658,"comment_status":"closed","ping_status":"closed","sticky":false,"template":"","format":"standard","meta":{"h5ap_radio_sources":[],"footnotes":""},"categories":[468,291,353,101],"tags":[402,304],"class_list":["post-19646","post","type-post","status-publish","format-standard","has-post-thumbnail","hentry","category-468","category-diocesana","category-sinodo","category-sinodo-diocesano","tag-asamblea-sinodal","tag-sinodo"],"_links":{"self":[{"href":"https:\/\/obispadodelinares.cl\/ol\/index.php?rest_route=\/wp\/v2\/posts\/19646","targetHints":{"allow":["GET"]}}],"collection":[{"href":"https:\/\/obispadodelinares.cl\/ol\/index.php?rest_route=\/wp\/v2\/posts"}],"about":[{"href":"https:\/\/obispadodelinares.cl\/ol\/index.php?rest_route=\/wp\/v2\/types\/post"}],"author":[{"embeddable":true,"href":"https:\/\/obispadodelinares.cl\/ol\/index.php?rest_route=\/wp\/v2\/users\/1"}],"replies":[{"embeddable":true,"href":"https:\/\/obispadodelinares.cl\/ol\/index.php?rest_route=%2Fwp%2Fv2%2Fcomments&post=19646"}],"version-history":[{"count":0,"href":"https:\/\/obispadodelinares.cl\/ol\/index.php?rest_route=\/wp\/v2\/posts\/19646\/revisions"}],"wp:featuredmedia":[{"embeddable":true,"href":"https:\/\/obispadodelinares.cl\/ol\/index.php?rest_route=\/wp\/v2\/media\/19658"}],"wp:attachment":[{"href":"https:\/\/obispadodelinares.cl\/ol\/index.php?rest_route=%2Fwp%2Fv2%2Fmedia&parent=19646"}],"wp:term":[{"taxonomy":"category","embeddable":true,"href":"https:\/\/obispadodelinares.cl\/ol\/index.php?rest_route=%2Fwp%2Fv2%2Fcategories&post=19646"},{"taxonomy":"post_tag","embeddable":true,"href":"https:\/\/obispadodelinares.cl\/ol\/index.php?rest_route=%2Fwp%2Fv2%2Ftags&post=19646"}],"curies":[{"name":"wp","href":"https:\/\/api.w.org\/{rel}","templated":true}]}}