{"id":19387,"date":"2024-10-14T16:46:18","date_gmt":"2024-10-14T19:46:18","guid":{"rendered":"https:\/\/obispadodelinares.cl\/ol\/?p=19387"},"modified":"2024-10-14T16:46:18","modified_gmt":"2024-10-14T19:46:18","slug":"celebracion-de-la-virgen-del-rosario-en-sauzal-fe-y-tradicion-campesina","status":"publish","type":"post","link":"https:\/\/obispadodelinares.cl\/ol\/?p=19387","title":{"rendered":"Celebraci\u00f3n de la Virgen del Rosario en Sauzal Fe y Tradici\u00f3n Campesina"},"content":{"rendered":"<p>La localidad de Sauzal revivi\u00f3 este 12 de octubre la tradicional Fiesta en honor a la Virgen del Rosario, donde la devoci\u00f3n religiosa se une a las m\u00e1s puras tradiciones campesinas y el Pueblo que en el d\u00eda a d\u00eda tiene alrededor de 500 habitantes, en esta ocasi\u00f3n ve cuadruplicada su poblaci\u00f3n, donde el respeto y la alegr\u00eda del reencuentro reinan en el ambiente, que se prepara para recibir a miles de peregrinos que vienen a rendir homenajes a la Virgencita, pagar mandas, agradecer favores y encomendarse a la protecci\u00f3n maternal de Nuestra Se\u00f1ora del Rosario.<\/p>\n<p>La jornada central se prepar\u00f3 con la Novena, dedicando cada d\u00eda su oraci\u00f3n por intenciones diferentes. Este 12 de octubre, comenz\u00f3 con una Solemne Eucarist\u00eda, a las 11:00 hrs. celebrada por Monse\u00f1or Tomislav Koljatic, concelebrando el p\u00e1rroco de Sauzal P. Jos\u00e9 Ulloa, el P. Luis Retamal Canto y el di\u00e1cono permanente Rodrigo Montecinos.<\/p>\n<p>Acompa\u00f1aron la celebraci\u00f3n autoridades de Cauquenes y Empedrado, as\u00ed como tambi\u00e9n feligreses que llegaban desde distintos rincones de la regi\u00f3n y del pa\u00eds.<\/p>\n<p>Concluida la Misa, cientos de personas escoltaron la imagen de la Virgen del Rosario en la tradicional procesi\u00f3n que recorri\u00f3 las principales calles del poblado. Uno de los momentos m\u00e1s destacados fue el homenaje del Club de Huasos, quienes junto a m\u00e1s de 500 cabalgaduras giraron alrededor de la Plaza, rindiendo tributo a la Santa Imagen, venerada desde tiempos inmemoriales en Sauzal, pasando primero al paso, al trote y al galope, marcando su respeto en cada una de las vueltas.<\/p>\n<p><strong>Un poco de historia<\/strong><\/p>\n<p>Sauzal, una Aldea Colonial fundada en 1782 en la Regi\u00f3n del Maule, ubicada a 35 km al norte de la ciudad de Cauquenes, (Secano Costero), con una poblaci\u00f3n habitual que no supera los 400 habitantes durante el resto del a\u00f1o.<\/p>\n<p>La festividad de Nuestra Se\u00f1ora del Rosario en la zona de Sauzal, es uno de los acontecimientos m\u00e1s arraigados en el alma del campesino maulino. Esta devoci\u00f3n a la Madre de Dios tuvo su origen en la antigua Cuyuname, sede primera de la extensa Parroquia de Sauzal. All\u00e1 por los a\u00f1os 1835, despu\u00e9s del destructivo terremoto que destruyera parte de la zona central de Chile, Villa e Iglesia de Cuyuname fueron arrasadas por el voraz incendio que se sigui\u00f3 al movimiento tel\u00farico. All\u00ed se encontraba la imagen venerada, que manos piadosas salvaron de la destrucci\u00f3n. Ese mismo a\u00f1o comenz\u00f3 la reconstrucci\u00f3n tres kil\u00f3metros m\u00e1s al oriente en el lugar que hoy ocupa el Pueblo de Sauzal, en la Provincia del Maule.<\/p>\n<p>Los trabajos avanzaban, y la actual Iglesia parroquial pronto servir\u00eda ya para elevar las plegarias a lo alto. Se dispuso entonces, que la imagen de la Virgen del Rosario fuese tra\u00edda en procesi\u00f3n a su nueva morada. En aquel tiempo septiembre era muy lluvioso y no se pudo realizar en el Mes de la Patria, Fue as\u00ed que despu\u00e9s de varios intentos, los pobladores llegaban con su Imagen Protectora al nuevo Pueblo y fue el primer domingo de octubre. Inmeditamente se organiz\u00f3 una solemne novena de rogativas para implorar la misericordia divina, uniendo a\u00fan m\u00e1s al Pueblo de Sauzal.<\/p>\n<p>La festividad de Nuestra Se\u00f1ora del Rosario, es un referente muy importante a nivel Cultural e Identitario para la comunidad local. En noviembre de 2007 la Parroquia San Luis de Gonzaga fue declarada Monumento Nacional en la categor\u00eda de Monumento Hist\u00f3rico. Actualmente se encuentra en un proceso de restauraci\u00f3n, dado que con el terremoto del 2010 colaps\u00f3 su fachada, su atrio, coro y campanario. Adem\u00e1s, parte de sus muros y pilares quedaron en el suelo.<\/p>\n\n\t\t<style type=\"text\/css\">\n\t\t\t#gallery-1 {\n\t\t\t\tmargin: auto;\n\t\t\t}\n\t\t\t#gallery-1 .gallery-item {\n\t\t\t\tfloat: left;\n\t\t\t\tmargin-top: 10px;\n\t\t\t\ttext-align: center;\n\t\t\t\twidth: 33%;\n\t\t\t}\n\t\t\t#gallery-1 img {\n\t\t\t\tborder: 2px solid #cfcfcf;\n\t\t\t}\n\t\t\t#gallery-1 .gallery-caption {\n\t\t\t\tmargin-left: 0;\n\t\t\t}\n\t\t\t\/* see gallery_shortcode() in wp-includes\/media.php *\/\n\t\t<\/style>\n\t\t<div id='gallery-1' class='gallery galleryid-19387 gallery-columns-3 gallery-size-large'><dl class='gallery-item'>\n\t\t\t<dt class='gallery-icon landscape'>\n\t\t\t\t<a href='https:\/\/obispadodelinares.cl\/ol\/wp-content\/uploads\/2024\/10\/sauzal-virgen-del-Rosario.jpg'><img fetchpriority=\"high\" decoding=\"async\" width=\"1024\" height=\"794\" src=\"https:\/\/obispadodelinares.cl\/ol\/wp-content\/uploads\/2024\/10\/sauzal-virgen-del-Rosario-1024x794.jpg\" class=\"attachment-large size-large\" alt=\"\" srcset=\"https:\/\/obispadodelinares.cl\/ol\/wp-content\/uploads\/2024\/10\/sauzal-virgen-del-Rosario-1024x794.jpg 1024w, https:\/\/obispadodelinares.cl\/ol\/wp-content\/uploads\/2024\/10\/sauzal-virgen-del-Rosario-300x233.jpg 300w, https:\/\/obispadodelinares.cl\/ol\/wp-content\/uploads\/2024\/10\/sauzal-virgen-del-Rosario-768x595.jpg 768w, https:\/\/obispadodelinares.cl\/ol\/wp-content\/uploads\/2024\/10\/sauzal-virgen-del-Rosario.jpg 1080w\" sizes=\"(max-width: 1024px) 100vw, 1024px\" \/><\/a>\n\t\t\t<\/dt><\/dl><dl class='gallery-item'>\n\t\t\t<dt class='gallery-icon landscape'>\n\t\t\t\t<a href='https:\/\/obispadodelinares.cl\/ol\/wp-content\/uploads\/2024\/10\/IMG_0844.jpg'><img decoding=\"async\" width=\"1024\" height=\"682\" data-src=\"https:\/\/obispadodelinares.cl\/ol\/wp-content\/uploads\/2024\/10\/IMG_0844-1024x682.jpg\" class=\"attachment-large size-large lazyload\" alt=\"\" data-srcset=\"https:\/\/obispadodelinares.cl\/ol\/wp-content\/uploads\/2024\/10\/IMG_0844-1024x682.jpg 1024w, https:\/\/obispadodelinares.cl\/ol\/wp-content\/uploads\/2024\/10\/IMG_0844-300x200.jpg 300w, https:\/\/obispadodelinares.cl\/ol\/wp-content\/uploads\/2024\/10\/IMG_0844-768x512.jpg 768w, https:\/\/obispadodelinares.cl\/ol\/wp-content\/uploads\/2024\/10\/IMG_0844-1536x1024.jpg 1536w, https:\/\/obispadodelinares.cl\/ol\/wp-content\/uploads\/2024\/10\/IMG_0844-2048x1365.jpg 2048w\" data-sizes=\"(max-width: 1024px) 100vw, 1024px\" src=\"data:image\/svg+xml;base64,PHN2ZyB3aWR0aD0iMSIgaGVpZ2h0PSIxIiB4bWxucz0iaHR0cDovL3d3dy53My5vcmcvMjAwMC9zdmciPjwvc3ZnPg==\" style=\"--smush-placeholder-width: 1024px; --smush-placeholder-aspect-ratio: 1024\/682;\" \/><\/a>\n\t\t\t<\/dt><\/dl><dl class='gallery-item'>\n\t\t\t<dt class='gallery-icon landscape'>\n\t\t\t\t<a href='https:\/\/obispadodelinares.cl\/ol\/wp-content\/uploads\/2024\/10\/IMG_0836.jpg'><img decoding=\"async\" width=\"1024\" height=\"682\" data-src=\"https:\/\/obispadodelinares.cl\/ol\/wp-content\/uploads\/2024\/10\/IMG_0836-1024x682.jpg\" class=\"attachment-large size-large lazyload\" alt=\"\" data-srcset=\"https:\/\/obispadodelinares.cl\/ol\/wp-content\/uploads\/2024\/10\/IMG_0836-1024x682.jpg 1024w, https:\/\/obispadodelinares.cl\/ol\/wp-content\/uploads\/2024\/10\/IMG_0836-300x200.jpg 300w, https:\/\/obispadodelinares.cl\/ol\/wp-content\/uploads\/2024\/10\/IMG_0836-768x512.jpg 768w, https:\/\/obispadodelinares.cl\/ol\/wp-content\/uploads\/2024\/10\/IMG_0836-1536x1024.jpg 1536w, https:\/\/obispadodelinares.cl\/ol\/wp-content\/uploads\/2024\/10\/IMG_0836-2048x1365.jpg 2048w\" data-sizes=\"(max-width: 1024px) 100vw, 1024px\" src=\"data:image\/svg+xml;base64,PHN2ZyB3aWR0aD0iMSIgaGVpZ2h0PSIxIiB4bWxucz0iaHR0cDovL3d3dy53My5vcmcvMjAwMC9zdmciPjwvc3ZnPg==\" style=\"--smush-placeholder-width: 1024px; --smush-placeholder-aspect-ratio: 1024\/682;\" \/><\/a>\n\t\t\t<\/dt><\/dl><br style=\"clear: both\" \/><dl class='gallery-item'>\n\t\t\t<dt class='gallery-icon landscape'>\n\t\t\t\t<a href='https:\/\/obispadodelinares.cl\/ol\/wp-content\/uploads\/2024\/10\/462896010_1008522207983346_8000094589377082313_n.jpg'><img decoding=\"async\" width=\"1024\" height=\"683\" data-src=\"https:\/\/obispadodelinares.cl\/ol\/wp-content\/uploads\/2024\/10\/462896010_1008522207983346_8000094589377082313_n-1024x683.jpg\" class=\"attachment-large size-large lazyload\" alt=\"\" data-srcset=\"https:\/\/obispadodelinares.cl\/ol\/wp-content\/uploads\/2024\/10\/462896010_1008522207983346_8000094589377082313_n-1024x683.jpg 1024w, https:\/\/obispadodelinares.cl\/ol\/wp-content\/uploads\/2024\/10\/462896010_1008522207983346_8000094589377082313_n-300x200.jpg 300w, https:\/\/obispadodelinares.cl\/ol\/wp-content\/uploads\/2024\/10\/462896010_1008522207983346_8000094589377082313_n-768x512.jpg 768w, https:\/\/obispadodelinares.cl\/ol\/wp-content\/uploads\/2024\/10\/462896010_1008522207983346_8000094589377082313_n-1536x1024.jpg 1536w, https:\/\/obispadodelinares.cl\/ol\/wp-content\/uploads\/2024\/10\/462896010_1008522207983346_8000094589377082313_n.jpg 2048w\" data-sizes=\"(max-width: 1024px) 100vw, 1024px\" src=\"data:image\/svg+xml;base64,PHN2ZyB3aWR0aD0iMSIgaGVpZ2h0PSIxIiB4bWxucz0iaHR0cDovL3d3dy53My5vcmcvMjAwMC9zdmciPjwvc3ZnPg==\" style=\"--smush-placeholder-width: 1024px; --smush-placeholder-aspect-ratio: 1024\/683;\" \/><\/a>\n\t\t\t<\/dt><\/dl><dl class='gallery-item'>\n\t\t\t<dt class='gallery-icon landscape'>\n\t\t\t\t<a href='https:\/\/obispadodelinares.cl\/ol\/wp-content\/uploads\/2024\/10\/462806569_1008522777983289_959446959430942416_n.jpg'><img decoding=\"async\" width=\"1024\" height=\"683\" data-src=\"https:\/\/obispadodelinares.cl\/ol\/wp-content\/uploads\/2024\/10\/462806569_1008522777983289_959446959430942416_n-1024x683.jpg\" class=\"attachment-large size-large lazyload\" alt=\"\" data-srcset=\"https:\/\/obispadodelinares.cl\/ol\/wp-content\/uploads\/2024\/10\/462806569_1008522777983289_959446959430942416_n-1024x683.jpg 1024w, https:\/\/obispadodelinares.cl\/ol\/wp-content\/uploads\/2024\/10\/462806569_1008522777983289_959446959430942416_n-300x200.jpg 300w, https:\/\/obispadodelinares.cl\/ol\/wp-content\/uploads\/2024\/10\/462806569_1008522777983289_959446959430942416_n-768x512.jpg 768w, https:\/\/obispadodelinares.cl\/ol\/wp-content\/uploads\/2024\/10\/462806569_1008522777983289_959446959430942416_n-1536x1024.jpg 1536w, https:\/\/obispadodelinares.cl\/ol\/wp-content\/uploads\/2024\/10\/462806569_1008522777983289_959446959430942416_n.jpg 2048w\" data-sizes=\"(max-width: 1024px) 100vw, 1024px\" src=\"data:image\/svg+xml;base64,PHN2ZyB3aWR0aD0iMSIgaGVpZ2h0PSIxIiB4bWxucz0iaHR0cDovL3d3dy53My5vcmcvMjAwMC9zdmciPjwvc3ZnPg==\" style=\"--smush-placeholder-width: 1024px; --smush-placeholder-aspect-ratio: 1024\/683;\" \/><\/a>\n\t\t\t<\/dt><\/dl><dl class='gallery-item'>\n\t\t\t<dt class='gallery-icon landscape'>\n\t\t\t\t<a href='https:\/\/obispadodelinares.cl\/ol\/wp-content\/uploads\/2024\/10\/20909755-66d6-4d85-81d2-5d6ad6d06883.jpg'><img decoding=\"async\" width=\"1024\" height=\"768\" data-src=\"https:\/\/obispadodelinares.cl\/ol\/wp-content\/uploads\/2024\/10\/20909755-66d6-4d85-81d2-5d6ad6d06883-1024x768.jpg\" class=\"attachment-large size-large lazyload\" alt=\"\" data-srcset=\"https:\/\/obispadodelinares.cl\/ol\/wp-content\/uploads\/2024\/10\/20909755-66d6-4d85-81d2-5d6ad6d06883-1024x768.jpg 1024w, https:\/\/obispadodelinares.cl\/ol\/wp-content\/uploads\/2024\/10\/20909755-66d6-4d85-81d2-5d6ad6d06883-300x225.jpg 300w, https:\/\/obispadodelinares.cl\/ol\/wp-content\/uploads\/2024\/10\/20909755-66d6-4d85-81d2-5d6ad6d06883-768x576.jpg 768w, https:\/\/obispadodelinares.cl\/ol\/wp-content\/uploads\/2024\/10\/20909755-66d6-4d85-81d2-5d6ad6d06883-1536x1152.jpg 1536w, https:\/\/obispadodelinares.cl\/ol\/wp-content\/uploads\/2024\/10\/20909755-66d6-4d85-81d2-5d6ad6d06883.jpg 1600w\" data-sizes=\"(max-width: 1024px) 100vw, 1024px\" src=\"data:image\/svg+xml;base64,PHN2ZyB3aWR0aD0iMSIgaGVpZ2h0PSIxIiB4bWxucz0iaHR0cDovL3d3dy53My5vcmcvMjAwMC9zdmciPjwvc3ZnPg==\" style=\"--smush-placeholder-width: 1024px; --smush-placeholder-aspect-ratio: 1024\/768;\" \/><\/a>\n\t\t\t<\/dt><\/dl><br style=\"clear: both\" \/><dl class='gallery-item'>\n\t\t\t<dt class='gallery-icon landscape'>\n\t\t\t\t<a href='https:\/\/obispadodelinares.cl\/ol\/wp-content\/uploads\/2024\/10\/6d34ace9-b81a-4ce5-8259-cb84e8a490a2.jpg'><img decoding=\"async\" width=\"1024\" height=\"768\" data-src=\"https:\/\/obispadodelinares.cl\/ol\/wp-content\/uploads\/2024\/10\/6d34ace9-b81a-4ce5-8259-cb84e8a490a2-1024x768.jpg\" class=\"attachment-large size-large lazyload\" alt=\"\" data-srcset=\"https:\/\/obispadodelinares.cl\/ol\/wp-content\/uploads\/2024\/10\/6d34ace9-b81a-4ce5-8259-cb84e8a490a2-1024x768.jpg 1024w, https:\/\/obispadodelinares.cl\/ol\/wp-content\/uploads\/2024\/10\/6d34ace9-b81a-4ce5-8259-cb84e8a490a2-300x225.jpg 300w, https:\/\/obispadodelinares.cl\/ol\/wp-content\/uploads\/2024\/10\/6d34ace9-b81a-4ce5-8259-cb84e8a490a2-768x576.jpg 768w, https:\/\/obispadodelinares.cl\/ol\/wp-content\/uploads\/2024\/10\/6d34ace9-b81a-4ce5-8259-cb84e8a490a2-1536x1152.jpg 1536w, https:\/\/obispadodelinares.cl\/ol\/wp-content\/uploads\/2024\/10\/6d34ace9-b81a-4ce5-8259-cb84e8a490a2.jpg 1600w\" data-sizes=\"(max-width: 1024px) 100vw, 1024px\" src=\"data:image\/svg+xml;base64,PHN2ZyB3aWR0aD0iMSIgaGVpZ2h0PSIxIiB4bWxucz0iaHR0cDovL3d3dy53My5vcmcvMjAwMC9zdmciPjwvc3ZnPg==\" style=\"--smush-placeholder-width: 1024px; --smush-placeholder-aspect-ratio: 1024\/768;\" \/><\/a>\n\t\t\t<\/dt><\/dl>\n\t\t\t<br style='clear: both' \/>\n\t\t<\/div>\n\n","protected":false},"excerpt":{"rendered":"<p>La localidad de Sauzal revivi\u00f3 este 12 de octubre la tradicional Fiesta en honor a la Virgen del Rosario, donde la devoci\u00f3n religiosa se une a las m\u00e1s puras tradiciones campesinas y el Pueblo que en el d\u00eda a d\u00eda tiene alrededor de 500 habitantes, en esta ocasi\u00f3n ve cuadruplicada su poblaci\u00f3n, donde el respeto [&hellip;]<\/p>\n","protected":false},"author":1,"featured_media":19392,"comment_status":"closed","ping_status":"closed","sticky":false,"template":"","format":"standard","meta":{"h5ap_radio_sources":[],"footnotes":""},"categories":[468,291,74],"tags":[458,147,484],"class_list":["post-19387","post","type-post","status-publish","format-standard","has-post-thumbnail","hentry","category-468","category-diocesana","category-fiesta-religiosa","tag-parroquia-san-luis-gonzaga","tag-sauzal","tag-virgen-del-rosario"],"_links":{"self":[{"href":"https:\/\/obispadodelinares.cl\/ol\/index.php?rest_route=\/wp\/v2\/posts\/19387","targetHints":{"allow":["GET"]}}],"collection":[{"href":"https:\/\/obispadodelinares.cl\/ol\/index.php?rest_route=\/wp\/v2\/posts"}],"about":[{"href":"https:\/\/obispadodelinares.cl\/ol\/index.php?rest_route=\/wp\/v2\/types\/post"}],"author":[{"embeddable":true,"href":"https:\/\/obispadodelinares.cl\/ol\/index.php?rest_route=\/wp\/v2\/users\/1"}],"replies":[{"embeddable":true,"href":"https:\/\/obispadodelinares.cl\/ol\/index.php?rest_route=%2Fwp%2Fv2%2Fcomments&post=19387"}],"version-history":[{"count":0,"href":"https:\/\/obispadodelinares.cl\/ol\/index.php?rest_route=\/wp\/v2\/posts\/19387\/revisions"}],"wp:featuredmedia":[{"embeddable":true,"href":"https:\/\/obispadodelinares.cl\/ol\/index.php?rest_route=\/wp\/v2\/media\/19392"}],"wp:attachment":[{"href":"https:\/\/obispadodelinares.cl\/ol\/index.php?rest_route=%2Fwp%2Fv2%2Fmedia&parent=19387"}],"wp:term":[{"taxonomy":"category","embeddable":true,"href":"https:\/\/obispadodelinares.cl\/ol\/index.php?rest_route=%2Fwp%2Fv2%2Fcategories&post=19387"},{"taxonomy":"post_tag","embeddable":true,"href":"https:\/\/obispadodelinares.cl\/ol\/index.php?rest_route=%2Fwp%2Fv2%2Ftags&post=19387"}],"curies":[{"name":"wp","href":"https:\/\/api.w.org\/{rel}","templated":true}]}}