{"id":19029,"date":"2024-09-10T10:56:03","date_gmt":"2024-09-10T13:56:03","guid":{"rendered":"https:\/\/obispadodelinares.cl\/ol\/?p=19029"},"modified":"2024-09-10T10:56:03","modified_gmt":"2024-09-10T13:56:03","slug":"en-constitucion-una-noche-de-esperanza-y-solidaridad","status":"publish","type":"post","link":"https:\/\/obispadodelinares.cl\/ol\/?p=19029","title":{"rendered":"En Constituci\u00f3n, Una Noche de Esperanza y Solidaridad"},"content":{"rendered":"<p><span style=\"font-weight: 400;\">El pasado 31 de agosto, m\u00e1s de 200 personas se reunieron en el Teatro Municipal de Constituci\u00f3n en un emotivo evento en beneficio de la Restauraci\u00f3n de la parroquia de San Jos\u00e9, afectada por un atentado el 1 de octubre de 2023, en la que result\u00f3 muy afectada el \u00e1rea del Altar de este emblem\u00e1tico templo.<\/span><\/p>\n<p><span style=\"font-weight: 400;\">Gracias a la generosa colaboraci\u00f3n y compromiso de la Municipalidad, se pudo disfrutar las presentaciones de cinco artistas invitados, que se sumaron por esta noble causa.\u00a0<\/span><\/p>\n<p><span style=\"font-weight: 400;\">Con las palabras del Padre Gonzalo y el agradecimiento del Obispado de Linares, cerramos una noche llena de solidaridad, fe y esperanza.\u00a0<\/span><\/p>\n<p><span style=\"font-weight: 400;\">\u00a1Gracias a todos por su apoyo! Juntos reconstruimos m\u00e1s que las paredes de nuestra parroquia; estamos renovando los lazos que fortalecen nuestra comunidad parroquial. <\/span><\/p>\n<p>&nbsp;<\/p>\n\n\t\t<style type=\"text\/css\">\n\t\t\t#gallery-1 {\n\t\t\t\tmargin: auto;\n\t\t\t}\n\t\t\t#gallery-1 .gallery-item {\n\t\t\t\tfloat: left;\n\t\t\t\tmargin-top: 10px;\n\t\t\t\ttext-align: center;\n\t\t\t\twidth: 33%;\n\t\t\t}\n\t\t\t#gallery-1 img {\n\t\t\t\tborder: 2px solid #cfcfcf;\n\t\t\t}\n\t\t\t#gallery-1 .gallery-caption {\n\t\t\t\tmargin-left: 0;\n\t\t\t}\n\t\t\t\/* see gallery_shortcode() in wp-includes\/media.php *\/\n\t\t<\/style>\n\t\t<div id='gallery-1' class='gallery galleryid-19029 gallery-columns-3 gallery-size-large'><dl class='gallery-item'>\n\t\t\t<dt class='gallery-icon portrait'>\n\t\t\t\t<a href='https:\/\/obispadodelinares.cl\/ol\/wp-content\/uploads\/2024\/09\/31-08-2024.jpg'><img fetchpriority=\"high\" decoding=\"async\" width=\"724\" height=\"1024\" src=\"https:\/\/obispadodelinares.cl\/ol\/wp-content\/uploads\/2024\/09\/31-08-2024-724x1024.jpg\" class=\"attachment-large size-large\" alt=\"\" srcset=\"https:\/\/obispadodelinares.cl\/ol\/wp-content\/uploads\/2024\/09\/31-08-2024-724x1024.jpg 724w, https:\/\/obispadodelinares.cl\/ol\/wp-content\/uploads\/2024\/09\/31-08-2024-212x300.jpg 212w, https:\/\/obispadodelinares.cl\/ol\/wp-content\/uploads\/2024\/09\/31-08-2024-768x1086.jpg 768w, https:\/\/obispadodelinares.cl\/ol\/wp-content\/uploads\/2024\/09\/31-08-2024-1086x1536.jpg 1086w, https:\/\/obispadodelinares.cl\/ol\/wp-content\/uploads\/2024\/09\/31-08-2024.jpg 1414w\" sizes=\"(max-width: 724px) 100vw, 724px\" \/><\/a>\n\t\t\t<\/dt><\/dl><dl class='gallery-item'>\n\t\t\t<dt class='gallery-icon landscape'>\n\t\t\t\t<a href='https:\/\/obispadodelinares.cl\/ol\/wp-content\/uploads\/2024\/09\/WhatsApp-Image-2024-09-02-at-9.09.33-PM-scaled.jpeg'><img decoding=\"async\" width=\"1024\" height=\"768\" data-src=\"https:\/\/obispadodelinares.cl\/ol\/wp-content\/uploads\/2024\/09\/WhatsApp-Image-2024-09-02-at-9.09.33-PM-1024x768.jpeg\" class=\"attachment-large size-large lazyload\" alt=\"\" data-srcset=\"https:\/\/obispadodelinares.cl\/ol\/wp-content\/uploads\/2024\/09\/WhatsApp-Image-2024-09-02-at-9.09.33-PM-1024x768.jpeg 1024w, https:\/\/obispadodelinares.cl\/ol\/wp-content\/uploads\/2024\/09\/WhatsApp-Image-2024-09-02-at-9.09.33-PM-300x225.jpeg 300w, https:\/\/obispadodelinares.cl\/ol\/wp-content\/uploads\/2024\/09\/WhatsApp-Image-2024-09-02-at-9.09.33-PM-768x576.jpeg 768w, https:\/\/obispadodelinares.cl\/ol\/wp-content\/uploads\/2024\/09\/WhatsApp-Image-2024-09-02-at-9.09.33-PM-1536x1152.jpeg 1536w, https:\/\/obispadodelinares.cl\/ol\/wp-content\/uploads\/2024\/09\/WhatsApp-Image-2024-09-02-at-9.09.33-PM-2048x1536.jpeg 2048w\" data-sizes=\"(max-width: 1024px) 100vw, 1024px\" src=\"data:image\/svg+xml;base64,PHN2ZyB3aWR0aD0iMSIgaGVpZ2h0PSIxIiB4bWxucz0iaHR0cDovL3d3dy53My5vcmcvMjAwMC9zdmciPjwvc3ZnPg==\" style=\"--smush-placeholder-width: 1024px; --smush-placeholder-aspect-ratio: 1024\/768;\" \/><\/a>\n\t\t\t<\/dt><\/dl>\n\t\t\t<br style='clear: both' \/>\n\t\t<\/div>\n\n","protected":false},"excerpt":{"rendered":"<p>El pasado 31 de agosto, m\u00e1s de 200 personas se reunieron en el Teatro Municipal de Constituci\u00f3n en un emotivo evento en beneficio de la Restauraci\u00f3n de la parroquia de San Jos\u00e9, afectada por un atentado el 1 de octubre de 2023, en la que result\u00f3 muy afectada el \u00e1rea del Altar de este emblem\u00e1tico [&hellip;]<\/p>\n","protected":false},"author":1,"featured_media":19030,"comment_status":"closed","ping_status":"closed","sticky":false,"template":"","format":"standard","meta":{"h5ap_radio_sources":[],"footnotes":""},"categories":[468],"tags":[120,301],"class_list":["post-19029","post","type-post","status-publish","format-standard","has-post-thumbnail","hentry","category-468","tag-constitucion","tag-parroquia-san-jose"],"_links":{"self":[{"href":"https:\/\/obispadodelinares.cl\/ol\/index.php?rest_route=\/wp\/v2\/posts\/19029","targetHints":{"allow":["GET"]}}],"collection":[{"href":"https:\/\/obispadodelinares.cl\/ol\/index.php?rest_route=\/wp\/v2\/posts"}],"about":[{"href":"https:\/\/obispadodelinares.cl\/ol\/index.php?rest_route=\/wp\/v2\/types\/post"}],"author":[{"embeddable":true,"href":"https:\/\/obispadodelinares.cl\/ol\/index.php?rest_route=\/wp\/v2\/users\/1"}],"replies":[{"embeddable":true,"href":"https:\/\/obispadodelinares.cl\/ol\/index.php?rest_route=%2Fwp%2Fv2%2Fcomments&post=19029"}],"version-history":[{"count":0,"href":"https:\/\/obispadodelinares.cl\/ol\/index.php?rest_route=\/wp\/v2\/posts\/19029\/revisions"}],"wp:featuredmedia":[{"embeddable":true,"href":"https:\/\/obispadodelinares.cl\/ol\/index.php?rest_route=\/wp\/v2\/media\/19030"}],"wp:attachment":[{"href":"https:\/\/obispadodelinares.cl\/ol\/index.php?rest_route=%2Fwp%2Fv2%2Fmedia&parent=19029"}],"wp:term":[{"taxonomy":"category","embeddable":true,"href":"https:\/\/obispadodelinares.cl\/ol\/index.php?rest_route=%2Fwp%2Fv2%2Fcategories&post=19029"},{"taxonomy":"post_tag","embeddable":true,"href":"https:\/\/obispadodelinares.cl\/ol\/index.php?rest_route=%2Fwp%2Fv2%2Ftags&post=19029"}],"curies":[{"name":"wp","href":"https:\/\/api.w.org\/{rel}","templated":true}]}}