{"id":19022,"date":"2024-09-10T10:42:23","date_gmt":"2024-09-10T13:42:23","guid":{"rendered":"https:\/\/obispadodelinares.cl\/ol\/?p=19022"},"modified":"2024-09-10T10:42:23","modified_gmt":"2024-09-10T13:42:23","slug":"jovenes-en-la-iglesia-caben-todos-todos-todos","status":"publish","type":"post","link":"https:\/\/obispadodelinares.cl\/ol\/?p=19022","title":{"rendered":"J\u00f3venes, en la Iglesia caben todos, todos, todos"},"content":{"rendered":"<p><span style=\"font-weight: 400;\">Durante los d\u00edas, 30, 31 de agosto y 1\u00b0 de septiembre, j\u00f3venes l\u00edderes de sus comunidades y asesores o catequistas de confirmaci\u00f3n, estuvieron form\u00e1ndose para seguir acompa\u00f1ando a los j\u00f3venes en la labor propia de la Pastoral Juvenil.<\/span><\/p>\n<p><span style=\"font-weight: 400;\">El anuncio joven que cada d\u00eda tiene caracter\u00edsticas especiales, comprendiendo la amplia diversidad de factores que inciden en la vida de los j\u00f3venes hoy.<\/span><\/p>\n<p><span style=\"font-weight: 400;\">En esta ocasi\u00f3n 27 personas, se dieron cita en la casa de Rabones bajo la invitaci\u00f3n del Santo Padre en JMJ de Lisboa en 2023, <\/span><i><span style=\"font-weight: 400;\">proclamando que en la Iglesia caben todos, todos, todos<\/span><\/i><span style=\"font-weight: 400;\">, asumiendo el desaf\u00edo de profundizar en lo que esto significa y con la ayuda de dos profesores, P. Ra\u00fal Moris y el Prof. Patricio Poblete, quienes en sus \u00e1reas nos ayudaron a abordar desde el punto de vista b\u00edblico y magisterial.<\/span><\/p>\n<p><span style=\"font-weight: 400;\">En esta instancia tambi\u00e9n se compartieron algunas invitaciones para todos los j\u00f3venes, como por ejemplo la JNJ La Serena, en enero pr\u00f3ximo, el S\u00ednodo Diocesano del octubre pr\u00f3ximo, el Jubileo de los j\u00f3venes en Roma en agosto del 2025 y la Fiesta del Encuentro de personas mayores, en noviembre del 2024, encuentro que se realizar\u00e1 el 8, 9 y 10 en la ciudad de Linares, aqu\u00ed la invitaci\u00f3n se hizo particularmente por Don Ibar Huerta y Carolina Ortega, quienes enfatizaron que se recibir\u00e1 a delegaciones de todo el pa\u00eds ya que tiene alcance nacional y haci\u00e9ndonos eco de la invitaci\u00f3n del Papa Francisco en la Christus Vivit, donde anima y fomenta el encuentro intergeneracional.<\/span><\/p>\n<p><span style=\"font-weight: 400;\">Los pilares de la formaci\u00f3n fueron b\u00edblico y magisterial, P. Ra\u00fal trabaj\u00f3 con los j\u00f3venes el\u00a0<\/span><span style=\"font-weight: 400;\">texto de la hija de Jairo, entrando el t\u00e9rmino Talita Kum, animando a los j\u00f3venes a\u00a0<\/span><span style=\"font-weight: 400;\">reconocer el llamado que hace Jes\u00fas luego de visitar su vida, para levantarlos a la misi\u00f3n.<\/span><\/p>\n<p><span style=\"font-weight: 400;\">Con el P. Ra\u00fal recorrieron los elementos necesarios para hacer una lectura orante.\u00a0<\/span><span style=\"font-weight: 400;\">Cerramos la ma\u00f1ana con la Eucarist\u00eda. Luego del almuerzo, nos encontramos con el Prof.\u00a0<\/span><span style=\"font-weight: 400;\">Patricio Poblete donde entramos en contacto con dos documentos que son valiosos para\u00a0<\/span><span style=\"font-weight: 400;\">la esfera juvenil, como lo son la exhortaci\u00f3n apost\u00f3lica Christus Vivit que es fruto de un\u00a0<\/span><span style=\"font-weight: 400;\">proceso sinodal de escucha a nivel mundial de todos los miembros del Pueblo de Dios y en\u00a0<\/span><span style=\"font-weight: 400;\">especial de los j\u00f3venes, con todos estos elementos m\u00e1s un s\u00ednodo especial para j\u00f3venes, el\u00a0<\/span><span style=\"font-weight: 400;\">Papa Francisco en el a\u00f1o 2018 lanza este documento que no pierde vigencia ya que su\u00a0<\/span><span style=\"font-weight: 400;\">exhortaci\u00f3n implica un ejercicio de toda la Iglesia en compresi\u00f3n de la realidad juvenil que\u00a0<\/span><span style=\"font-weight: 400;\">vivimos en esta cultura cada vez m\u00e1s global pero con aterrizajes particulares, como es el\u00a0<\/span><span style=\"font-weight: 400;\">caso de Chile, donde la comisi\u00f3n nacional de Pastoral Juvenil de la CECh junto con algunos\u00a0<\/span><span style=\"font-weight: 400;\">expertos trabajo en su propia bajada de este documento magisterial, el que conocimos\u00a0<\/span><span style=\"font-weight: 400;\">como \u201cFrecuentemos el Futuro\u201d, documento que contextualiza las pistas para el trabajo <\/span>pastoral con los j\u00f3venes, entrando en nuevas nomenclaturas como por ejemplo: pasar de\u00a0<span style=\"font-weight: 400;\">hablar de j\u00f3venes a juventudes, de ser una pastoral juvenil que honra la realidad, que da\u00a0<\/span><span style=\"font-weight: 400;\">sus pasos centrado en la maduraci\u00f3n de los j\u00f3venes, atendiendo a que hoy no es m\u00e1s\u00a0<\/span><span style=\"font-weight: 400;\">dif\u00edcil sino que es diferente a las anteriores formas de hacer pastoral juvenil y una de las\u00a0<\/span><span style=\"font-weight: 400;\">propuestas m\u00e1s significativas es entender a la Pastoral Juvenil como un laboratorio\u00a0<\/span><span style=\"font-weight: 400;\">pastoral, donde se crean nuevas, creativas y significativas experiencias de evangelizaci\u00f3n.\u00a0<\/span><span style=\"font-weight: 400;\">Ambos momentos fueron planteados por los expertos en trabajos en grupos y momentos\u00a0<\/span><span style=\"font-weight: 400;\">de di\u00e1logo abierto.\u00a0<\/span><span style=\"font-weight: 400;\">Terminamos el d\u00eda s\u00e1bado con un compartir y una pel\u00edcula, junto con la oraci\u00f3n de la\u00a0<\/span><span style=\"font-weight: 400;\">noche.\u00a0<\/span><\/p>\n<p><span style=\"font-weight: 400;\">El domingo, estuvimos conversando sobre los grandes pasos a seguir, como la\u00a0<\/span><span style=\"font-weight: 400;\">participaci\u00f3n de las diferentes comunidades de j\u00f3venes al S\u00ednodo Diocesano, JNJ de la\u00a0<\/span><span style=\"font-weight: 400;\">Serena y el Jubileo de los J\u00f3venes en Roma. Adem\u00e1s nos acompa\u00f1aron dos amigos de la\u00a0<\/span><span style=\"font-weight: 400;\">Pastoral Juvenil Diocesana, estamos hablando del matrimonio Rodr\u00edguez Jim\u00e9nez, de\u00a0<\/span><span style=\"font-weight: 400;\">Ernesto y \u00c1ngela, ellos con gran disponibilidad nos compartieron sus pasos por la <\/span><span style=\"font-weight: 400;\">pastoral juvenil, m\u00e1s tambi\u00e9n su experiencia como matrimonio joven que enfrenta la\u00a0<\/span><span style=\"font-weight: 400;\">realidad del mundo actual y conjugan fe, familia, trabajo y amigos. Fue un momento\u00a0<\/span><span style=\"font-weight: 400;\">conmovedor ver c\u00f3mo los j\u00f3venes atend\u00edan esta historia que los interpelaba en lo\u00a0<\/span><span style=\"font-weight: 400;\">inmediato, ya ellos en un tiempo m\u00e1s se van a ver enfrentados a estas preguntas y a estos\u00a0<\/span><span style=\"font-weight: 400;\">desaf\u00edos laborales y vocacionales.\u00a0<\/span><span style=\"font-weight: 400;\">Este momento tambi\u00e9n fue acompa\u00f1ado por nuestro Obispo Diocesano, Monse\u00f1or\u00a0<\/span><span style=\"font-weight: 400;\">Tomislav Koljatic, quien tom\u00f3 la palabra luego del testimonio vocacional de nuestros amigos\u00a0<\/span><span style=\"font-weight: 400;\">\u00c1ngela y Ernesto, Monse\u00f1or quiso dialogar con los j\u00f3venes un tema muy interesante,\u00a0<\/span><span style=\"font-weight: 400;\">como lo es la felicidad, el di\u00e1logo dio mucho fruto y mucho que pensar, con un poco de\u00a0<\/span><span style=\"font-weight: 400;\">timidez los j\u00f3venes empezaron a compartir su parecer y forma de ver la vida hoy. La\u00a0<\/span><span style=\"font-weight: 400;\">reflexi\u00f3n se extendi\u00f3 por lo menos en unos 30 minutos, lo que fueron la previa a la\u00a0<\/span><span style=\"font-weight: 400;\">Eucarist\u00eda. El momento de la Eucarist\u00eda estuvo cargada de la sensaci\u00f3n de cerrar un fin de\u00a0<\/span><span style=\"font-weight: 400;\">semana llena de trabajo, encuentro, di\u00e1logo y compartir fraterno con los hermanos y en la\u00a0<\/span><span style=\"font-weight: 400;\">Eucarist\u00eda de la mano del Se\u00f1or nos despedimos agradeciendo por la buena voluntad y el\u00a0<\/span><span style=\"font-weight: 400;\">deseo de tantos j\u00f3venes que quieren seguir al Se\u00f1or.<\/span><\/p>\n<p>&nbsp;<\/p>\n\n\t\t<style type=\"text\/css\">\n\t\t\t#gallery-1 {\n\t\t\t\tmargin: auto;\n\t\t\t}\n\t\t\t#gallery-1 .gallery-item {\n\t\t\t\tfloat: left;\n\t\t\t\tmargin-top: 10px;\n\t\t\t\ttext-align: center;\n\t\t\t\twidth: 33%;\n\t\t\t}\n\t\t\t#gallery-1 img {\n\t\t\t\tborder: 2px solid #cfcfcf;\n\t\t\t}\n\t\t\t#gallery-1 .gallery-caption {\n\t\t\t\tmargin-left: 0;\n\t\t\t}\n\t\t\t\/* see gallery_shortcode() in wp-includes\/media.php *\/\n\t\t<\/style>\n\t\t<div id='gallery-1' class='gallery galleryid-19022 gallery-columns-3 gallery-size-large'><dl class='gallery-item'>\n\t\t\t<dt class='gallery-icon landscape'>\n\t\t\t\t<a href='https:\/\/obispadodelinares.cl\/ol\/wp-content\/uploads\/2024\/09\/20240901_125205-scaled.jpg'><img fetchpriority=\"high\" decoding=\"async\" width=\"1024\" height=\"768\" src=\"https:\/\/obispadodelinares.cl\/ol\/wp-content\/uploads\/2024\/09\/20240901_125205-1024x768.jpg\" class=\"attachment-large size-large\" alt=\"\" srcset=\"https:\/\/obispadodelinares.cl\/ol\/wp-content\/uploads\/2024\/09\/20240901_125205-1024x768.jpg 1024w, https:\/\/obispadodelinares.cl\/ol\/wp-content\/uploads\/2024\/09\/20240901_125205-300x225.jpg 300w, https:\/\/obispadodelinares.cl\/ol\/wp-content\/uploads\/2024\/09\/20240901_125205-768x576.jpg 768w, https:\/\/obispadodelinares.cl\/ol\/wp-content\/uploads\/2024\/09\/20240901_125205-1536x1152.jpg 1536w, https:\/\/obispadodelinares.cl\/ol\/wp-content\/uploads\/2024\/09\/20240901_125205-2048x1536.jpg 2048w\" sizes=\"(max-width: 1024px) 100vw, 1024px\" \/><\/a>\n\t\t\t<\/dt><\/dl><dl class='gallery-item'>\n\t\t\t<dt class='gallery-icon landscape'>\n\t\t\t\t<a href='https:\/\/obispadodelinares.cl\/ol\/wp-content\/uploads\/2024\/09\/20240901_120755-scaled.jpg'><img decoding=\"async\" width=\"1024\" height=\"768\" data-src=\"https:\/\/obispadodelinares.cl\/ol\/wp-content\/uploads\/2024\/09\/20240901_120755-1024x768.jpg\" class=\"attachment-large size-large lazyload\" alt=\"\" data-srcset=\"https:\/\/obispadodelinares.cl\/ol\/wp-content\/uploads\/2024\/09\/20240901_120755-1024x768.jpg 1024w, https:\/\/obispadodelinares.cl\/ol\/wp-content\/uploads\/2024\/09\/20240901_120755-300x225.jpg 300w, https:\/\/obispadodelinares.cl\/ol\/wp-content\/uploads\/2024\/09\/20240901_120755-768x576.jpg 768w, https:\/\/obispadodelinares.cl\/ol\/wp-content\/uploads\/2024\/09\/20240901_120755-1536x1152.jpg 1536w, https:\/\/obispadodelinares.cl\/ol\/wp-content\/uploads\/2024\/09\/20240901_120755-2048x1536.jpg 2048w\" data-sizes=\"(max-width: 1024px) 100vw, 1024px\" src=\"data:image\/svg+xml;base64,PHN2ZyB3aWR0aD0iMSIgaGVpZ2h0PSIxIiB4bWxucz0iaHR0cDovL3d3dy53My5vcmcvMjAwMC9zdmciPjwvc3ZnPg==\" style=\"--smush-placeholder-width: 1024px; --smush-placeholder-aspect-ratio: 1024\/768;\" \/><\/a>\n\t\t\t<\/dt><\/dl><dl class='gallery-item'>\n\t\t\t<dt class='gallery-icon landscape'>\n\t\t\t\t<a href='https:\/\/obispadodelinares.cl\/ol\/wp-content\/uploads\/2024\/09\/20240901_120540-scaled.jpg'><img decoding=\"async\" width=\"1024\" height=\"768\" data-src=\"https:\/\/obispadodelinares.cl\/ol\/wp-content\/uploads\/2024\/09\/20240901_120540-1024x768.jpg\" class=\"attachment-large size-large lazyload\" alt=\"\" data-srcset=\"https:\/\/obispadodelinares.cl\/ol\/wp-content\/uploads\/2024\/09\/20240901_120540-1024x768.jpg 1024w, https:\/\/obispadodelinares.cl\/ol\/wp-content\/uploads\/2024\/09\/20240901_120540-300x225.jpg 300w, https:\/\/obispadodelinares.cl\/ol\/wp-content\/uploads\/2024\/09\/20240901_120540-768x576.jpg 768w, https:\/\/obispadodelinares.cl\/ol\/wp-content\/uploads\/2024\/09\/20240901_120540-1536x1152.jpg 1536w, https:\/\/obispadodelinares.cl\/ol\/wp-content\/uploads\/2024\/09\/20240901_120540-2048x1536.jpg 2048w\" data-sizes=\"(max-width: 1024px) 100vw, 1024px\" src=\"data:image\/svg+xml;base64,PHN2ZyB3aWR0aD0iMSIgaGVpZ2h0PSIxIiB4bWxucz0iaHR0cDovL3d3dy53My5vcmcvMjAwMC9zdmciPjwvc3ZnPg==\" style=\"--smush-placeholder-width: 1024px; --smush-placeholder-aspect-ratio: 1024\/768;\" \/><\/a>\n\t\t\t<\/dt><\/dl><br style=\"clear: both\" \/><dl class='gallery-item'>\n\t\t\t<dt class='gallery-icon landscape'>\n\t\t\t\t<a href='https:\/\/obispadodelinares.cl\/ol\/wp-content\/uploads\/2024\/09\/20240831_151253-scaled.jpg'><img decoding=\"async\" width=\"1024\" height=\"768\" data-src=\"https:\/\/obispadodelinares.cl\/ol\/wp-content\/uploads\/2024\/09\/20240831_151253-1024x768.jpg\" class=\"attachment-large size-large lazyload\" alt=\"\" data-srcset=\"https:\/\/obispadodelinares.cl\/ol\/wp-content\/uploads\/2024\/09\/20240831_151253-1024x768.jpg 1024w, https:\/\/obispadodelinares.cl\/ol\/wp-content\/uploads\/2024\/09\/20240831_151253-300x225.jpg 300w, https:\/\/obispadodelinares.cl\/ol\/wp-content\/uploads\/2024\/09\/20240831_151253-768x576.jpg 768w, https:\/\/obispadodelinares.cl\/ol\/wp-content\/uploads\/2024\/09\/20240831_151253-1536x1152.jpg 1536w, https:\/\/obispadodelinares.cl\/ol\/wp-content\/uploads\/2024\/09\/20240831_151253-2048x1536.jpg 2048w\" data-sizes=\"(max-width: 1024px) 100vw, 1024px\" src=\"data:image\/svg+xml;base64,PHN2ZyB3aWR0aD0iMSIgaGVpZ2h0PSIxIiB4bWxucz0iaHR0cDovL3d3dy53My5vcmcvMjAwMC9zdmciPjwvc3ZnPg==\" style=\"--smush-placeholder-width: 1024px; --smush-placeholder-aspect-ratio: 1024\/768;\" \/><\/a>\n\t\t\t<\/dt><\/dl><dl class='gallery-item'>\n\t\t\t<dt class='gallery-icon landscape'>\n\t\t\t\t<a href='https:\/\/obispadodelinares.cl\/ol\/wp-content\/uploads\/2024\/09\/pj-linares-1-1.jpg'><img decoding=\"async\" width=\"1024\" height=\"768\" data-src=\"https:\/\/obispadodelinares.cl\/ol\/wp-content\/uploads\/2024\/09\/pj-linares-1-1-1024x768.jpg\" class=\"attachment-large size-large lazyload\" alt=\"\" data-srcset=\"https:\/\/obispadodelinares.cl\/ol\/wp-content\/uploads\/2024\/09\/pj-linares-1-1-1024x768.jpg 1024w, https:\/\/obispadodelinares.cl\/ol\/wp-content\/uploads\/2024\/09\/pj-linares-1-1-300x225.jpg 300w, https:\/\/obispadodelinares.cl\/ol\/wp-content\/uploads\/2024\/09\/pj-linares-1-1-768x576.jpg 768w, https:\/\/obispadodelinares.cl\/ol\/wp-content\/uploads\/2024\/09\/pj-linares-1-1-1536x1152.jpg 1536w, https:\/\/obispadodelinares.cl\/ol\/wp-content\/uploads\/2024\/09\/pj-linares-1-1.jpg 2000w\" data-sizes=\"(max-width: 1024px) 100vw, 1024px\" src=\"data:image\/svg+xml;base64,PHN2ZyB3aWR0aD0iMSIgaGVpZ2h0PSIxIiB4bWxucz0iaHR0cDovL3d3dy53My5vcmcvMjAwMC9zdmciPjwvc3ZnPg==\" style=\"--smush-placeholder-width: 1024px; --smush-placeholder-aspect-ratio: 1024\/768;\" \/><\/a>\n\t\t\t<\/dt><\/dl>\n\t\t\t<br style='clear: both' \/>\n\t\t<\/div>\n\n","protected":false},"excerpt":{"rendered":"<p>Durante los d\u00edas, 30, 31 de agosto y 1\u00b0 de septiembre, j\u00f3venes l\u00edderes de sus comunidades y asesores o catequistas de confirmaci\u00f3n, estuvieron form\u00e1ndose para seguir acompa\u00f1ando a los j\u00f3venes en la labor propia de la Pastoral Juvenil. El anuncio joven que cada d\u00eda tiene caracter\u00edsticas especiales, comprendiendo la amplia diversidad de factores que inciden [&hellip;]<\/p>\n","protected":false},"author":1,"featured_media":19027,"comment_status":"closed","ping_status":"closed","sticky":false,"template":"","format":"standard","meta":{"h5ap_radio_sources":[],"footnotes":""},"categories":[468,50],"tags":[28,24],"class_list":["post-19022","post","type-post","status-publish","format-standard","has-post-thumbnail","hentry","category-468","category-pastoral-juvenil","tag-formacion","tag-pastoral-juvenil"],"_links":{"self":[{"href":"https:\/\/obispadodelinares.cl\/ol\/index.php?rest_route=\/wp\/v2\/posts\/19022","targetHints":{"allow":["GET"]}}],"collection":[{"href":"https:\/\/obispadodelinares.cl\/ol\/index.php?rest_route=\/wp\/v2\/posts"}],"about":[{"href":"https:\/\/obispadodelinares.cl\/ol\/index.php?rest_route=\/wp\/v2\/types\/post"}],"author":[{"embeddable":true,"href":"https:\/\/obispadodelinares.cl\/ol\/index.php?rest_route=\/wp\/v2\/users\/1"}],"replies":[{"embeddable":true,"href":"https:\/\/obispadodelinares.cl\/ol\/index.php?rest_route=%2Fwp%2Fv2%2Fcomments&post=19022"}],"version-history":[{"count":0,"href":"https:\/\/obispadodelinares.cl\/ol\/index.php?rest_route=\/wp\/v2\/posts\/19022\/revisions"}],"wp:featuredmedia":[{"embeddable":true,"href":"https:\/\/obispadodelinares.cl\/ol\/index.php?rest_route=\/wp\/v2\/media\/19027"}],"wp:attachment":[{"href":"https:\/\/obispadodelinares.cl\/ol\/index.php?rest_route=%2Fwp%2Fv2%2Fmedia&parent=19022"}],"wp:term":[{"taxonomy":"category","embeddable":true,"href":"https:\/\/obispadodelinares.cl\/ol\/index.php?rest_route=%2Fwp%2Fv2%2Fcategories&post=19022"},{"taxonomy":"post_tag","embeddable":true,"href":"https:\/\/obispadodelinares.cl\/ol\/index.php?rest_route=%2Fwp%2Fv2%2Ftags&post=19022"}],"curies":[{"name":"wp","href":"https:\/\/api.w.org\/{rel}","templated":true}]}}